{"id":171584,"date":"2017-12-29T15:06:29","date_gmt":"2017-12-29T15:06:29","guid":{"rendered":"http:\/\/diariodominicano.ddns.net\/?p=171584"},"modified":"2017-12-29T15:06:29","modified_gmt":"2017-12-29T15:06:29","slug":"modesto-guzman-fallo-del-tse-que-anula-asamblea-reformista-es-un-palo-de-gallera","status":"publish","type":"post","link":"https:\/\/diariodominicano.com\/?p=171584","title":{"rendered":"Modesto Guzm\u00e1n: fallo del TSE que anula asamblea reformista es \u00abun palo de gallera\u00bb&#13;"},"content":{"rendered":"<p><body><\/p>\n<p><img decoding=\"async\" src=\"img3\/MODESTO GUZMAN.jpg\" \/>  <\/p>\n<p><span class=\"text1noticias\"> <\/span><\/p>\n<\/p>\n<p><span class=\"text1noticias\">Santo Domingo, RD, 29 de diciembre, &#8211; El dirigente reformista Modesto Guzm\u00e1n calific\u00f3  como \u00abun palo de gallera\u00bb la sentencia del Tribunal Superior Electoral (TSE) que declar\u00f3 nula la Asamblea Nacional Ordinaria celebrada por el Partido Reformista Social Cristiano (PRSC) el domingo 17 de septiembre de 2017.<\/span><\/p>\n<\/p>\n<p><span class=\"text1noticias\"> <\/span><\/p>\n<\/p>\n<p><span class=\"text1noticias\">El fallo del TSE que lleva el n\u00famero 029-2017, juicio de Guzm\u00e1n, \u00abes un fallo que debe ser analizado antes de tomar acciones y as\u00ed evitar caer en errores de primeras impresiones\u00bb.<\/span><\/p>\n<\/p>\n<p><span class=\"text1noticias\"> <\/span><\/p>\n<\/p>\n<p><span class=\"text1noticias\">Plante\u00f3 que las medidas que tomen las partes apartir de este fallo podr\u00eda definir el futuro del PRSC. \u00abA mi me preocupa es la preservaci\u00f3n del legado pol\u00edtico del presidente Joaqu\u00edn Balaguer, es lo que est\u00e1 en juego\u00bb.<\/span><\/p>\n<\/p>\n<p><span class=\"text1noticias\"> <\/span><\/p>\n<\/p>\n<p><span class=\"text1noticias\">Se recuerda que el 17 de septiembre se realizaron dos asambleas paralelas, una <\/span>de las cuales estuvo encabezada por Federico (Quique) Ant\u00fan Batlle sobre la cual a\u00fan pesa un fallo pendiente sobre la validez de la misma.<\/p>\n<h6> 2017-12-29 15:06:29 <\/h6>\n<p><!--\n<link rel=\"stylesheet\" href=\"css\/bootstrap.min.css\">\n\n\n<ul class=\"pagination\">\n\t    \n\t\n\n<li >\n\t<a href='?page_no=6875'>Previous<\/a>\n\t<\/li>\n\n\n       \n    \n\n<li><a href='?page_no=1'>1<\/a><\/li>\n\n\n\n<li><a href='?page_no=2'>2<\/a><\/li>\n\n\n\n<li><a>...<\/a><\/li>\n\n\n\n<li><a href='?page_no=6874'>6874<\/a><\/li>\n\n\n\n<li><a href='?page_no=6875'>6875<\/a><\/li>\n\n\n\n<li class='active'><a>6876<\/a><\/li>\n\n\n\n<li><a href='?page_no=6877'>6877<\/a><\/li>\n\n\n\n<li><a href='?page_no=6878'>6878<\/a><\/li>\n\n\n\n<li><a>...<\/a><\/li>\n\n\n\n<li><a href='?page_no=36999'>36999<\/a><\/li>\n\n\n\n<li><a href='?page_no=37000'>37000<\/a><\/li>\n\n    \n\t\n\n<li >\n\t<a href='?page_no=6877'>Next<\/a>\n\t<\/li>\n\n\n    \n\n<li><a href='?page_no=37000'>Last &rsaquo;&rsaquo;<\/a><\/li>\n\n<\/ul>\n\n\n--><br \/>\n<\/body><\/p>\n","protected":false},"excerpt":{"rendered":"<p>Santo Domingo, RD, 29 de diciembre, &#8211; El dirigente reformista Modesto Guzm\u00e1n calific\u00f3 como \u00abun palo de gallera\u00bb la sentencia del Tribunal Superior Electoral (TSE) que declar\u00f3 nula la Asamblea Nacional Ordinaria celebrada por el Partido Reformista Social Cristiano (PRSC) el domingo 17 de septiembre de 2017. El fallo del TSE que lleva el n\u00famero [&hellip;]<\/p>\n","protected":false},"author":3,"featured_media":0,"comment_status":"open","ping_status":"open","sticky":false,"template":"","format":"standard","meta":{"footnotes":""},"categories":[22],"tags":[],"class_list":["post-171584","post","type-post","status-publish","format-standard","hentry","category-politica"],"_links":{"self":[{"href":"https:\/\/diariodominicano.com\/index.php?rest_route=\/wp\/v2\/posts\/171584","targetHints":{"allow":["GET"]}}],"collection":[{"href":"https:\/\/diariodominicano.com\/index.php?rest_route=\/wp\/v2\/posts"}],"about":[{"href":"https:\/\/diariodominicano.com\/index.php?rest_route=\/wp\/v2\/types\/post"}],"author":[{"embeddable":true,"href":"https:\/\/diariodominicano.com\/index.php?rest_route=\/wp\/v2\/users\/3"}],"replies":[{"embeddable":true,"href":"https:\/\/diariodominicano.com\/index.php?rest_route=%2Fwp%2Fv2%2Fcomments&post=171584"}],"version-history":[{"count":0,"href":"https:\/\/diariodominicano.com\/index.php?rest_route=\/wp\/v2\/posts\/171584\/revisions"}],"wp:attachment":[{"href":"https:\/\/diariodominicano.com\/index.php?rest_route=%2Fwp%2Fv2%2Fmedia&parent=171584"}],"wp:term":[{"taxonomy":"category","embeddable":true,"href":"https:\/\/diariodominicano.com\/index.php?rest_route=%2Fwp%2Fv2%2Fcategories&post=171584"},{"taxonomy":"post_tag","embeddable":true,"href":"https:\/\/diariodominicano.com\/index.php?rest_route=%2Fwp%2Fv2%2Ftags&post=171584"}],"curies":[{"name":"wp","href":"https:\/\/api.w.org\/{rel}","templated":true}]}}