{"id":171583,"date":"2017-12-30T16:05:15","date_gmt":"2017-12-30T16:05:15","guid":{"rendered":"http:\/\/diariodominicano.ddns.net\/?p=171583"},"modified":"2017-12-30T16:05:15","modified_gmt":"2017-12-30T16:05:15","slug":"alianza-pais-celebra-su-fiesta-de-fin-de-ano","status":"publish","type":"post","link":"https:\/\/diariodominicano.com\/?p=171583","title":{"rendered":"Alianza Pa\u00eds celebra su fiesta de fin de a\u00f1o"},"content":{"rendered":"<p><body><\/p>\n<p><img decoding=\"async\" src=\"img3\/IMG_0870.JPG\" \/><br \/><img decoding=\"async\" src=\"img3\/IMG_0871.JPG\" \/><br \/><img decoding=\"async\" src=\"img3\/IMG_0872.JPG\" \/>  <\/p>\n<\/p>\n<p>Por Freddy P. Galarza<\/p>\n<\/p>\n<p>New York, 30 de diciembre, &#8211; La seccional del Partido Alianza Pa\u00eds celebr\u00f3 su fiesta de fin de a\u00f1o dedicada a la militancia y simpatizantes de esa entidad pol\u00edtica .<\/p>\n<\/p>\n<p>El encuentro festivo tuvo lugar en uno de los salones de la iglesia Ft. George, en el Alto Manhattan, donde fue resaltado el trabajo realizado por los coordinadores y militantes de los distintos condados de esta ciudad .<\/p>\n<\/p>\n<p>En el evento de fin de a\u00f1o estuvieron presentes activistas comunitarios y de los partidos Patria Para todos (as), Frente Febrerista, Opci\u00f3n Democr\u00e1tica y Fuerza de la Revoluci\u00f3n . <\/p>\n<\/p>\n<p>De su parte, el profesor Juan Villar, coordinador de Alianza Pa\u00eds en Nueva York, sostuvo que al despedir el a\u00f1o 2017, los aliancistas enfilar\u00e1n sus ca\u00f1ones en la lucha contra los actos de corrupci\u00f3n, impunidad, la delincuencia y por un mejor porvenir lleno de esperanza para los dominicanos (as) .<\/p>\n<\/p>\n<p>Enfatiz\u00f3 que Alianza Pa\u00eds cada d\u00eda se fortalece porque su lucha est\u00e1 ligada a los sectores m\u00e1s empoblecidos del pa\u00eds que desean un cambio de rumbo en la direcci\u00f3n del estado .<\/p>\n<\/p>\n<p>Villar, exhort\u00f3 a los dominicanos de la di\u00e1spora a que se unan a las protestas de marcha verde contra los males sociales que agobian al pueblo dominicano que se reinician el pr\u00f3ximo 22 de Enero . <\/p>\n<h6> 2017-12-30 16:05:15 <\/h6>\n<p><!--\n<link rel=\"stylesheet\" href=\"css\/bootstrap.min.css\">\n\n\n<ul class=\"pagination\">\n\t    \n\t\n\n<li >\n\t<a href='?page_no=6874'>Previous<\/a>\n\t<\/li>\n\n\n       \n    \n\n<li><a href='?page_no=1'>1<\/a><\/li>\n\n\n\n<li><a href='?page_no=2'>2<\/a><\/li>\n\n\n\n<li><a>...<\/a><\/li>\n\n\n\n<li><a href='?page_no=6873'>6873<\/a><\/li>\n\n\n\n<li><a href='?page_no=6874'>6874<\/a><\/li>\n\n\n\n<li class='active'><a>6875<\/a><\/li>\n\n\n\n<li><a href='?page_no=6876'>6876<\/a><\/li>\n\n\n\n<li><a href='?page_no=6877'>6877<\/a><\/li>\n\n\n\n<li><a>...<\/a><\/li>\n\n\n\n<li><a href='?page_no=36999'>36999<\/a><\/li>\n\n\n\n<li><a href='?page_no=37000'>37000<\/a><\/li>\n\n    \n\t\n\n<li >\n\t<a href='?page_no=6876'>Next<\/a>\n\t<\/li>\n\n\n    \n\n<li><a href='?page_no=37000'>Last &rsaquo;&rsaquo;<\/a><\/li>\n\n<\/ul>\n\n\n--><br \/>\n<\/body><\/p>\n","protected":false},"excerpt":{"rendered":"<p>Por Freddy P. Galarza New York, 30 de diciembre, &#8211; La seccional del Partido Alianza Pa\u00eds celebr\u00f3 su fiesta de fin de a\u00f1o dedicada a la militancia y simpatizantes de esa entidad pol\u00edtica . El encuentro festivo tuvo lugar en uno de los salones de la iglesia Ft. George, en el Alto Manhattan, donde fue [&hellip;]<\/p>\n","protected":false},"author":3,"featured_media":0,"comment_status":"open","ping_status":"open","sticky":false,"template":"","format":"standard","meta":{"footnotes":""},"categories":[22],"tags":[],"class_list":["post-171583","post","type-post","status-publish","format-standard","hentry","category-politica"],"_links":{"self":[{"href":"https:\/\/diariodominicano.com\/index.php?rest_route=\/wp\/v2\/posts\/171583","targetHints":{"allow":["GET"]}}],"collection":[{"href":"https:\/\/diariodominicano.com\/index.php?rest_route=\/wp\/v2\/posts"}],"about":[{"href":"https:\/\/diariodominicano.com\/index.php?rest_route=\/wp\/v2\/types\/post"}],"author":[{"embeddable":true,"href":"https:\/\/diariodominicano.com\/index.php?rest_route=\/wp\/v2\/users\/3"}],"replies":[{"embeddable":true,"href":"https:\/\/diariodominicano.com\/index.php?rest_route=%2Fwp%2Fv2%2Fcomments&post=171583"}],"version-history":[{"count":0,"href":"https:\/\/diariodominicano.com\/index.php?rest_route=\/wp\/v2\/posts\/171583\/revisions"}],"wp:attachment":[{"href":"https:\/\/diariodominicano.com\/index.php?rest_route=%2Fwp%2Fv2%2Fmedia&parent=171583"}],"wp:term":[{"taxonomy":"category","embeddable":true,"href":"https:\/\/diariodominicano.com\/index.php?rest_route=%2Fwp%2Fv2%2Fcategories&post=171583"},{"taxonomy":"post_tag","embeddable":true,"href":"https:\/\/diariodominicano.com\/index.php?rest_route=%2Fwp%2Fv2%2Ftags&post=171583"}],"curies":[{"name":"wp","href":"https:\/\/api.w.org\/{rel}","templated":true}]}}