{"id":171582,"date":"2017-12-31T11:25:11","date_gmt":"2017-12-31T11:25:11","guid":{"rendered":"http:\/\/diariodominicano.ddns.net\/?p=171582"},"modified":"2017-12-31T11:25:11","modified_gmt":"2017-12-31T11:25:11","slug":"leonel-siempre-velare-por-el-progreso-y-bienestar-de-republica-dominicana","status":"publish","type":"post","link":"https:\/\/diariodominicano.com\/?p=171582","title":{"rendered":"Leonel: Siempre velar\u00e9 por el progreso y bienestar de Republica Dominicana"},"content":{"rendered":"<p><body><\/p>\n<p><img decoding=\"async\" src=\"img3\/leonel31.jpg\" \/><br \/><img decoding=\"async\" src=\"img3\/Leo.jpg\" \/>  <\/p>\n<p><strong><span class=\"text1noticias\">SANTO DOMINGO, R. D., 31 de diciembre, 2017.-<\/span> <\/strong><span class=\"text1noticias\">El presidente del Partido de la Liberaci\u00f3n Dominicana, Leonel Fern\u00e1ndez, reiter\u00f3 este d\u00eda su compromiso   de velar por  progreso, bienestar y futuro del pa\u00eds sin importar las circunstancias.<\/span><\/p>\n<p><span class=\"text1noticias\"> <\/span><\/p>\n<p><span class=\"text1noticias\">En  un breve mensaje en el dise\u00f1o de una tarjeta navide\u00f1a,  colocada en sus cuentas de redes sociales,  el presidente de la Rep\u00fablica  indica que la Rep\u00fablica Dominicana puede contar con su apoyo en todo escenario y bajo cualquier circunstancia.<\/span><\/p>\n<p><span class=\"text1noticias\"> <\/span><\/p>\n<p><span class=\"text1noticias\">\u00abEn todo escenario y bajo cualquier circunstancia, siempre velar\u00e9 por el progreso, el bienestar y el futuro de la Rep\u00fablica Dominicana\u00bb  escribi\u00f3 en un primer p\u00e1rrafo del escrito que lo concluye deseando  \u00abun venturoso a\u00f1o 2018\u00bb,  se destaca en un parte de prensa de la Secretar\u00eca de Comunicaciones del PLD. <\/span><\/p>\n<p><span class=\"text1noticias\"> <\/span><\/p>\n<p><span class=\"text1noticias\">El mensaje del presidente del PLD se insert\u00f3 despu\u00e9s de las ocho de la ma\u00f1ana de este dia 31 de diciembre  y antes del mediod\u00eda,  hab\u00eda sido multiplicado por miles de sus suscriptores en Facebooks, Twitter e Inst<\/span>gran  <\/p>\n<\/p>\n<p>En la \u00faltima quincena de diciembre Leonel Fern\u00e1ndez departi\u00f3 con la dirigencia del PLD, con los dirigentes de los partidos del Bloque Progresista y durante cuatro dias consecutivos encabez\u00f3 los tradicionales repartos de cajas con los articulos para una cena en diferentes regiones del paisa. La actividad social mas reciente se trat\u00f2 de un cocktail con comunicadores.<\/p>\n<\/p>\n<p>Fuente: Secretar\u00eda de Comunicaciones del PLD<\/p>\n<h6> 2017-12-31 11:25:11 <\/h6>\n<p><!--\n<link rel=\"stylesheet\" href=\"css\/bootstrap.min.css\">\n\n\n<ul class=\"pagination\">\n\t    \n\t\n\n<li >\n\t<a href='?page_no=6873'>Previous<\/a>\n\t<\/li>\n\n\n       \n    \n\n<li><a href='?page_no=1'>1<\/a><\/li>\n\n\n\n<li><a href='?page_no=2'>2<\/a><\/li>\n\n\n\n<li><a>...<\/a><\/li>\n\n\n\n<li><a href='?page_no=6872'>6872<\/a><\/li>\n\n\n\n<li><a href='?page_no=6873'>6873<\/a><\/li>\n\n\n\n<li class='active'><a>6874<\/a><\/li>\n\n\n\n<li><a href='?page_no=6875'>6875<\/a><\/li>\n\n\n\n<li><a href='?page_no=6876'>6876<\/a><\/li>\n\n\n\n<li><a>...<\/a><\/li>\n\n\n\n<li><a href='?page_no=36999'>36999<\/a><\/li>\n\n\n\n<li><a href='?page_no=37000'>37000<\/a><\/li>\n\n    \n\t\n\n<li >\n\t<a href='?page_no=6875'>Next<\/a>\n\t<\/li>\n\n\n    \n\n<li><a href='?page_no=37000'>Last &rsaquo;&rsaquo;<\/a><\/li>\n\n<\/ul>\n\n\n--><br \/>\n<\/body><\/p>\n","protected":false},"excerpt":{"rendered":"<p>SANTO DOMINGO, R. D., 31 de diciembre, 2017.- El presidente del Partido de la Liberaci\u00f3n Dominicana, Leonel Fern\u00e1ndez, reiter\u00f3 este d\u00eda su compromiso de velar por progreso, bienestar y futuro del pa\u00eds sin importar las circunstancias. En un breve mensaje en el dise\u00f1o de una tarjeta navide\u00f1a, colocada en sus cuentas de redes sociales, el [&hellip;]<\/p>\n","protected":false},"author":3,"featured_media":0,"comment_status":"open","ping_status":"open","sticky":false,"template":"","format":"standard","meta":{"footnotes":""},"categories":[22],"tags":[],"class_list":["post-171582","post","type-post","status-publish","format-standard","hentry","category-politica"],"_links":{"self":[{"href":"https:\/\/diariodominicano.com\/index.php?rest_route=\/wp\/v2\/posts\/171582","targetHints":{"allow":["GET"]}}],"collection":[{"href":"https:\/\/diariodominicano.com\/index.php?rest_route=\/wp\/v2\/posts"}],"about":[{"href":"https:\/\/diariodominicano.com\/index.php?rest_route=\/wp\/v2\/types\/post"}],"author":[{"embeddable":true,"href":"https:\/\/diariodominicano.com\/index.php?rest_route=\/wp\/v2\/users\/3"}],"replies":[{"embeddable":true,"href":"https:\/\/diariodominicano.com\/index.php?rest_route=%2Fwp%2Fv2%2Fcomments&post=171582"}],"version-history":[{"count":0,"href":"https:\/\/diariodominicano.com\/index.php?rest_route=\/wp\/v2\/posts\/171582\/revisions"}],"wp:attachment":[{"href":"https:\/\/diariodominicano.com\/index.php?rest_route=%2Fwp%2Fv2%2Fmedia&parent=171582"}],"wp:term":[{"taxonomy":"category","embeddable":true,"href":"https:\/\/diariodominicano.com\/index.php?rest_route=%2Fwp%2Fv2%2Fcategories&post=171582"},{"taxonomy":"post_tag","embeddable":true,"href":"https:\/\/diariodominicano.com\/index.php?rest_route=%2Fwp%2Fv2%2Ftags&post=171582"}],"curies":[{"name":"wp","href":"https:\/\/api.w.org\/{rel}","templated":true}]}}