{"id":171581,"date":"2017-12-31T19:45:46","date_gmt":"2017-12-31T19:45:46","guid":{"rendered":"http:\/\/diariodominicano.ddns.net\/?p=171581"},"modified":"2017-12-31T19:45:46","modified_gmt":"2017-12-31T19:45:46","slug":"ex-primera-dama-peruana-pide-a-pt-de-brasil-desmentir-a-odebrecht","status":"publish","type":"post","link":"https:\/\/diariodominicano.com\/?p=171581","title":{"rendered":"Ex primera dama peruana pide a PT de Brasil desmentir a Odebrecht"},"content":{"rendered":"<p><body><\/p>\n<p><strong>Lima, 31 ene (PL)<\/strong> La esposa del expresidente Ollanta Humala pidi\u00f3 hoy al Partido de los Trabajadores (PT) de Brasil que desmienta la versi\u00f3n de la empresa Odebrecht, de que esa organizaci\u00f3n le solicit\u00f3 financiar la campa\u00f1a electoral de Humala.<\/p>\n<\/p>\n<p>&#8216;Marcelo Odebreht (expresidente de la empresa) se\u00f1ala haber ordenado donar a pedido del PT-Brasil y eso nunca se dio. No solicitamos ning\u00fan apoyo econ\u00f3mico. Solicito a los representantes del PT deslindar con este se\u00f1alamiento&#8217;, manifest\u00f3 Nadine Heredia.<\/p>\n<\/p>\n<p>La ex primera dama est\u00e1 sometida, al igual que Humala, a prisi\u00f3n preventiva desde julio pasado, sin juicio, por una investigaci\u00f3n por posible lavado de activos por el uso de fondos que Odebrecht dice haberle entregado a pedido del PT, lo que la pareja niega.<\/p>\n<\/p>\n<p>El mensaje fue lanzado tras la divulgaci\u00f3n de declaraciones hechas por Odebrecht en noviembre pasado a fiscales peruanos, en las que se\u00f1ala que su empresa financi\u00f3 de un modo u otro a Humala y a los tambi\u00e9n expresidentes Alan Garc\u00eda y Alejandro Toledo.<\/p>\n<\/p>\n<p>El empresario brasile\u00f1o incluy\u00f3 en la lista a la dirigente neoliberal Keiko Fujimori y al actual presidente, el empresario y pol\u00edtico neoliberal Pedro Pablo Kuczynski.<\/p>\n<\/p>\n<p>Heredia tambi\u00e9n critica que se encuentre en la c\u00e1rcel desde hace m\u00e1s de cinco meses &#8216;mientras quienes s\u00ed recibieron coimas camufladas en servicios a empresas amigas, offshores o conferencias ni se les formaliza investigaci\u00f3n&#8217;, alusi\u00f3n a las modalidades del presunto financiamiento a Kuczynski.<\/p>\n<\/p>\n<p>Se\u00f1al\u00f3 que se debe investigar la corrupci\u00f3n entre quienes, a diferencia de Humala y su esposo, ejerc\u00edan cargos gubernamentales durante las campa\u00f1as electorales de 2006 y 2011.<\/p>\n<\/p>\n<p>acl\/mrs<\/p>\n<h6> 2017-12-31 19:45:46 <\/h6>\n<p><!--\n<link rel=\"stylesheet\" href=\"css\/bootstrap.min.css\">\n\n\n<ul class=\"pagination\">\n\t    \n\t\n\n<li >\n\t<a href='?page_no=6872'>Previous<\/a>\n\t<\/li>\n\n\n       \n    \n\n<li><a href='?page_no=1'>1<\/a><\/li>\n\n\n\n<li><a href='?page_no=2'>2<\/a><\/li>\n\n\n\n<li><a>...<\/a><\/li>\n\n\n\n<li><a href='?page_no=6871'>6871<\/a><\/li>\n\n\n\n<li><a href='?page_no=6872'>6872<\/a><\/li>\n\n\n\n<li class='active'><a>6873<\/a><\/li>\n\n\n\n<li><a href='?page_no=6874'>6874<\/a><\/li>\n\n\n\n<li><a href='?page_no=6875'>6875<\/a><\/li>\n\n\n\n<li><a>...<\/a><\/li>\n\n\n\n<li><a href='?page_no=36999'>36999<\/a><\/li>\n\n\n\n<li><a href='?page_no=37000'>37000<\/a><\/li>\n\n    \n\t\n\n<li >\n\t<a href='?page_no=6874'>Next<\/a>\n\t<\/li>\n\n\n    \n\n<li><a href='?page_no=37000'>Last &rsaquo;&rsaquo;<\/a><\/li>\n\n<\/ul>\n\n\n--><br \/>\n<\/body><\/p>\n","protected":false},"excerpt":{"rendered":"<p>Lima, 31 ene (PL) La esposa del expresidente Ollanta Humala pidi\u00f3 hoy al Partido de los Trabajadores (PT) de Brasil que desmienta la versi\u00f3n de la empresa Odebrecht, de que esa organizaci\u00f3n le solicit\u00f3 financiar la campa\u00f1a electoral de Humala. &#8216;Marcelo Odebreht (expresidente de la empresa) se\u00f1ala haber ordenado donar a pedido del PT-Brasil y [&hellip;]<\/p>\n","protected":false},"author":3,"featured_media":0,"comment_status":"open","ping_status":"open","sticky":false,"template":"","format":"standard","meta":{"footnotes":""},"categories":[22],"tags":[],"class_list":["post-171581","post","type-post","status-publish","format-standard","hentry","category-politica"],"_links":{"self":[{"href":"https:\/\/diariodominicano.com\/index.php?rest_route=\/wp\/v2\/posts\/171581","targetHints":{"allow":["GET"]}}],"collection":[{"href":"https:\/\/diariodominicano.com\/index.php?rest_route=\/wp\/v2\/posts"}],"about":[{"href":"https:\/\/diariodominicano.com\/index.php?rest_route=\/wp\/v2\/types\/post"}],"author":[{"embeddable":true,"href":"https:\/\/diariodominicano.com\/index.php?rest_route=\/wp\/v2\/users\/3"}],"replies":[{"embeddable":true,"href":"https:\/\/diariodominicano.com\/index.php?rest_route=%2Fwp%2Fv2%2Fcomments&post=171581"}],"version-history":[{"count":0,"href":"https:\/\/diariodominicano.com\/index.php?rest_route=\/wp\/v2\/posts\/171581\/revisions"}],"wp:attachment":[{"href":"https:\/\/diariodominicano.com\/index.php?rest_route=%2Fwp%2Fv2%2Fmedia&parent=171581"}],"wp:term":[{"taxonomy":"category","embeddable":true,"href":"https:\/\/diariodominicano.com\/index.php?rest_route=%2Fwp%2Fv2%2Fcategories&post=171581"},{"taxonomy":"post_tag","embeddable":true,"href":"https:\/\/diariodominicano.com\/index.php?rest_route=%2Fwp%2Fv2%2Ftags&post=171581"}],"curies":[{"name":"wp","href":"https:\/\/api.w.org\/{rel}","templated":true}]}}