{"id":171580,"date":"2018-01-01T08:47:24","date_gmt":"2018-01-01T08:47:24","guid":{"rendered":"http:\/\/diariodominicano.ddns.net\/?p=171580"},"modified":"2018-01-01T08:47:24","modified_gmt":"2018-01-01T08:47:24","slug":"recuerda-evo-morales-llegada-de-lula-da-silva-a-presidencia-de-brasil","status":"publish","type":"post","link":"https:\/\/diariodominicano.com\/?p=171580","title":{"rendered":"Recuerda Evo Morales llegada de Lula da Silva a presidencia de Brasil"},"content":{"rendered":"<p><body><\/p>\n<p><img decoding=\"async\" src=\"img3\/EVOMORALES.jpg\" \/>  <\/p>\n<p><strong>La Paz, 1 ene (PL) <\/strong>El presidente de Bolivia, Evo Morales, record\u00f3 hoy la llegada a la presidencia de Brasil de Luiz In\u00e1cio Lula da Silva, en 2003, y destac\u00f3 algunos de los logros del gigante sudamericano durante su administraci\u00f3n.<\/p>\n<\/p>\n<p>En este sentido, destac\u00f3 el proceso de reducci\u00f3n de la pobreza en Brasil, por el cual 28 millones de personas ascendieron a la clase media.<\/p>\n<\/p>\n<p>El mandatario boliviano afirm\u00f3 que Da Silva atraviesa actualmente una persecuci\u00f3n judicial y medi\u00e1tica, desatada por la derecha regional con el fin de desprestigiarlo ante la opini\u00f3n p\u00fablica y evitar que vuelvan a conducir procesos populares.<\/p>\n<\/p>\n<p>En su cuenta de la red social Twitter @evoespueblo, Morales manifest\u00f3 el apoyo de Bolivia al expresidente brasile\u00f1o, al que calific\u00f3 como un l\u00edder del pueblo.<\/p>\n<\/p>\n<p>mem\/vdf<\/p>\n<h6> 2018-01-01 08:47:24 <\/h6>\n<p><!--\n<link rel=\"stylesheet\" href=\"css\/bootstrap.min.css\">\n\n\n<ul class=\"pagination\">\n\t    \n\t\n\n<li >\n\t<a href='?page_no=6871'>Previous<\/a>\n\t<\/li>\n\n\n       \n    \n\n<li><a href='?page_no=1'>1<\/a><\/li>\n\n\n\n<li><a href='?page_no=2'>2<\/a><\/li>\n\n\n\n<li><a>...<\/a><\/li>\n\n\n\n<li><a href='?page_no=6870'>6870<\/a><\/li>\n\n\n\n<li><a href='?page_no=6871'>6871<\/a><\/li>\n\n\n\n<li class='active'><a>6872<\/a><\/li>\n\n\n\n<li><a href='?page_no=6873'>6873<\/a><\/li>\n\n\n\n<li><a href='?page_no=6874'>6874<\/a><\/li>\n\n\n\n<li><a>...<\/a><\/li>\n\n\n\n<li><a href='?page_no=36999'>36999<\/a><\/li>\n\n\n\n<li><a href='?page_no=37000'>37000<\/a><\/li>\n\n    \n\t\n\n<li >\n\t<a href='?page_no=6873'>Next<\/a>\n\t<\/li>\n\n\n    \n\n<li><a href='?page_no=37000'>Last &rsaquo;&rsaquo;<\/a><\/li>\n\n<\/ul>\n\n\n--><br \/>\n<\/body><\/p>\n","protected":false},"excerpt":{"rendered":"<p>La Paz, 1 ene (PL) El presidente de Bolivia, Evo Morales, record\u00f3 hoy la llegada a la presidencia de Brasil de Luiz In\u00e1cio Lula da Silva, en 2003, y destac\u00f3 algunos de los logros del gigante sudamericano durante su administraci\u00f3n. En este sentido, destac\u00f3 el proceso de reducci\u00f3n de la pobreza en Brasil, por el [&hellip;]<\/p>\n","protected":false},"author":3,"featured_media":0,"comment_status":"open","ping_status":"open","sticky":false,"template":"","format":"standard","meta":{"footnotes":""},"categories":[22],"tags":[],"class_list":["post-171580","post","type-post","status-publish","format-standard","hentry","category-politica"],"_links":{"self":[{"href":"https:\/\/diariodominicano.com\/index.php?rest_route=\/wp\/v2\/posts\/171580","targetHints":{"allow":["GET"]}}],"collection":[{"href":"https:\/\/diariodominicano.com\/index.php?rest_route=\/wp\/v2\/posts"}],"about":[{"href":"https:\/\/diariodominicano.com\/index.php?rest_route=\/wp\/v2\/types\/post"}],"author":[{"embeddable":true,"href":"https:\/\/diariodominicano.com\/index.php?rest_route=\/wp\/v2\/users\/3"}],"replies":[{"embeddable":true,"href":"https:\/\/diariodominicano.com\/index.php?rest_route=%2Fwp%2Fv2%2Fcomments&post=171580"}],"version-history":[{"count":0,"href":"https:\/\/diariodominicano.com\/index.php?rest_route=\/wp\/v2\/posts\/171580\/revisions"}],"wp:attachment":[{"href":"https:\/\/diariodominicano.com\/index.php?rest_route=%2Fwp%2Fv2%2Fmedia&parent=171580"}],"wp:term":[{"taxonomy":"category","embeddable":true,"href":"https:\/\/diariodominicano.com\/index.php?rest_route=%2Fwp%2Fv2%2Fcategories&post=171580"},{"taxonomy":"post_tag","embeddable":true,"href":"https:\/\/diariodominicano.com\/index.php?rest_route=%2Fwp%2Fv2%2Ftags&post=171580"}],"curies":[{"name":"wp","href":"https:\/\/api.w.org\/{rel}","templated":true}]}}