{"id":171578,"date":"2018-01-01T15:50:42","date_gmt":"2018-01-01T15:50:42","guid":{"rendered":"http:\/\/diariodominicano.ddns.net\/?p=171578"},"modified":"2018-01-01T15:50:42","modified_gmt":"2018-01-01T15:50:42","slug":"mpd-recordara-lider-estudiantil-berty-santos-asesinado-por-la-policia-en-1973","status":"publish","type":"post","link":"https:\/\/diariodominicano.com\/?p=171578","title":{"rendered":"MPD recordar\u00e1 l\u00edder estudiantil Berty Santos asesinado por la Polic\u00eda en 1973"},"content":{"rendered":"<p><body><\/p>\n<p><img decoding=\"async\" src=\"img3\/Berty1.jpg\" \/>  <\/p>\n<p><span class=\"text1noticias\">Cotu\u00ed, R.D., 1 de enero, 2017.-  El Movimiento Popular Dominicano (MPD) recordar\u00e1 con un acto a realizarse este mi\u00e9rcoles en este municipio, al dirigente estudiantil y militante de esa entidad de izquierda, Alejandro Alberty Fr\u00f3meta Santos, asesinado por una patrulla de la Polic\u00eda Nacional durante el Gobierno de los Doce A\u00f1os de Balaguer, cuando a penas contaba con 16 a\u00f1os de edad.<\/span><\/p>\n<p><span class=\"text1noticias\"> <\/span><\/p>\n<p><span class=\"text1noticias\">La informaci\u00f3n la ofreci\u00f3 Fernando Hern\u00e1ndez, vocero nacional del MPD, quien dijo que la actividad conmemorativa se realizar\u00e1 a las 10:00 de la ma\u00f1ana del mi\u00e9rcoles 3 de enero, ante la tumba del m\u00e1rtir revolucionario en el cementerio municipal de Cotu\u00ed, cuando se cumplen 45 a\u00f1os del asesinato de Fr\u00f3meta Santos, a quien sus compa\u00f1eros de lucha le llamaban Berti.<\/span><\/p>\n<p><span class=\"text1noticias\"> <\/span><\/p>\n<p><span class=\"text1noticias\">Indic\u00f3 que acto-ofrenda a Berty Santos es organizado por el MPD, el Falpo, la Federaci\u00f3n de Estudiantes Dominicanos (FED) y el Felabel, y que al mismo se dar\u00e1n cita su madre, Antonia Santos, estudiantes y compa\u00f1eros de lucha que sobrevivieron a la sangrienta \u00e9poca de los gobiernos de Balaguer, quienes a\u00f1o tras a\u00f1o acuden al camposanto a rendirle tributo.<\/span><\/p>\n<p><span class=\"text1noticias\"> <\/span><\/p>\n<p><span class=\"text1noticias\">Alejandro Alberty Fr\u00f3meta Santos. naci\u00f3 el d\u00eda 23 de abril de 1956, en lo que hoy es el municipio de Villa La Mata, provincia S\u00e1nchez Ram\u00edrez. Inici\u00f3 su militancia en el Frente Estudiantil Flavio Suero (FEFLAS), entidad que a\u00f1os despu\u00e9s se transform\u00f3 en el FELABEL, del cual lleg\u00f3 a ser dirigente en el Liceo Francisco Henr\u00edquez y Carvajal de Cotu\u00ed.  Luego asumi\u00f3 compromiso pol\u00edtico en el Movimiento Popular Dominicano (M.P.D.), organizaci\u00f3n de izquierda en que  alcanz\u00f3 categor\u00eda de militante.<\/span><\/p>\n<p><span class=\"text1noticias\"> <\/span><\/p>\n<p><span class=\"text1noticias\">\u00abComo miembro del MPD, Berti fue un militante firme, disciplinado y solidario, que nunca evadi\u00f3 su responsabilidad, pese a la represi\u00f3n del r\u00e9gimen de Balaguer y de que la Polic\u00eda hab\u00eda desatado una persecuci\u00f3n en su contra.  Estando en la clandestinidad, asumi\u00f3 la tarea de buscar colaboraci\u00f3n para la cena de Navidad de los presos pol\u00edticos, cuando el d\u00eda 22 de diciembre de 1972 fue sorprendido por una patrulla integrada por dos criminales de apellidos De La Rosa y De La Paz, que le dispar\u00f3 a quemarropa, resultado herido mortalmente\u00bb, manifest\u00f3 Fernando Hern\u00e1ndez.<\/span><\/p>\n<p><span class=\"text1noticias\"> <\/span><\/p>\n<p><span class=\"text1noticias\">Indico que Berty fue llevado al hospital San Vicente de Pa\u00fal de San Francisco de Macor\u00eds, donde fue operado de emergencia ya que las balas le salieron por el vientre y le hab\u00edan perforado los intestinos.<\/span><\/p>\n<p><span class=\"text1noticias\"> <\/span><\/p>\n<p><span class=\"text1noticias\">Cuenta su madre, Antonia Santos, que le acompa\u00f1aba en el hospital, que luego de la operaci\u00f3n Berty conversaba y parec\u00eda evolucionar bien, pero que miembros de la Polic\u00eda fueron al hospital y, mientras lo interrogaban, lo sometieron a torturas para arrancarle informaciones y que dijera la ubicaci\u00f3n de sus compa\u00f1eros, lo que oblig\u00f3 a una nueva cirug\u00eda a la que no sobrevivi\u00f3, falleciendo doce d\u00edas despu\u00e9s, el 3 de enero de 1973.<\/span><\/p>\n<p><span class=\"text1noticias\"> <\/span><\/p>\n<p><span class=\"text1noticias\">1ro. de enero de 2018.<\/span><\/p>\n<p><span class=\"text1noticias\"> <\/span><\/p>\n<p><span class=\"text1noticias\">Fernando Hern\u00e1ndez,<\/span><\/p>\n<p><span class=\"text1noticias\"> <\/span><\/p>\n<p><span class=\"text1noticias\">Vocero nacion<\/span>al del MPD<\/p>\n<h6> 2018-01-01 15:50:42 <\/h6>\n<p><!--\n<link rel=\"stylesheet\" href=\"css\/bootstrap.min.css\">\n\n\n<ul class=\"pagination\">\n\t    \n\t\n\n<li >\n\t<a href='?page_no=6869'>Previous<\/a>\n\t<\/li>\n\n\n       \n    \n\n<li><a href='?page_no=1'>1<\/a><\/li>\n\n\n\n<li><a href='?page_no=2'>2<\/a><\/li>\n\n\n\n<li><a>...<\/a><\/li>\n\n\n\n<li><a href='?page_no=6868'>6868<\/a><\/li>\n\n\n\n<li><a href='?page_no=6869'>6869<\/a><\/li>\n\n\n\n<li class='active'><a>6870<\/a><\/li>\n\n\n\n<li><a href='?page_no=6871'>6871<\/a><\/li>\n\n\n\n<li><a href='?page_no=6872'>6872<\/a><\/li>\n\n\n\n<li><a>...<\/a><\/li>\n\n\n\n<li><a href='?page_no=36999'>36999<\/a><\/li>\n\n\n\n<li><a href='?page_no=37000'>37000<\/a><\/li>\n\n    \n\t\n\n<li >\n\t<a href='?page_no=6871'>Next<\/a>\n\t<\/li>\n\n\n    \n\n<li><a href='?page_no=37000'>Last &rsaquo;&rsaquo;<\/a><\/li>\n\n<\/ul>\n\n\n--><br \/>\n<\/body><\/p>\n","protected":false},"excerpt":{"rendered":"<p>Cotu\u00ed, R.D., 1 de enero, 2017.- El Movimiento Popular Dominicano (MPD) recordar\u00e1 con un acto a realizarse este mi\u00e9rcoles en este municipio, al dirigente estudiantil y militante de esa entidad de izquierda, Alejandro Alberty Fr\u00f3meta Santos, asesinado por una patrulla de la Polic\u00eda Nacional durante el Gobierno de los Doce A\u00f1os de Balaguer, cuando a [&hellip;]<\/p>\n","protected":false},"author":3,"featured_media":0,"comment_status":"open","ping_status":"open","sticky":false,"template":"","format":"standard","meta":{"footnotes":""},"categories":[22],"tags":[],"class_list":["post-171578","post","type-post","status-publish","format-standard","hentry","category-politica"],"_links":{"self":[{"href":"https:\/\/diariodominicano.com\/index.php?rest_route=\/wp\/v2\/posts\/171578","targetHints":{"allow":["GET"]}}],"collection":[{"href":"https:\/\/diariodominicano.com\/index.php?rest_route=\/wp\/v2\/posts"}],"about":[{"href":"https:\/\/diariodominicano.com\/index.php?rest_route=\/wp\/v2\/types\/post"}],"author":[{"embeddable":true,"href":"https:\/\/diariodominicano.com\/index.php?rest_route=\/wp\/v2\/users\/3"}],"replies":[{"embeddable":true,"href":"https:\/\/diariodominicano.com\/index.php?rest_route=%2Fwp%2Fv2%2Fcomments&post=171578"}],"version-history":[{"count":0,"href":"https:\/\/diariodominicano.com\/index.php?rest_route=\/wp\/v2\/posts\/171578\/revisions"}],"wp:attachment":[{"href":"https:\/\/diariodominicano.com\/index.php?rest_route=%2Fwp%2Fv2%2Fmedia&parent=171578"}],"wp:term":[{"taxonomy":"category","embeddable":true,"href":"https:\/\/diariodominicano.com\/index.php?rest_route=%2Fwp%2Fv2%2Fcategories&post=171578"},{"taxonomy":"post_tag","embeddable":true,"href":"https:\/\/diariodominicano.com\/index.php?rest_route=%2Fwp%2Fv2%2Ftags&post=171578"}],"curies":[{"name":"wp","href":"https:\/\/api.w.org\/{rel}","templated":true}]}}