{"id":171576,"date":"2018-01-02T10:49:41","date_gmt":"2018-01-02T10:49:41","guid":{"rendered":"http:\/\/diariodominicano.ddns.net\/?p=171576"},"modified":"2018-01-02T10:49:41","modified_gmt":"2018-01-02T10:49:41","slug":"dirigentes-del-prm-se-inscriben-para-optar-por-candidaturas-nacionales","status":"publish","type":"post","link":"https:\/\/diariodominicano.com\/?p=171576","title":{"rendered":"Dirigentes del PRM se inscriben para optar por candidaturas nacionales"},"content":{"rendered":"<p><body><\/p>\n<p><img decoding=\"async\" src=\"img3\/PRMaincribe.jpg\" \/>  <\/p>\n<p><strong> Santo Domingo, R. D., 2 de enero, 2017.- <\/strong><span class=\"text1noticias\">Connotados dirigentes del Partido Revolucionario Moderno (PRM) han formalizado sus respectivas inscripciones para optar por cargos en la Alta Direcci\u00f3n a disputarse en la Convenci\u00f3n Nacional, Claudio Caama\u00f1o Grull\u00f3n, que escoger\u00e1 la composici\u00f3n dirigencial de los distintos organismos de la organizaci\u00f3n en el certamen a celebrarse el pr\u00f3ximo 18 de febrero.<\/span><\/p>\n<p><span class=\"text1noticias\"> <\/span><\/p>\n<p><span class=\"text1noticias\">Hasta este martes entre los inscritos est\u00e1n Geanilda V\u00e1zquez, aspirante a la presidencia, Leonardo Fa\u00f1a, para la Secretar\u00eda General, Ram\u00f3n Ceballos, para la Presidencia Internacional, el senador Santiago Zorrilla, Santiago Hazim, Salom\u00f3n Rodr\u00edguez Santos, para vicepresidentes entre otros.<\/span><\/p>\n<p><span class=\"text1noticias\"> <\/span><\/p>\n<p><span class=\"text1noticias\">El PRM dej\u00f3 abierto el pasado 18 de diciembre, el proceso de inscripci\u00f3n de las candidaturas nacionales en la oficina central, ante la Comisi\u00f3n Nacional Organizadora, y en las respectivas Comisiones locales, las candidaturas del voto nominal para los organismos regionales, provinciales, municipales, zonales y de distritos municipales, el cual cierra el pr\u00f3ximo 10 del presente mes de enero.<\/span><\/p>\n<p><span class=\"text1noticias\"> <\/span><\/p>\n<p><span class=\"text1noticias\">La Primera Convenci\u00f3n Nacional Ordinaria del partido opositor ser\u00e1 con el padr\u00f3n cerrado de la organizaci\u00f3n, cuya matr\u00edcula supera los 480 mil miembros, comprende tres etapas: el 18 de febrero, la votaci\u00f3n universal y directo.<\/span><\/p>\n<p><span class=\"text1noticias\"> <\/span><\/p>\n<p><span class=\"text1noticias\">El d\u00eda 25 de febrero ser\u00e1 la segunda etapa, con las Convenciones locales de Delegados, que completar\u00e1n las direcciones correspondientes y la tercera, el 4 de marzo, la Convenci\u00f3n Nacional de Delegados, que completar\u00e1 la composici\u00f3n de los organismos nacionales.<\/span><\/p>\n<p><span class=\"text1noticias\"> <\/span><\/p>\n<p><span class=\"text1noticias\">El partido estar\u00e1 eligiendo el 18 de febrero, por voto directo, de toda su militancia inscrita en el Padr\u00f3n: Al Presidente Nacional y 21 vicepresidentes; el Secretario General y 21 Subsecretarios.<\/span><\/p>\n<p><span class=\"text1noticias\"> <\/span><\/p>\n<p><span class=\"text1noticias\">En los 158 municipios y 234 distritos municipales del pa\u00eds, se elegir\u00e1 por voto directo de la militancia inscrita en los padrones correspondientes a los municipios y a los distritos, un Presidente y 5 vicepresidentes en los municipios y distritos zonificados y 3 vicepresidentes en los municipios y distritos no zonificados.<\/span><\/p>\n<p><span class=\"text1noticias\"> <\/span><\/p>\n<p><span class=\"text1noticias\">Tambi\u00e9n se elegir\u00e1 un Secretario General y 5 subsecretarios generales en los municipios y distritos zonificados y 3 subsecretarios en los municipios y distritos no zonificados\u00bb y un Presidente y dos Vicepresidentes; un Secretario General y dos subsecretarios generales, respectivamente, en todas las zonas y seccionales del exterior.<\/span><\/p>\n<p><span class=\"text1noticias\"> <\/span><\/p>\n<p><span class=\"text1noticias\">Los requisitos para ser Candidato(a) 1.  Estar inscrito en el PRM; 2. Ser una persona reconocida por su probada honestidad, moralidad, capacidad de trabajo y lealtad al Partido; 3. Ser elector del organismo territorial al que se aspira; 4 Ser avalado por un organismo del partido, o en su defecto, ser avalado al menos, por cinco (5) miembros dirigentes del organismo a que se aspira; 5.  Llenar la solicitud de inscripci\u00f3n preparada para tales fines por la C.N.O; 6.            Estar dispuesto y aceptar integrar una lista para las candidaturas plurinominales, en los casos que corresponda;  7.  Estar provisto de los Estatutos del Partido de manera f\u00edsica o electr\u00f3nica;  8.  No estar condenado por delitos que conlleven la p\u00e9rdida de los derechos pol\u00edticos y ciudadanos, en especial delitos relacionados con el narcotr\u00e1fico; 9. Cumplir con los requerimientos de la Ley Electoral, los Estatutos del Partido y las resoluciones de la CNO; y 10.          Dos (2) fotograf\u00edas recientes tama\u00f1o 4&#8243; x 4&#8243;, en f\u00edsico y en digital;<\/span><\/p>\n<p><span class=\"text1noticias\"> <\/span><\/p>\n<p><span class=\"text1noticias\">Adem\u00e1s, una declaraci\u00f3n firmada comprometi\u00e9ndose a reconocer los resultados que emanen de la convenci\u00f3n e integrarse a las tareas de crecimiento del Partido<\/span><\/p>\n<p><span class=\"text1noticias\"> <\/span><\/p>\n<p><span class=\"text1noticias\">Los miembros de la Comisi\u00f3n Organizadora son:  Tony Raful, Presidente, Jos\u00e9 Garc\u00eda Ram\u00edrez, Vicepresidente, Fernando Dur\u00e1n, Director Ejecutivo, y los miembros; Obispo de los Santos, Deligne Ascensi\u00f3n, Nelson Arroyo, Salvador Ramos, Yadira Henr\u00edquez, Luis Valdez, Jean Luis Rodr\u00edguez, Jos\u00e9 Delio Ares, Faruk Miguel Castillo, Yvelisse Prats de P\u00e9rez.<\/span><\/p>\n<p><span class=\"text1noticias\"> <\/span><\/p>\n<p><span class=\"text1noticias\">Fuente: A<\/span>ndr\u00e9s Matos.<\/p>\n<h6> 2018-01-02 10:49:41 <\/h6>\n<p><!--\n<link rel=\"stylesheet\" href=\"css\/bootstrap.min.css\">\n\n\n<ul class=\"pagination\">\n\t    \n\t\n\n<li >\n\t<a href='?page_no=6868'>Previous<\/a>\n\t<\/li>\n\n\n       \n    \n\n<li><a href='?page_no=1'>1<\/a><\/li>\n\n\n\n<li><a href='?page_no=2'>2<\/a><\/li>\n\n\n\n<li><a>...<\/a><\/li>\n\n\n\n<li><a href='?page_no=6867'>6867<\/a><\/li>\n\n\n\n<li><a href='?page_no=6868'>6868<\/a><\/li>\n\n\n\n<li class='active'><a>6869<\/a><\/li>\n\n\n\n<li><a href='?page_no=6870'>6870<\/a><\/li>\n\n\n\n<li><a href='?page_no=6871'>6871<\/a><\/li>\n\n\n\n<li><a>...<\/a><\/li>\n\n\n\n<li><a href='?page_no=36999'>36999<\/a><\/li>\n\n\n\n<li><a href='?page_no=37000'>37000<\/a><\/li>\n\n    \n\t\n\n<li >\n\t<a href='?page_no=6870'>Next<\/a>\n\t<\/li>\n\n\n    \n\n<li><a href='?page_no=37000'>Last &rsaquo;&rsaquo;<\/a><\/li>\n\n<\/ul>\n\n\n--><br \/>\n<\/body><\/p>\n","protected":false},"excerpt":{"rendered":"<p>Santo Domingo, R. D., 2 de enero, 2017.- Connotados dirigentes del Partido Revolucionario Moderno (PRM) han formalizado sus respectivas inscripciones para optar por cargos en la Alta Direcci\u00f3n a disputarse en la Convenci\u00f3n Nacional, Claudio Caama\u00f1o Grull\u00f3n, que escoger\u00e1 la composici\u00f3n dirigencial de los distintos organismos de la organizaci\u00f3n en el certamen a celebrarse el [&hellip;]<\/p>\n","protected":false},"author":3,"featured_media":0,"comment_status":"open","ping_status":"open","sticky":false,"template":"","format":"standard","meta":{"footnotes":""},"categories":[22],"tags":[],"class_list":["post-171576","post","type-post","status-publish","format-standard","hentry","category-politica"],"_links":{"self":[{"href":"https:\/\/diariodominicano.com\/index.php?rest_route=\/wp\/v2\/posts\/171576","targetHints":{"allow":["GET"]}}],"collection":[{"href":"https:\/\/diariodominicano.com\/index.php?rest_route=\/wp\/v2\/posts"}],"about":[{"href":"https:\/\/diariodominicano.com\/index.php?rest_route=\/wp\/v2\/types\/post"}],"author":[{"embeddable":true,"href":"https:\/\/diariodominicano.com\/index.php?rest_route=\/wp\/v2\/users\/3"}],"replies":[{"embeddable":true,"href":"https:\/\/diariodominicano.com\/index.php?rest_route=%2Fwp%2Fv2%2Fcomments&post=171576"}],"version-history":[{"count":0,"href":"https:\/\/diariodominicano.com\/index.php?rest_route=\/wp\/v2\/posts\/171576\/revisions"}],"wp:attachment":[{"href":"https:\/\/diariodominicano.com\/index.php?rest_route=%2Fwp%2Fv2%2Fmedia&parent=171576"}],"wp:term":[{"taxonomy":"category","embeddable":true,"href":"https:\/\/diariodominicano.com\/index.php?rest_route=%2Fwp%2Fv2%2Fcategories&post=171576"},{"taxonomy":"post_tag","embeddable":true,"href":"https:\/\/diariodominicano.com\/index.php?rest_route=%2Fwp%2Fv2%2Ftags&post=171576"}],"curies":[{"name":"wp","href":"https:\/\/api.w.org\/{rel}","templated":true}]}}