{"id":171572,"date":"2018-01-03T12:12:35","date_gmt":"2018-01-03T12:12:35","guid":{"rendered":"http:\/\/diariodominicano.ddns.net\/?p=171572"},"modified":"2018-01-03T12:12:35","modified_gmt":"2018-01-03T12:12:35","slug":"ramon-ceballo-inscribe-candidatura-a-la-presidencia-del-comite-internacional-del-prm","status":"publish","type":"post","link":"https:\/\/diariodominicano.com\/?p=171572","title":{"rendered":"Ram\u00f3n Ceballo Inscribe candidatura a la Presidencia del Comit\u00e9 Internacional del PRM"},"content":{"rendered":"<p><body><\/p>\n<p><img decoding=\"async\" src=\"img3\/prm11.jpg\" \/>  <\/p>\n<p>Santo Domingo, RD. El  doctor Ram\u00f3n Ceballo, actual Presidente del Comit\u00e9 de la Circunscripci\u00f3n 2 en el Exterior del Partido Revolucionario Moderno (PRM), inscribi\u00f3 su candidatura a la presidencia del Comit\u00e9 Internacional, ante la Comisi\u00f3n Nacional Organizadora de la convenci\u00f3n \u00abClaudio Caama\u00f1o Gull\u00f3n\u00bb de esa organizaci\u00f3n, cuya votaci\u00f3n universal est\u00e1 pautada a celebrarse el domingo 18 de febrero del presente a\u00f1o.<\/p>\n<\/p>\n<p>Ceballo, es el primer dirigente internacional  en inscribir la candidatura para la presidencia del partido en el exterior, al depositar sus documentos invit\u00f3 a que otros compa\u00f1eros de la organizaci\u00f3n, tambi\u00e9n tomen la decisi\u00f3n de materializar sus inscripciones, ya que de esta manera procede una competencia transparente y democr\u00e1tica.<\/p>\n<\/p>\n<p>Despu\u00e9s de entregar su inscripci\u00f3n, el Dr. Ceballo reiter\u00f3 su compromiso de respetar los resultados electorales de la Convenci\u00f3n del pr\u00f3ximo 18 de febrero, \u00abconsciente de la importancia de que el PRM surja fortalecido y en condiciones de asumir una real pol\u00edtica de oposici\u00f3n, \u00fanica condici\u00f3n que posibilita la victoria en el pr\u00f3ximo torneo electoral del 2020.<\/p>\n<\/p>\n<p>\u00abMe comprometo ante las autoridades del partido a contribuir con el \u00e9xito de esta convenci\u00f3n manteniendo un comportamiento democr\u00e1tico, de respeto a mis competidores internos, como siempre lo he hecho y de respeto a los resultados\u00bb, expres\u00f3, Ram\u00f3n Ceballo.<\/p>\n<\/p>\n<p>Ceballo dijo que a partir del 10 de enero como lo indican los reglamentos, buscara ser el presidente del Comit\u00e9 Internacional del PRM para unificar voluntades, y construir estructuras partidarias modernas, con gerencia, que entonen con el sentir de los diversos sectores de la sociedad dominicana que reside fuera del pa\u00eds.<\/p>\n<\/p>\n<p>Si queremos ganarle al PLD debemos construir un PRM fuerte, con organismos s\u00f3lidos, dirigidos por compa\u00f1eros y compa\u00f1eras que dejen de calentar los muebles de sus casas  y asuman un rol de vanguardia junto a la poblaci\u00f3n dominicana, reiter\u00f3 a los  medios de comunicaci\u00f3n el doctor Ceballo<\/p>\n<\/p>\n<p>Consider\u00f3,  que en este nuevo a\u00f1o que iniciamos,  Lo m\u00e1s importante para los perreme\u00edstas, en esta etapa hist\u00f3rica que vive el PRM,  es en primer lugar preservarlo como fuerza pol\u00edtica y en  segundo lugar fortalecerlo y transformarlo en una organizaci\u00f3n que tenga espacios para la participaci\u00f3n democr\u00e1tica.<\/p>\n<\/p>\n<p>Conf\u00eda que ser\u00e1 el triunfador y promete aunar esfuerzos e impulsar planes y programas que faciliten colocar al PRM en el seno de los sectores m\u00e1s pujantes de la poblaci\u00f3n dominicana en el exterior.<\/p>\n<h6> 2018-01-03 12:12:35 <\/h6>\n<p><!--\n<link rel=\"stylesheet\" href=\"css\/bootstrap.min.css\">\n\n\n<ul class=\"pagination\">\n\t    \n\t\n\n<li >\n\t<a href='?page_no=6864'>Previous<\/a>\n\t<\/li>\n\n\n       \n    \n\n<li><a href='?page_no=1'>1<\/a><\/li>\n\n\n\n<li><a href='?page_no=2'>2<\/a><\/li>\n\n\n\n<li><a>...<\/a><\/li>\n\n\n\n<li><a href='?page_no=6863'>6863<\/a><\/li>\n\n\n\n<li><a href='?page_no=6864'>6864<\/a><\/li>\n\n\n\n<li class='active'><a>6865<\/a><\/li>\n\n\n\n<li><a href='?page_no=6866'>6866<\/a><\/li>\n\n\n\n<li><a href='?page_no=6867'>6867<\/a><\/li>\n\n\n\n<li><a>...<\/a><\/li>\n\n\n\n<li><a href='?page_no=36999'>36999<\/a><\/li>\n\n\n\n<li><a href='?page_no=37000'>37000<\/a><\/li>\n\n    \n\t\n\n<li >\n\t<a href='?page_no=6866'>Next<\/a>\n\t<\/li>\n\n\n    \n\n<li><a href='?page_no=37000'>Last &rsaquo;&rsaquo;<\/a><\/li>\n\n<\/ul>\n\n\n--><br \/>\n<\/body><\/p>\n","protected":false},"excerpt":{"rendered":"<p>Santo Domingo, RD. El doctor Ram\u00f3n Ceballo, actual Presidente del Comit\u00e9 de la Circunscripci\u00f3n 2 en el Exterior del Partido Revolucionario Moderno (PRM), inscribi\u00f3 su candidatura a la presidencia del Comit\u00e9 Internacional, ante la Comisi\u00f3n Nacional Organizadora de la convenci\u00f3n \u00abClaudio Caama\u00f1o Gull\u00f3n\u00bb de esa organizaci\u00f3n, cuya votaci\u00f3n universal est\u00e1 pautada a celebrarse el domingo [&hellip;]<\/p>\n","protected":false},"author":3,"featured_media":0,"comment_status":"open","ping_status":"open","sticky":false,"template":"","format":"standard","meta":{"footnotes":""},"categories":[22],"tags":[],"class_list":["post-171572","post","type-post","status-publish","format-standard","hentry","category-politica"],"_links":{"self":[{"href":"https:\/\/diariodominicano.com\/index.php?rest_route=\/wp\/v2\/posts\/171572","targetHints":{"allow":["GET"]}}],"collection":[{"href":"https:\/\/diariodominicano.com\/index.php?rest_route=\/wp\/v2\/posts"}],"about":[{"href":"https:\/\/diariodominicano.com\/index.php?rest_route=\/wp\/v2\/types\/post"}],"author":[{"embeddable":true,"href":"https:\/\/diariodominicano.com\/index.php?rest_route=\/wp\/v2\/users\/3"}],"replies":[{"embeddable":true,"href":"https:\/\/diariodominicano.com\/index.php?rest_route=%2Fwp%2Fv2%2Fcomments&post=171572"}],"version-history":[{"count":0,"href":"https:\/\/diariodominicano.com\/index.php?rest_route=\/wp\/v2\/posts\/171572\/revisions"}],"wp:attachment":[{"href":"https:\/\/diariodominicano.com\/index.php?rest_route=%2Fwp%2Fv2%2Fmedia&parent=171572"}],"wp:term":[{"taxonomy":"category","embeddable":true,"href":"https:\/\/diariodominicano.com\/index.php?rest_route=%2Fwp%2Fv2%2Fcategories&post=171572"},{"taxonomy":"post_tag","embeddable":true,"href":"https:\/\/diariodominicano.com\/index.php?rest_route=%2Fwp%2Fv2%2Ftags&post=171572"}],"curies":[{"name":"wp","href":"https:\/\/api.w.org\/{rel}","templated":true}]}}