{"id":171571,"date":"2018-01-03T12:16:20","date_gmt":"2018-01-03T12:16:20","guid":{"rendered":"http:\/\/diariodominicano.ddns.net\/?p=171571"},"modified":"2018-01-03T12:16:20","modified_gmt":"2018-01-03T12:16:20","slug":"marte-piantini-presenta-candidatura-a-la-vicepresidencia-nacional-del-prm","status":"publish","type":"post","link":"https:\/\/diariodominicano.com\/?p=171571","title":{"rendered":"Marte Piantini presenta candidatura a la Vicepresidencia Nacional del PRM"},"content":{"rendered":"<p><body><\/p>\n<p><img decoding=\"async\" src=\"img3\/martep.jpg\" \/>  <\/p>\n<p>El Dr. Jos\u00e9 Marte Piantini present\u00f3 su candidatura a la vicepresidencia nacional por el Partido Revolucionario Moderno PRM, con miras a la convenci\u00f3n que ser\u00e1 celebrada el 18 de febrero del a\u00f1o 2018, en la que se escoger\u00e1n la nueva dirigencia en todos los niveles nacionales, provinciales y municipales, pr\u00f3ximo a ratificarse el 4 de marzo en la Convenci\u00f3n Nacional de Delegados.<\/p>\n<\/p>\n<p>Marte Piantini miembro fundador del PRM, quien defendiera ante la Junta Central Electoral los signos distintivos de esa organizaci\u00f3n pol\u00edtica, y a su vez lograr que la misma reconociera el delegado t\u00e9cnico para ese partido, siendo por primera vez en la historia de la JCE que un partido minoritario en ese momento, lograra tan hist\u00f3rica haza\u00f1a.<\/p>\n<\/p>\n<p>En los registros de la Junta Central Electoral, como de algunas de las juntas municipales el PRM por diferentes razones entre ellos plazos legales y situaciones de alianzas y pactos, a cuyo partido le hab\u00edan rechazado m\u00e1s de 250 candidaturas, no obstante, el Dr. Marte Piantini en su condici\u00f3n de delegado en un acto hist\u00f3rico, logro que todas las candidaturas aun las rechazadas por dicha instituci\u00f3n fueran aprobadas.<\/p>\n<\/p>\n<p>Finalmente, Piantini insto a todos los perremeistas a que asistan y participen masivamente a la convenci\u00f3n, realizando una verdadera fiesta de la democracia dominicana, y de paso ponderando y valorando su candidatura, desde donde continuara sirviendo al pa\u00eds y al partido.<\/p>\n<h6> 2018-01-03 12:16:20 <\/h6>\n<p><!--\n<link rel=\"stylesheet\" href=\"css\/bootstrap.min.css\">\n\n\n<ul class=\"pagination\">\n\t    \n\t\n\n<li >\n\t<a href='?page_no=6863'>Previous<\/a>\n\t<\/li>\n\n\n       \n    \n\n<li><a href='?page_no=1'>1<\/a><\/li>\n\n\n\n<li><a href='?page_no=2'>2<\/a><\/li>\n\n\n\n<li><a>...<\/a><\/li>\n\n\n\n<li><a href='?page_no=6862'>6862<\/a><\/li>\n\n\n\n<li><a href='?page_no=6863'>6863<\/a><\/li>\n\n\n\n<li class='active'><a>6864<\/a><\/li>\n\n\n\n<li><a href='?page_no=6865'>6865<\/a><\/li>\n\n\n\n<li><a href='?page_no=6866'>6866<\/a><\/li>\n\n\n\n<li><a>...<\/a><\/li>\n\n\n\n<li><a href='?page_no=36999'>36999<\/a><\/li>\n\n\n\n<li><a href='?page_no=37000'>37000<\/a><\/li>\n\n    \n\t\n\n<li >\n\t<a href='?page_no=6865'>Next<\/a>\n\t<\/li>\n\n\n    \n\n<li><a href='?page_no=37000'>Last &rsaquo;&rsaquo;<\/a><\/li>\n\n<\/ul>\n\n\n--><br \/>\n<\/body><\/p>\n","protected":false},"excerpt":{"rendered":"<p>El Dr. Jos\u00e9 Marte Piantini present\u00f3 su candidatura a la vicepresidencia nacional por el Partido Revolucionario Moderno PRM, con miras a la convenci\u00f3n que ser\u00e1 celebrada el 18 de febrero del a\u00f1o 2018, en la que se escoger\u00e1n la nueva dirigencia en todos los niveles nacionales, provinciales y municipales, pr\u00f3ximo a ratificarse el 4 de [&hellip;]<\/p>\n","protected":false},"author":3,"featured_media":0,"comment_status":"open","ping_status":"open","sticky":false,"template":"","format":"standard","meta":{"footnotes":""},"categories":[22],"tags":[],"class_list":["post-171571","post","type-post","status-publish","format-standard","hentry","category-politica"],"_links":{"self":[{"href":"https:\/\/diariodominicano.com\/index.php?rest_route=\/wp\/v2\/posts\/171571","targetHints":{"allow":["GET"]}}],"collection":[{"href":"https:\/\/diariodominicano.com\/index.php?rest_route=\/wp\/v2\/posts"}],"about":[{"href":"https:\/\/diariodominicano.com\/index.php?rest_route=\/wp\/v2\/types\/post"}],"author":[{"embeddable":true,"href":"https:\/\/diariodominicano.com\/index.php?rest_route=\/wp\/v2\/users\/3"}],"replies":[{"embeddable":true,"href":"https:\/\/diariodominicano.com\/index.php?rest_route=%2Fwp%2Fv2%2Fcomments&post=171571"}],"version-history":[{"count":0,"href":"https:\/\/diariodominicano.com\/index.php?rest_route=\/wp\/v2\/posts\/171571\/revisions"}],"wp:attachment":[{"href":"https:\/\/diariodominicano.com\/index.php?rest_route=%2Fwp%2Fv2%2Fmedia&parent=171571"}],"wp:term":[{"taxonomy":"category","embeddable":true,"href":"https:\/\/diariodominicano.com\/index.php?rest_route=%2Fwp%2Fv2%2Fcategories&post=171571"},{"taxonomy":"post_tag","embeddable":true,"href":"https:\/\/diariodominicano.com\/index.php?rest_route=%2Fwp%2Fv2%2Ftags&post=171571"}],"curies":[{"name":"wp","href":"https:\/\/api.w.org\/{rel}","templated":true}]}}