{"id":171570,"date":"2018-01-03T18:10:26","date_gmt":"2018-01-03T18:10:26","guid":{"rendered":"http:\/\/diariodominicano.ddns.net\/?p=171570"},"modified":"2018-01-03T18:10:26","modified_gmt":"2018-01-03T18:10:26","slug":"prm-expresa-su-pesar-por-fallecimiento-del-activista-social-ernesto-zabala","status":"publish","type":"post","link":"https:\/\/diariodominicano.com\/?p=171570","title":{"rendered":"PRM expresa su pesar por fallecimiento del activista social Ernesto Zabala"},"content":{"rendered":"<p><body><\/p>\n<p><img decoding=\"async\" src=\"img3\/IMG_20180103_130108.jpg\" \/><br \/><img decoding=\"async\" src=\"img3\/IMG_20180103_130247.jpg\" \/><br \/><img decoding=\"async\" src=\"img3\/IMG_20180103_130304.jpg\" \/>  <\/p>\n<p><strong><span class=\"text1noticias\">SANTO DOMINGO, RD, 3 de enero de 2017,-<\/span><\/strong><span class=\"text1noticias\"> El Partido Revolucionario Moderno (PRM) expres\u00f3 su lamento por el fallecimiento de su dirigente, el luchador revolucionario, Ernesto Amador Zabala, ocurrida este martes, debido a m\u00faltiples quebrantos de salud que le afectaba desde hac\u00eda varios meses.<\/span><\/p>\n<\/p>\n<p><span class=\"text1noticias\">Jes\u00fas V\u00e1squez, Secretario General del PRM al expresar sus condolencias a los deudos del luchador social, manifest\u00f3 que Zabala fue un ferviente luchador hasta sus \u00faltimos minutos de vida, por el establecimiento de una sociedad equitativa, democr\u00e1tica, decente e incluyente, en la cual, los ciudadanos disfrutaran de garant\u00edas y seguridades en los Derechos Humanos y pol\u00edticos.<\/span><\/p>\n<\/p>\n<p><span class=\"text1noticias\">En una nota informativa el PRM recuerda que Zabala fue  fundador y coordinador en varios periodos del Foro Renovador, adem\u00e1s del espacio pol\u00edtico Convergencia por un Mejor pa\u00eds, tambi\u00e9n del Movimiento Marcha Verde y miembro de varios organismos del PRM.<\/span><\/p>\n<\/p>\n<p><span class=\"text1noticias\">V\u00e1squez acudi\u00f3 a la funeraria Blandi\u00f3, acompa\u00f1ado de una comisi\u00f3n de la Direcci\u00f3n Ejecutiva del PRM, compuesta adem\u00e1s por Rafael Santos, Rafael Montilla, entre otros, donde realiz\u00f3 la correspondiente \u00abGuardia de Honor\u00bb frente a los restos del destacado activista Social.<\/span><\/p>\n<\/p>\n<p><span class=\"text1noticias\">Zabala falleci\u00f3 en el Centro Medico del Seguro de los Maestros ( Senma) donde fue ingresado por afecciones renales entre otras dolencias. Sus restos permanecer\u00e1n en la Funeraria Blandino hasta este jueves a las 4:00 cuando partir\u00e1n para ser sepultados en el cementerio Puertas del Cielo.<\/span><\/p>\n<\/p>\n<p><span class=\"text1noticias\">Ernesto Zabala se inici\u00f3 en la pol\u00edtica  en las filas del Partido de los Trabajadores Dominicanos (PTD), organizaci\u00f3n de la que se separ\u00f3 para pasar al Partido Revolucionario Dominicano (PRD), en la que form\u00f3 junto a un grupo de amigos el Foro Renovador en esa colectividad y luego se afiliaron al Partido Revolucionario Moderno (PRM).<\/span><\/p>\n<\/p>\n<p><strong><span class=\"text1noticias\">El Foro Renovador resalta la vida  de Ernesto Amador Zabala <\/span><\/strong><\/p>\n<\/p>\n<p><span class=\"text1noticias\">\u00abEl compa\u00f1ero Zabala fue un consecuente militante revolucionario, dedicado a lucha por las reivindicaciones sociales en favor de los excluidos durante toda su vida\u00bb,<\/span><\/p>\n<\/p>\n<p><span class=\"text1noticias\">Igualmente lo definen como un \u00abdefensor de la autodeterminaci\u00f3n y transformaci\u00f3n de la sociedad dominicana hasta el momento en que agot\u00f3 su \u00faltimo aliento\u00bb.<\/span><\/p>\n<\/p>\n<p><span class=\"text1noticias\">Destacan que pese a convivir con una grave enfermedad, que le acos\u00f3 por m\u00e1s de una d\u00e9cada, nunca dej\u00f3 incumpli\u00f3 con sus responsabilidades familiares, laborales, sociales y pol\u00edticas.<\/span><\/p>\n<\/p>\n<p><span class=\"text1noticias\">\u00abEmulo de los titanes de la patria, jam\u00e1s cej\u00f3 su esp\u00edritu indoblegable en la defensa de la ideolog\u00eda socialista, ni en la lucha por el bienestar del pueblo dominicano\u00bb, subraya.<\/span><\/p>\n<\/p>\n<p><span class=\"text1noticias\">Indica que durante su paso por la vida y la pol\u00edtica, se mantuvo apegado a las mejores pr\u00e1cticas \u00e9ticas y morales, predicando con el ejemplo, sus postulados te\u00f3ricos y sus principios ideol\u00f3gicos.<\/span><\/p>\n<\/p>\n<p><span class=\"text1noticias\">\u00abA su partida nos deja un legado digno de reconocimiento y que merece ser imitado por los ciudadanos comprometidos con el bien com\u00fan y la paz social\u00bb, concluye la nota. <\/span><\/p>\n<\/p>\n<p><span class=\"text1noticias\">A Ernesto le sobreviven sus padres Mario y Lidia; su esposa, Mercedes Campusano y sus hijas Ana Herla, Ysis Yael; as\u00ed como sus hermanos F\u00e9lix, Ger\u00f3nimo, Isidro, Edwardo y Eduviges. (Comunicaciones PRM)<\/span><\/p>\n<\/p>\n<h6> 2018-01-03 18:10:26 <\/h6>\n<p><!--\n<link rel=\"stylesheet\" href=\"css\/bootstrap.min.css\">\n\n\n<ul class=\"pagination\">\n\t    \n\t\n\n<li >\n\t<a href='?page_no=6862'>Previous<\/a>\n\t<\/li>\n\n\n       \n    \n\n<li><a href='?page_no=1'>1<\/a><\/li>\n\n\n\n<li><a href='?page_no=2'>2<\/a><\/li>\n\n\n\n<li><a>...<\/a><\/li>\n\n\n\n<li><a href='?page_no=6861'>6861<\/a><\/li>\n\n\n\n<li><a href='?page_no=6862'>6862<\/a><\/li>\n\n\n\n<li class='active'><a>6863<\/a><\/li>\n\n\n\n<li><a href='?page_no=6864'>6864<\/a><\/li>\n\n\n\n<li><a href='?page_no=6865'>6865<\/a><\/li>\n\n\n\n<li><a>...<\/a><\/li>\n\n\n\n<li><a href='?page_no=36999'>36999<\/a><\/li>\n\n\n\n<li><a href='?page_no=37000'>37000<\/a><\/li>\n\n    \n\t\n\n<li >\n\t<a href='?page_no=6864'>Next<\/a>\n\t<\/li>\n\n\n    \n\n<li><a href='?page_no=37000'>Last &rsaquo;&rsaquo;<\/a><\/li>\n\n<\/ul>\n\n\n--><br \/>\n<\/body><\/p>\n","protected":false},"excerpt":{"rendered":"<p>SANTO DOMINGO, RD, 3 de enero de 2017,- El Partido Revolucionario Moderno (PRM) expres\u00f3 su lamento por el fallecimiento de su dirigente, el luchador revolucionario, Ernesto Amador Zabala, ocurrida este martes, debido a m\u00faltiples quebrantos de salud que le afectaba desde hac\u00eda varios meses. Jes\u00fas V\u00e1squez, Secretario General del PRM al expresar sus condolencias a [&hellip;]<\/p>\n","protected":false},"author":3,"featured_media":0,"comment_status":"open","ping_status":"open","sticky":false,"template":"","format":"standard","meta":{"footnotes":""},"categories":[22],"tags":[],"class_list":["post-171570","post","type-post","status-publish","format-standard","hentry","category-politica"],"_links":{"self":[{"href":"https:\/\/diariodominicano.com\/index.php?rest_route=\/wp\/v2\/posts\/171570","targetHints":{"allow":["GET"]}}],"collection":[{"href":"https:\/\/diariodominicano.com\/index.php?rest_route=\/wp\/v2\/posts"}],"about":[{"href":"https:\/\/diariodominicano.com\/index.php?rest_route=\/wp\/v2\/types\/post"}],"author":[{"embeddable":true,"href":"https:\/\/diariodominicano.com\/index.php?rest_route=\/wp\/v2\/users\/3"}],"replies":[{"embeddable":true,"href":"https:\/\/diariodominicano.com\/index.php?rest_route=%2Fwp%2Fv2%2Fcomments&post=171570"}],"version-history":[{"count":0,"href":"https:\/\/diariodominicano.com\/index.php?rest_route=\/wp\/v2\/posts\/171570\/revisions"}],"wp:attachment":[{"href":"https:\/\/diariodominicano.com\/index.php?rest_route=%2Fwp%2Fv2%2Fmedia&parent=171570"}],"wp:term":[{"taxonomy":"category","embeddable":true,"href":"https:\/\/diariodominicano.com\/index.php?rest_route=%2Fwp%2Fv2%2Fcategories&post=171570"},{"taxonomy":"post_tag","embeddable":true,"href":"https:\/\/diariodominicano.com\/index.php?rest_route=%2Fwp%2Fv2%2Ftags&post=171570"}],"curies":[{"name":"wp","href":"https:\/\/api.w.org\/{rel}","templated":true}]}}