{"id":171568,"date":"2018-01-04T12:38:14","date_gmt":"2018-01-04T12:38:14","guid":{"rendered":"http:\/\/diariodominicano.ddns.net\/?p=171568"},"modified":"2018-01-04T12:38:14","modified_gmt":"2018-01-04T12:38:14","slug":"en-escrito-de-organo-peledeista-se-presenta-decision-de-juez-como-el-comienzo-de-real-aplicacion-nueva-ley-de-transito","status":"publish","type":"post","link":"https:\/\/diariodominicano.com\/?p=171568","title":{"rendered":"En escrito de \u00f3rgano pelede\u00edsta se presenta decisi\u00f3n de juez como el comienzo de real aplicaci\u00f3n   nueva ley de tr\u00e1nsito"},"content":{"rendered":"<p><body><\/p>\n<p><img decoding=\"async\" src=\"img3\/organop.jpg\" \/>  <\/p>\n<p>El dictamen de un mes de prisi\u00f3n preventiva como medida de coerci\u00f3n contra el conductor acusado de atropellar y causar la muerte al editor de televisi\u00f3n del canal  CDN Sports Max, Engel del Orbe,  pudiera ser el primer caso de aplicaci\u00f3n de la ley 63-17, se destaca este d\u00eda en el segmento \u00abSeguridad Vial\u00bb de Vanguardia del Pueblo en su formato digital, \u00f3rgano del Partido de la Liberaci\u00f3n Dominicana.<\/p>\n<\/p>\n<p>En el trabajo, ilustrado con la fotograf\u00eda del fenecido t\u00e9cnico de televisi\u00f3n,   se cita   la Ley 63-17, de Movilidad, Transporte Terrestre, Transito y Seguridad Vial, en la que se establece que si se produce la muerte involuntaria de una o m\u00e1s personas, la sanci\u00f3n ser\u00e1 de uno a tres a\u00f1os de prisi\u00f3n y una multa de diez a cincuenta salarios m\u00ednimos del sector p\u00fablico centralizado.<\/p>\n<\/p>\n<p>Se cita tambi\u00e9n el Art\u00edculo 133, sobre las se\u00f1ales del sem\u00e1foro, indicando  que en cualquier punto en que el tr\u00e1nsito est\u00e9 regulado por sem\u00e1foros, los conductores deber\u00e1n respetar la se\u00f1al, conforme al color que corresponda.<\/p>\n<\/p>\n<p>Se sugiere en el trabajo period\u00edstico un estudio pormenorizado de car\u00e1cter cient\u00edfico realizado por la AMET que pudiera reconstruir los hechos que llev\u00f3 al tr\u00e1gico desenlace.<\/p>\n<\/p>\n<p>Concluye se\u00f1alando que el caso  de Engel del Orbe, es otro de los 31 fallecidos como consecuencia de las violaciones a las normativas de la circulaci\u00f3n, seg\u00fan datos oficiales, que en mayor proporci\u00f3n ocurren en los feriados de Semana Santa y Navidad.<\/p>\n<\/p>\n<p>En rueda de prensa el pasado martes, el Centro de Operaciones de Emergencias (COE) inform\u00f3 que durante las festividades de  navidad y fiestas de fin de a\u00f1o, fallecieron 31 personas por accidentes del tr\u00e1nsito y mil 372 sufrieron lesiones.<\/p>\n<\/p>\n<h6> 2018-01-04 12:38:14 <\/h6>\n<p><!--\n<link rel=\"stylesheet\" href=\"css\/bootstrap.min.css\">\n\n\n<ul class=\"pagination\">\n\t    \n\t\n\n<li >\n\t<a href='?page_no=6860'>Previous<\/a>\n\t<\/li>\n\n\n       \n    \n\n<li><a href='?page_no=1'>1<\/a><\/li>\n\n\n\n<li><a href='?page_no=2'>2<\/a><\/li>\n\n\n\n<li><a>...<\/a><\/li>\n\n\n\n<li><a href='?page_no=6859'>6859<\/a><\/li>\n\n\n\n<li><a href='?page_no=6860'>6860<\/a><\/li>\n\n\n\n<li class='active'><a>6861<\/a><\/li>\n\n\n\n<li><a href='?page_no=6862'>6862<\/a><\/li>\n\n\n\n<li><a href='?page_no=6863'>6863<\/a><\/li>\n\n\n\n<li><a>...<\/a><\/li>\n\n\n\n<li><a href='?page_no=36999'>36999<\/a><\/li>\n\n\n\n<li><a href='?page_no=37000'>37000<\/a><\/li>\n\n    \n\t\n\n<li >\n\t<a href='?page_no=6862'>Next<\/a>\n\t<\/li>\n\n\n    \n\n<li><a href='?page_no=37000'>Last &rsaquo;&rsaquo;<\/a><\/li>\n\n<\/ul>\n\n\n--><br \/>\n<\/body><\/p>\n","protected":false},"excerpt":{"rendered":"<p>El dictamen de un mes de prisi\u00f3n preventiva como medida de coerci\u00f3n contra el conductor acusado de atropellar y causar la muerte al editor de televisi\u00f3n del canal CDN Sports Max, Engel del Orbe, pudiera ser el primer caso de aplicaci\u00f3n de la ley 63-17, se destaca este d\u00eda en el segmento \u00abSeguridad Vial\u00bb de [&hellip;]<\/p>\n","protected":false},"author":3,"featured_media":0,"comment_status":"open","ping_status":"open","sticky":false,"template":"","format":"standard","meta":{"footnotes":""},"categories":[22],"tags":[],"class_list":["post-171568","post","type-post","status-publish","format-standard","hentry","category-politica"],"_links":{"self":[{"href":"https:\/\/diariodominicano.com\/index.php?rest_route=\/wp\/v2\/posts\/171568","targetHints":{"allow":["GET"]}}],"collection":[{"href":"https:\/\/diariodominicano.com\/index.php?rest_route=\/wp\/v2\/posts"}],"about":[{"href":"https:\/\/diariodominicano.com\/index.php?rest_route=\/wp\/v2\/types\/post"}],"author":[{"embeddable":true,"href":"https:\/\/diariodominicano.com\/index.php?rest_route=\/wp\/v2\/users\/3"}],"replies":[{"embeddable":true,"href":"https:\/\/diariodominicano.com\/index.php?rest_route=%2Fwp%2Fv2%2Fcomments&post=171568"}],"version-history":[{"count":0,"href":"https:\/\/diariodominicano.com\/index.php?rest_route=\/wp\/v2\/posts\/171568\/revisions"}],"wp:attachment":[{"href":"https:\/\/diariodominicano.com\/index.php?rest_route=%2Fwp%2Fv2%2Fmedia&parent=171568"}],"wp:term":[{"taxonomy":"category","embeddable":true,"href":"https:\/\/diariodominicano.com\/index.php?rest_route=%2Fwp%2Fv2%2Fcategories&post=171568"},{"taxonomy":"post_tag","embeddable":true,"href":"https:\/\/diariodominicano.com\/index.php?rest_route=%2Fwp%2Fv2%2Ftags&post=171568"}],"curies":[{"name":"wp","href":"https:\/\/api.w.org\/{rel}","templated":true}]}}