{"id":171567,"date":"2018-01-04T13:14:04","date_gmt":"2018-01-04T13:14:04","guid":{"rendered":"http:\/\/diariodominicano.ddns.net\/?p=171567"},"modified":"2018-01-04T13:14:04","modified_gmt":"2018-01-04T13:14:04","slug":"fallece-dirigente-pld-vinicio-guzman-miembro-fundador-comite-intermedio-enriquillo-en-la-capital","status":"publish","type":"post","link":"https:\/\/diariodominicano.com\/?p=171567","title":{"rendered":"Fallece dirigente PLD Vinicio Guzm\u00e1n miembro fundador Comit\u00e9 Intermedio Enriquillo en la Capital"},"content":{"rendered":"<p><body><\/p>\n<p><img decoding=\"async\" src=\"img3\/virgi1.jpg\" \/>  <\/p>\n<p>El Partido de la Liberaci\u00f3n Dominicana confirm\u00f3 el fallecimiento  de su  dirigente Vinicio Guzm\u00e1n Vel\u00e1zquez, uno de los miembros  fundadores del Comit\u00e9 Intermedio Enriquillo, que tiene su radio de acci\u00f3n en los ensanches Quisqueya, Evaristo Morales y otros de la circunscripci\u00f3n n\u00famero uno del Distrito Nacional.<\/p>\n<\/p>\n<p>Guzm\u00e1n V\u00e1squez falleci\u00f3 el pasado martes a los 73 a\u00f1os de edad, mientras se encontraba interno en el Centro de Diagn\u00f3stico Medicina Avanzada y Telemedicina, CEDIMAT en la capital.<\/p>\n<\/p>\n<p>Le sobreviven su esposa la se\u00f1ora Rita Ferr\u00e9s, y sus hijas Rita Alexandra, Blanca y Estephany.<\/p>\n<\/p>\n<p>Los restos de Vinicio Guzm\u00e1n son velados en la funeraria Blandino de la avenida Abraham Lincoln y el acto del sepelio se program\u00f3 para este viernes 5 de enero en el cementerio Puerta del Cielo, a las 12:00 del mediod\u00eda.<\/p>\n<\/p>\n<p>En la nota divulgada por la Secretar\u00eda de Compunciones del PLD se detalla el dirigente fenecido eta funcionario pensionado del gobierno, fruto de su larga trayectoria como servidor p\u00fablico.<\/p>\n<\/p>\n<p>En el 2008, Vinicio Guzm\u00e1n fue designado Ministro Consejero de la Embajada de la Rep\u00fablica Dominicana en Colombia, ya hab\u00eda desempe\u00f1ado cargos similares en la embajada del pa\u00eds en Portugal.<\/p>\n<\/p>\n<p>Paz a sus restos y consolaci\u00f3n a sus familiares.<\/p>\n<h6> 2018-01-04 13:14:04 <\/h6>\n<p><!--\n<link rel=\"stylesheet\" href=\"css\/bootstrap.min.css\">\n\n\n<ul class=\"pagination\">\n\t    \n\t\n\n<li >\n\t<a href='?page_no=6859'>Previous<\/a>\n\t<\/li>\n\n\n       \n    \n\n<li><a href='?page_no=1'>1<\/a><\/li>\n\n\n\n<li><a href='?page_no=2'>2<\/a><\/li>\n\n\n\n<li><a>...<\/a><\/li>\n\n\n\n<li><a href='?page_no=6858'>6858<\/a><\/li>\n\n\n\n<li><a href='?page_no=6859'>6859<\/a><\/li>\n\n\n\n<li class='active'><a>6860<\/a><\/li>\n\n\n\n<li><a href='?page_no=6861'>6861<\/a><\/li>\n\n\n\n<li><a href='?page_no=6862'>6862<\/a><\/li>\n\n\n\n<li><a>...<\/a><\/li>\n\n\n\n<li><a href='?page_no=36999'>36999<\/a><\/li>\n\n\n\n<li><a href='?page_no=37000'>37000<\/a><\/li>\n\n    \n\t\n\n<li >\n\t<a href='?page_no=6861'>Next<\/a>\n\t<\/li>\n\n\n    \n\n<li><a href='?page_no=37000'>Last &rsaquo;&rsaquo;<\/a><\/li>\n\n<\/ul>\n\n\n--><br \/>\n<\/body><\/p>\n","protected":false},"excerpt":{"rendered":"<p>El Partido de la Liberaci\u00f3n Dominicana confirm\u00f3 el fallecimiento de su dirigente Vinicio Guzm\u00e1n Vel\u00e1zquez, uno de los miembros fundadores del Comit\u00e9 Intermedio Enriquillo, que tiene su radio de acci\u00f3n en los ensanches Quisqueya, Evaristo Morales y otros de la circunscripci\u00f3n n\u00famero uno del Distrito Nacional. Guzm\u00e1n V\u00e1squez falleci\u00f3 el pasado martes a los 73 [&hellip;]<\/p>\n","protected":false},"author":3,"featured_media":0,"comment_status":"open","ping_status":"open","sticky":false,"template":"","format":"standard","meta":{"footnotes":""},"categories":[22],"tags":[],"class_list":["post-171567","post","type-post","status-publish","format-standard","hentry","category-politica"],"_links":{"self":[{"href":"https:\/\/diariodominicano.com\/index.php?rest_route=\/wp\/v2\/posts\/171567","targetHints":{"allow":["GET"]}}],"collection":[{"href":"https:\/\/diariodominicano.com\/index.php?rest_route=\/wp\/v2\/posts"}],"about":[{"href":"https:\/\/diariodominicano.com\/index.php?rest_route=\/wp\/v2\/types\/post"}],"author":[{"embeddable":true,"href":"https:\/\/diariodominicano.com\/index.php?rest_route=\/wp\/v2\/users\/3"}],"replies":[{"embeddable":true,"href":"https:\/\/diariodominicano.com\/index.php?rest_route=%2Fwp%2Fv2%2Fcomments&post=171567"}],"version-history":[{"count":0,"href":"https:\/\/diariodominicano.com\/index.php?rest_route=\/wp\/v2\/posts\/171567\/revisions"}],"wp:attachment":[{"href":"https:\/\/diariodominicano.com\/index.php?rest_route=%2Fwp%2Fv2%2Fmedia&parent=171567"}],"wp:term":[{"taxonomy":"category","embeddable":true,"href":"https:\/\/diariodominicano.com\/index.php?rest_route=%2Fwp%2Fv2%2Fcategories&post=171567"},{"taxonomy":"post_tag","embeddable":true,"href":"https:\/\/diariodominicano.com\/index.php?rest_route=%2Fwp%2Fv2%2Ftags&post=171567"}],"curies":[{"name":"wp","href":"https:\/\/api.w.org\/{rel}","templated":true}]}}