{"id":171564,"date":"2018-01-04T14:54:49","date_gmt":"2018-01-04T14:54:49","guid":{"rendered":"http:\/\/diariodominicano.ddns.net\/?p=171564"},"modified":"2018-01-04T14:54:49","modified_gmt":"2018-01-04T14:54:49","slug":"lopez-obrador-presentara-propuestas-sobre-seguridad-para-mexico","status":"publish","type":"post","link":"https:\/\/diariodominicano.com\/?p=171564","title":{"rendered":"L\u00f3pez Obrador presentar\u00e1 propuestas sobre seguridad para M\u00e9xico"},"content":{"rendered":"<p><body><\/p>\n<p><img decoding=\"async\" src=\"img3\/precandidato-Andres-Manuel-.jpg\" \/>  <\/p>\n<\/p>\n<p>M\u00e9xico, 4 ene (PL) El precandidato presidencial Andr\u00e9s Manuel Lopez Obrador, de la coalici\u00f3n Juntos haremos historia, presentar\u00e1 hoy en esta capital sus propuestas de seguridad p\u00fablica, y luego iniciar\u00e1 una gira de casi tres d\u00edas por el estado de Morelos. <\/p>\n<\/p>\n<p>El precandidato a la Presidencia por el Movimiento de Regeneraci\u00f3n Nacional (Morena), y los partidos del Trabajo (PT) y Encuentro Social (PES), adelant\u00f3 que de ganar en los comicios de julio de 2018 crear\u00e1 la Secretar\u00eda de Seguridad P\u00fablica Nacional, entre otras acciones para atajar la violencia y criminalidad.<\/p>\n<\/p>\n<p>&#8216;No se pude enfrentar a la delincuencia organizada con un gobierno desorganizado. Para empezar, voy a asumir el mando, todos los d\u00edas muy temprano llevar\u00e9 a cabo una reuni\u00f3n con el Gabinete de Seguridad, con el secretario de Defensa, de Marina, de Gobernaci\u00f3n, con el Procurador, todos los d\u00edas vamos a recibir el parte de la polic\u00eda y del Ej\u00e9rcito&#8217;.<\/p>\n<\/p>\n<p>As\u00ed dijo el pol\u00edtico mexicano en un acto en el estado de Yucat\u00e1n, como parte de la precampa\u00f1a de su candidatura, que se extender\u00e1 hasta el 11 de febrero.<\/p>\n<\/p>\n<p>L\u00f3pez Obrador enfrenta a Jos\u00e9 Antonio Meade, precandidato del Partido Revolucionario Institucional (PRI), en coalici\u00f3n con los partidos Verde Ecologista Mexicano (PVEM) y Nueva Alianza (Panal).<\/p>\n<\/p>\n<p>Tambi\u00e9n a Ricardo Anaya, abanderado del Partido de Acci\u00f3n Nacional, con el apoyo del Partido de la Revoluci\u00f3n Democr\u00e1tica y Movimiento Ciudadano.<\/p>\n<\/p>\n<h6> 2018-01-04 14:54:49 <\/h6>\n<p><!--\n<link rel=\"stylesheet\" href=\"css\/bootstrap.min.css\">\n\n\n<ul class=\"pagination\">\n\t    \n\t\n\n<li >\n\t<a href='?page_no=6857'>Previous<\/a>\n\t<\/li>\n\n\n       \n    \n\n<li><a href='?page_no=1'>1<\/a><\/li>\n\n\n\n<li><a href='?page_no=2'>2<\/a><\/li>\n\n\n\n<li><a>...<\/a><\/li>\n\n\n\n<li><a href='?page_no=6856'>6856<\/a><\/li>\n\n\n\n<li><a href='?page_no=6857'>6857<\/a><\/li>\n\n\n\n<li class='active'><a>6858<\/a><\/li>\n\n\n\n<li><a href='?page_no=6859'>6859<\/a><\/li>\n\n\n\n<li><a href='?page_no=6860'>6860<\/a><\/li>\n\n\n\n<li><a>...<\/a><\/li>\n\n\n\n<li><a href='?page_no=36999'>36999<\/a><\/li>\n\n\n\n<li><a href='?page_no=37000'>37000<\/a><\/li>\n\n    \n\t\n\n<li >\n\t<a href='?page_no=6859'>Next<\/a>\n\t<\/li>\n\n\n    \n\n<li><a href='?page_no=37000'>Last &rsaquo;&rsaquo;<\/a><\/li>\n\n<\/ul>\n\n\n--><br \/>\n<\/body><\/p>\n","protected":false},"excerpt":{"rendered":"<p>M\u00e9xico, 4 ene (PL) El precandidato presidencial Andr\u00e9s Manuel Lopez Obrador, de la coalici\u00f3n Juntos haremos historia, presentar\u00e1 hoy en esta capital sus propuestas de seguridad p\u00fablica, y luego iniciar\u00e1 una gira de casi tres d\u00edas por el estado de Morelos. El precandidato a la Presidencia por el Movimiento de Regeneraci\u00f3n Nacional (Morena), y los [&hellip;]<\/p>\n","protected":false},"author":3,"featured_media":0,"comment_status":"open","ping_status":"open","sticky":false,"template":"","format":"standard","meta":{"footnotes":""},"categories":[22],"tags":[],"class_list":["post-171564","post","type-post","status-publish","format-standard","hentry","category-politica"],"_links":{"self":[{"href":"https:\/\/diariodominicano.com\/index.php?rest_route=\/wp\/v2\/posts\/171564","targetHints":{"allow":["GET"]}}],"collection":[{"href":"https:\/\/diariodominicano.com\/index.php?rest_route=\/wp\/v2\/posts"}],"about":[{"href":"https:\/\/diariodominicano.com\/index.php?rest_route=\/wp\/v2\/types\/post"}],"author":[{"embeddable":true,"href":"https:\/\/diariodominicano.com\/index.php?rest_route=\/wp\/v2\/users\/3"}],"replies":[{"embeddable":true,"href":"https:\/\/diariodominicano.com\/index.php?rest_route=%2Fwp%2Fv2%2Fcomments&post=171564"}],"version-history":[{"count":0,"href":"https:\/\/diariodominicano.com\/index.php?rest_route=\/wp\/v2\/posts\/171564\/revisions"}],"wp:attachment":[{"href":"https:\/\/diariodominicano.com\/index.php?rest_route=%2Fwp%2Fv2%2Fmedia&parent=171564"}],"wp:term":[{"taxonomy":"category","embeddable":true,"href":"https:\/\/diariodominicano.com\/index.php?rest_route=%2Fwp%2Fv2%2Fcategories&post=171564"},{"taxonomy":"post_tag","embeddable":true,"href":"https:\/\/diariodominicano.com\/index.php?rest_route=%2Fwp%2Fv2%2Ftags&post=171564"}],"curies":[{"name":"wp","href":"https:\/\/api.w.org\/{rel}","templated":true}]}}