{"id":171562,"date":"2018-01-04T19:10:06","date_gmt":"2018-01-04T19:10:06","guid":{"rendered":"http:\/\/diariodominicano.ddns.net\/?p=171562"},"modified":"2018-01-04T19:10:06","modified_gmt":"2018-01-04T19:10:06","slug":"presidente-del-pdi-desvincula-al-presidente-danilo-medina-de-embargo-le-hizo-la-dgii","status":"publish","type":"post","link":"https:\/\/diariodominicano.com\/?p=171562","title":{"rendered":"Presidente del PDI desvincula al presidente Danilo Medina de embargo le hizo la DGII"},"content":{"rendered":"<p><body><\/p>\n<p><img decoding=\"async\" src=\"img3\/ismael R00.jpg\" \/>  <\/p>\n<p><strong>SANTO DOMINGO, RD, 4 de enero de 2017.-<\/strong>  El candidato Presidencial del Partido Dem\u00f3crata Institucional -PDI -, Ismael Reyes, dijo que no cree que el presidente Danilo Medina tenga nada que ver con el embargo que le hizo la Direcci\u00f3n General de Impuestos Interno (DGII) a una de sus empresas en el pa\u00eds, durante el mes de diciembre, basado en un expediente atropellante y abusivo que pretende cobrar una supuesta deuda de ITEBIS que su empresa no debe, porque jam\u00e1s la misma cobr\u00f3 esos grav\u00e1menes a sus clientes.<\/p>\n<\/p>\n<p> En una nota informativa que envi\u00f3 a Diariodominicano.com,  argument\u00f3 que desde la gesti\u00f3n de Juan Hern\u00e1ndez  la DGII sabe que su empresa en ning\u00fan momento cobr\u00f3 esos impuestos, por lo cual carece de base legal para acometer la apropiaci\u00f3n. <\/p>\n<\/p>\n<p> Ismael Reyes se\u00f1al\u00f3, que el embargo de todo su patrimonio personal en la Rep\u00fablica Dominicana que le hizo la DGII, es un abuso que llevar\u00e1 por ante la justicia internacional, si fuere necesario; y que si no ahora, m\u00e1s tarde, est\u00e1 seguro que se har\u00e1 justicia.<\/p>\n<\/p>\n<p> Ismael Reyes expres\u00f3, que el actual director general de Impuestos Internos debe de saber, que las funciones p\u00fablicas no son eternas, y que todo lo que sube tambi\u00e9n baja.<\/p>\n<h6> 2018-01-04 19:10:06 <\/h6>\n<p><!--\n<link rel=\"stylesheet\" href=\"css\/bootstrap.min.css\">\n\n\n<ul class=\"pagination\">\n\t    \n\t\n\n<li >\n\t<a href='?page_no=6855'>Previous<\/a>\n\t<\/li>\n\n\n       \n    \n\n<li><a href='?page_no=1'>1<\/a><\/li>\n\n\n\n<li><a href='?page_no=2'>2<\/a><\/li>\n\n\n\n<li><a>...<\/a><\/li>\n\n\n\n<li><a href='?page_no=6854'>6854<\/a><\/li>\n\n\n\n<li><a href='?page_no=6855'>6855<\/a><\/li>\n\n\n\n<li class='active'><a>6856<\/a><\/li>\n\n\n\n<li><a href='?page_no=6857'>6857<\/a><\/li>\n\n\n\n<li><a href='?page_no=6858'>6858<\/a><\/li>\n\n\n\n<li><a>...<\/a><\/li>\n\n\n\n<li><a href='?page_no=36999'>36999<\/a><\/li>\n\n\n\n<li><a href='?page_no=37000'>37000<\/a><\/li>\n\n    \n\t\n\n<li >\n\t<a href='?page_no=6857'>Next<\/a>\n\t<\/li>\n\n\n    \n\n<li><a href='?page_no=37000'>Last &rsaquo;&rsaquo;<\/a><\/li>\n\n<\/ul>\n\n\n--><br \/>\n<\/body><\/p>\n","protected":false},"excerpt":{"rendered":"<p>SANTO DOMINGO, RD, 4 de enero de 2017.- El candidato Presidencial del Partido Dem\u00f3crata Institucional -PDI -, Ismael Reyes, dijo que no cree que el presidente Danilo Medina tenga nada que ver con el embargo que le hizo la Direcci\u00f3n General de Impuestos Interno (DGII) a una de sus empresas en el pa\u00eds, durante el [&hellip;]<\/p>\n","protected":false},"author":3,"featured_media":0,"comment_status":"open","ping_status":"open","sticky":false,"template":"","format":"standard","meta":{"footnotes":""},"categories":[22],"tags":[],"class_list":["post-171562","post","type-post","status-publish","format-standard","hentry","category-politica"],"_links":{"self":[{"href":"https:\/\/diariodominicano.com\/index.php?rest_route=\/wp\/v2\/posts\/171562","targetHints":{"allow":["GET"]}}],"collection":[{"href":"https:\/\/diariodominicano.com\/index.php?rest_route=\/wp\/v2\/posts"}],"about":[{"href":"https:\/\/diariodominicano.com\/index.php?rest_route=\/wp\/v2\/types\/post"}],"author":[{"embeddable":true,"href":"https:\/\/diariodominicano.com\/index.php?rest_route=\/wp\/v2\/users\/3"}],"replies":[{"embeddable":true,"href":"https:\/\/diariodominicano.com\/index.php?rest_route=%2Fwp%2Fv2%2Fcomments&post=171562"}],"version-history":[{"count":0,"href":"https:\/\/diariodominicano.com\/index.php?rest_route=\/wp\/v2\/posts\/171562\/revisions"}],"wp:attachment":[{"href":"https:\/\/diariodominicano.com\/index.php?rest_route=%2Fwp%2Fv2%2Fmedia&parent=171562"}],"wp:term":[{"taxonomy":"category","embeddable":true,"href":"https:\/\/diariodominicano.com\/index.php?rest_route=%2Fwp%2Fv2%2Fcategories&post=171562"},{"taxonomy":"post_tag","embeddable":true,"href":"https:\/\/diariodominicano.com\/index.php?rest_route=%2Fwp%2Fv2%2Ftags&post=171562"}],"curies":[{"name":"wp","href":"https:\/\/api.w.org\/{rel}","templated":true}]}}