{"id":171561,"date":"2018-01-04T20:03:39","date_gmt":"2018-01-04T20:03:39","guid":{"rendered":"http:\/\/diariodominicano.ddns.net\/?p=171561"},"modified":"2018-01-04T20:03:39","modified_gmt":"2018-01-04T20:03:39","slug":"que-pasa-con-los-hombres","status":"publish","type":"post","link":"https:\/\/diariodominicano.com\/?p=171561","title":{"rendered":"\u00bfQu\u00e9 pasa con los hombres?"},"content":{"rendered":"<p><body><\/p>\n<p><img decoding=\"async\" src=\"img3\/el_machismo_mata_dos_custom.jpg\" \/>  <\/p>\n<p><strong>Iosu Perales<\/strong><\/p>\n<\/p>\n<p><strong>ALAI 04 de enero de 2018.-<\/strong><\/p>\n<\/p>\n<p>En Espa\u00f1a el a\u00f1o 2017 se fue con un saldo de 56 mujeres asesinadas por la violencia machista. \u00abNo pasa nada, s\u00f3lo somos mujeres\u00bb me dice una amiga con cierto deje sarc\u00e1stico. \u00abNo son hombres asesinados por mujeres, lo cual hubiera sido suficiente para adoptar medidas m\u00e1s severas de tipo preventivo y de castigo\u00bb a\u00f1ade. Puede que tenga raz\u00f3n y que en este \u00faltimo caso el comportamiento judicial hubiese sido contundente, y no digamos el de las altas instituciones pol\u00edticas. De ser hombres agredidos por mujeres no creo probable que hubiera juezas y jueces preguntando \u00bfy no le provoc\u00f3 usted? \u00bfno iba usted medio desnudo pidiendo guerra? \u00bfse resisti\u00f3 lo suficiente?<\/p>\n<\/p>\n<\/p>\n<p>Es de esperar que el pacto de estado (en debate parlamentario) para modificar la legislaci\u00f3n vigente corrija aberraciones como la de permitir que hombres condenados por ser maltratadores probados tengan acceso a sus hijos. O que solamente se acepte como violencia machista cuando el agresor sea pareja o ex pareja de la v\u00edctima. Pero hace falta asimismo que otros actores est\u00e9n a la altura de lo que las mujeres esperan. Los jueces y la polic\u00eda que consienten que un tipo est\u00e9 en la calle acumulando 14 delitos de quebrantamiento de \u00f3rdenes de alejamiento no tienen mi comprensi\u00f3n. Ese tipo mat\u00f3 a su ex mujer. \u00bfQu\u00e9 tiene que pasar para que cuerpos policiales y jueces sean debidamente formados? \u00bfCu\u00e1ntos casos de mujeres hay ya que fueron asesinadas tras denunciar y no ser tenidas en cuenta por quienes deb\u00edan protegerlas? En todo caso, \u00bfel pacto de estado, tendr\u00e1 fecha de puesta en marcha y tendr\u00e1 la financiaci\u00f3n necesaria? Sospecho que es un pacto de m\u00ednimos para acallar las voces m\u00e1s cr\u00edticas.<\/p>\n<\/p>\n<\/p>\n<p>La lacra machista que estamos viviendo amenaza con cronificarse como parte del paisaje social en el que vivimos. As\u00ed ser\u00e1 mientras el patriarcado sea el r\u00e9gimen general universal que nos domina y la desigualdad el modo de relaci\u00f3n entre g\u00e9neros, lo que nos remite a la cuesti\u00f3n del poder. Mientras una parte de la especie humana, la mitad, siga considerando a la otra mitad como su propiedad a la que puede agredir de mil maneras y quitar la vida, no hay nada que hacer. A veces pienso que en lo que a los hombres respecta su ?nuestra- evoluci\u00f3n est\u00e1 lejos de haber terminado, no puede ser que los hombres actuales seamos el final. Tiene que haber una posibilidad de que dominemos nuestros instintos, esa fuerza sexual incontrolada que hace comportarse a muchos como terroristas de g\u00e9nero. Desde luego quienes creen que fuimos hechos a imagen y semejanza del creador ya pueden cambiar su punto de vista.<\/p>\n<\/p>\n<\/p>\n<p>Ahora bien, tambi\u00e9n es verdad que aunque sea de manera lenta y t\u00edmida muchos hombres podemos y queremos ser diferentes. La pelota est\u00e1 en nuestro tejado. Hay que decir, en todo caso, que en el estado espa\u00f1ol hay unos 400.000 hombres fichados como maltratadores. Son una minor\u00eda, pero son demasiados; adem\u00e1s no est\u00e1n todos los que son. A todos les une el ser el resultado de una sociedad patriarcal que no acepta la plena igualdad entre hombres y mujeres. Si se aceptara que este es el problema se podr\u00eda elaborar un plan de educaci\u00f3n estrat\u00e9gica para ir cambiando mentalidades en la relaci\u00f3n entre g\u00e9neros y potenciar una nueva masculinidad opuesta a ejercer el poder contra las mujeres.<\/p>\n<\/p>\n<\/p>\n<p>La cuesti\u00f3n de fondo tiene que ver con la naturaleza del problema. Si no se identifica bien la enfermedad no habr\u00e1 soluci\u00f3n. As\u00ed por ejemplo, en un estudio impulsado por el Ministerio del Interior de Espa\u00f1a, con participaci\u00f3n acad\u00e9mica, orientado a saber por qu\u00e9 hay hombres que agreden y a asesinan a mujeres, se recoge un enfoque deficiente: Seg\u00fan las primeros an\u00e1lisis del minucioso trabajo, habr\u00eda un 20% de agresores que podr\u00edan considerarse \u00absoci\u00f3patas\u00bb, hombres con dificultades de integraci\u00f3n social, con antecedentes penales o policiales; un 30% que ser\u00edan inestables emocionalmente. Y un 5% podr\u00eda clasificarse como psic\u00f3patas. Dicho de otra manera las causas son el alcohol, las drogas, un brote sic\u00f3tico, demencia senil, neuroticismo, antecedentes de violencia, situaci\u00f3n de inmigraci\u00f3n, stress, despecho, desempleo, fobia social, etc, etc, de tal modo que cada caso se separa de los dem\u00e1s y tiene una casu\u00edstica que lo explica.<\/p>\n<\/p>\n<\/p>\n<p>Cierto, en cada asesinato de una mujer hay una historia del victimario que hay que tener en cuenta. Pero al mismo tiempo hay que hacer un an\u00e1lisis de conjunto que nos de explicaciones estructurales, de conjunto. Las explicaciones individualizadas no afrontan el patriarcado y la desigualdad de g\u00e9nero, porque consideran cada asesinato al mismo o parecido nivel que otros asesinatos de hombres por hombres. Este enfoque presenta los hechos como un fen\u00f3meno multicausal, sin patrones comunes. Afortunadamente, hay medios de comunicaci\u00f3n que titulan la noticia como de violencia machista y esto ayuda a tomar conciencia de un problema que ya no se puede plantear como si estuvi\u00e9ramos cincuenta a\u00f1os atr\u00e1s. El patriarcado es lo que explica que personas normales puedan cometer actos que no son normales. Los maltratadores est\u00e1n por consiguiente en todas partes, en todas las clases sociales, profesiones y edades.<\/p>\n<\/p>\n<\/p>\n<p>En mi opini\u00f3n la violencia de g\u00e9nero responde a una escalada, tensiones, agresiones verbales, humillaciones, primeras bofetadas, hasta llegar en demasiados casos a una m\u00e1xima violencia. En todas las fases la cuesti\u00f3n del poder es el centro del problema. No me satisface la idea de agresores ocasionales y por consiguiente impredecibles. Lo que est\u00e1 en debate, las causas de la violencia machista, afecta de manera estructural al modelo de respuesta e intervenci\u00f3n para combatir este tipo de violencia. No se puede aceptar, ni siquiera un poquito toda aquella explicaci\u00f3n que objetivamente exculpe o justifique actos de violencia contra las mujeres. La figura del buen hombre al que se le fue la mano al clavarle el pu\u00f1al a su mujer porque seguramente estaba atragantado con un divorcio que no quer\u00eda, no ayuda a entender lo que est\u00e1 pasando ni a encontrar v\u00edas de respuesta.<\/p>\n<\/p>\n<\/p>\n<p>El rapero Arkano, un chaval de Alicante, ha sabido capturar bien el fondo del problema al decir \u00ablos medios suavizan el dolor causado, llamando loco al cabr\u00f3n que ha violado\u00bb y sobre los victimarios: \u00abno son enfermos mentales, son hijos sanos del patriarcado\u00bb.<\/p>\n<\/p>\n<\/p>\n<\/p>\n<p>https:\/\/www.alainet.org\/es\/articulo\/190136<\/p>\n<\/p>\n<p>Del mismo autor<\/p>\n<p>\u00bfQu\u00e9 pasa con los hombres?    04\/01\/2018<\/p>\n<p>La solidaridad como ideal    31\/12\/2017<\/p>\n<p>Paisaje de Jerusal\u00e9n    11\/12\/2017<\/p>\n<p>En Espa\u00f1a, la divisi\u00f3n de poderes ha muerto    31\/10\/2017<\/p>\n<p>El dilema moral del Che Guevara    06\/10\/2017<\/p>\n<p>La fuerza de la voluntad o un d\u00eda en Barcelona    03\/10\/2017<\/p>\n<p>En las entra\u00f1as de la contra: Una historia de espionaje    26\/09\/2017<\/p>\n<p>M\u00e1s armas crean m\u00e1s guerras    19\/09\/2017<\/p>\n<p>Espa\u00f1a-Catalu\u00f1a: choque de trenes    11\/09\/2017<\/p>\n<p>Barcelona, un canto a la diversidad    29\/08\/2017<\/p>\n<h6> 2018-01-04 20:03:39 <\/h6>\n<p><!--\n<link rel=\"stylesheet\" href=\"css\/bootstrap.min.css\">\n\n\n<ul class=\"pagination\">\n\t    \n\t\n\n<li >\n\t<a href='?page_no=6854'>Previous<\/a>\n\t<\/li>\n\n\n       \n    \n\n<li><a href='?page_no=1'>1<\/a><\/li>\n\n\n\n<li><a href='?page_no=2'>2<\/a><\/li>\n\n\n\n<li><a>...<\/a><\/li>\n\n\n\n<li><a href='?page_no=6853'>6853<\/a><\/li>\n\n\n\n<li><a href='?page_no=6854'>6854<\/a><\/li>\n\n\n\n<li class='active'><a>6855<\/a><\/li>\n\n\n\n<li><a href='?page_no=6856'>6856<\/a><\/li>\n\n\n\n<li><a href='?page_no=6857'>6857<\/a><\/li>\n\n\n\n<li><a>...<\/a><\/li>\n\n\n\n<li><a href='?page_no=36999'>36999<\/a><\/li>\n\n\n\n<li><a href='?page_no=37000'>37000<\/a><\/li>\n\n    \n\t\n\n<li >\n\t<a href='?page_no=6856'>Next<\/a>\n\t<\/li>\n\n\n    \n\n<li><a href='?page_no=37000'>Last &rsaquo;&rsaquo;<\/a><\/li>\n\n<\/ul>\n\n\n--><br \/>\n<\/body><\/p>\n","protected":false},"excerpt":{"rendered":"<p>Iosu Perales ALAI 04 de enero de 2018.- En Espa\u00f1a el a\u00f1o 2017 se fue con un saldo de 56 mujeres asesinadas por la violencia machista. \u00abNo pasa nada, s\u00f3lo somos mujeres\u00bb me dice una amiga con cierto deje sarc\u00e1stico. \u00abNo son hombres asesinados por mujeres, lo cual hubiera sido suficiente para adoptar medidas m\u00e1s [&hellip;]<\/p>\n","protected":false},"author":3,"featured_media":0,"comment_status":"open","ping_status":"open","sticky":false,"template":"","format":"standard","meta":{"footnotes":""},"categories":[22],"tags":[],"class_list":["post-171561","post","type-post","status-publish","format-standard","hentry","category-politica"],"_links":{"self":[{"href":"https:\/\/diariodominicano.com\/index.php?rest_route=\/wp\/v2\/posts\/171561","targetHints":{"allow":["GET"]}}],"collection":[{"href":"https:\/\/diariodominicano.com\/index.php?rest_route=\/wp\/v2\/posts"}],"about":[{"href":"https:\/\/diariodominicano.com\/index.php?rest_route=\/wp\/v2\/types\/post"}],"author":[{"embeddable":true,"href":"https:\/\/diariodominicano.com\/index.php?rest_route=\/wp\/v2\/users\/3"}],"replies":[{"embeddable":true,"href":"https:\/\/diariodominicano.com\/index.php?rest_route=%2Fwp%2Fv2%2Fcomments&post=171561"}],"version-history":[{"count":0,"href":"https:\/\/diariodominicano.com\/index.php?rest_route=\/wp\/v2\/posts\/171561\/revisions"}],"wp:attachment":[{"href":"https:\/\/diariodominicano.com\/index.php?rest_route=%2Fwp%2Fv2%2Fmedia&parent=171561"}],"wp:term":[{"taxonomy":"category","embeddable":true,"href":"https:\/\/diariodominicano.com\/index.php?rest_route=%2Fwp%2Fv2%2Fcategories&post=171561"},{"taxonomy":"post_tag","embeddable":true,"href":"https:\/\/diariodominicano.com\/index.php?rest_route=%2Fwp%2Fv2%2Ftags&post=171561"}],"curies":[{"name":"wp","href":"https:\/\/api.w.org\/{rel}","templated":true}]}}