{"id":171560,"date":"2018-01-04T20:07:36","date_gmt":"2018-01-04T20:07:36","guid":{"rendered":"http:\/\/diariodominicano.ddns.net\/?p=171560"},"modified":"2018-01-04T20:07:36","modified_gmt":"2018-01-04T20:07:36","slug":"2018-ano-politico-electoral","status":"publish","type":"post","link":"https:\/\/diariodominicano.com\/?p=171560","title":{"rendered":"2018: a\u00f1o pol\u00edtico electoral"},"content":{"rendered":"<p><body><\/p>\n<p><img decoding=\"async\" src=\"img3\/290-el-salvador.jpg\" \/>  <\/p>\n<p><strong>Luis Armando Gonz\u00e1lez<\/strong><\/p>\n<p>ALAI 4 de enero de 2019.- <\/p>\n<\/p>\n<p>El a\u00f1o 2018 reci\u00e9n comienza y es evidente que lo pol\u00edtico electoral tendr\u00e1 un peso decisivo en las distintas din\u00e1micas de El Salvador. En primer lugar, se tiene el proceso electoral de marzo, a partir del cual resultar\u00e1 (cabe esperar) una nueva correlaci\u00f3n legislativa, lo mismo que una nueva configuraci\u00f3n del poder local, especialmente en aquellos municipios en los cuales es altamente probable el relevo de partidos y administraciones municipales.<\/p>\n<\/p>\n<\/p>\n<p>En segundo lugar, una vez superada la etapa electoral de marzo de 2018, se entrar\u00e1 de lleno (hay quienes lo est\u00e1n haciendo ya) en el proceso que culminar\u00e1 en las elecciones presidenciales de 2019. Se trata de tres elecciones (legislativa, municipal y presidencial) de naturaleza distinta, con implicaciones espec\u00edficas en la vida nacional y, por ello, con su propia importancia. Es decir, en cada una de ellas se juegan posibilidades de intervenir, desde la esfera pol\u00edtica, en la configuraci\u00f3n de la realidad nacional.<\/p>\n<\/p>\n<\/p>\n<p>Esas posibilidades de intervenci\u00f3n pol\u00edtica (desde la Asamblea Legislativa, los gobiernos municipales o el Ejecutivo) deber\u00edan conducir al bienestar de la sociedad.  Y es que desde la pol\u00edtica se deben intentar intervenciones orientadas hacia el bien com\u00fan, y no hacia el bienestar de los grupos de poder econ\u00f3mico. \u00bfDe qu\u00e9 depende que se siga el camino del bienestar de la sociedad (o se siga el camino contrario)? Fuertemente, de: a) los proyectos ideol\u00f3gico pol\u00edticos que orientan los respectivos ejercicios de gobierno; b) la capacidad y responsabilidad de los funcionarios p\u00fablicos electos; c) la calidad de la legislaci\u00f3n; y d) las pol\u00edticas p\u00fablicas, programas, acciones y recursos que se preparen y destinen a la atenci\u00f3n y soluci\u00f3n de los problemas fundamentales de la sociedad.<\/p>\n<\/p>\n<\/p>\n<p>As\u00ed las cosas, es mucho lo que est\u00e1 en juego en las elecciones de 2018 y 2019. En lo inmediato, es necesario dar a las elecciones legislativas y municipales su debido lugar en lo que tienen posibilidades de intervenci\u00f3n pol\u00edtica en la configuraci\u00f3n, para bien o para mal, de la realidad nacional. La actual correlaci\u00f3n legislativa pone de manifiesto c\u00f3mo se pueden entorpecer proyectos que inciden en vida de la gente (por ejemplo, la no aprobaci\u00f3n del Presupuesto 2018) o c\u00f3mo se pudo tolerar el encumbramiento de los cuatro magistrados de la Sala de lo Constititucional que han alterado, entre otras cosas, las reglas del juego pol\u00edtico y de la hacienda p\u00fablica (con la complacencia expl\u00edcita de la fracci\u00f3n legislativa de ARENA, y con la complacencia t\u00e1cita del resto de diputados del bloque de derecha).<\/p>\n<\/p>\n<\/p>\n<p>Una cosa es clara: desde la Asamblea Legislativa se incide en la realidad nacional. La pregunta que hay que hacerse es sobre las consecuencias sociales (beneficiosas o no, para la mayor parte de la poblaci\u00f3n) de esa incidencia. Enseguida, hay que preguntarse por lo que determina esas consecuencias. Y la respuesta a esta pregunta tiene cuatro aristas: a) la correlaci\u00f3n de fuerzas existente en su seno; b) los proyectos ideol\u00f3gicos-partidarios de las fracciones legislativas; c) los intereses grupales o sociales que los partidos representan; y d) la capacidad y compromiso de los diputados. <\/p>\n<\/p>\n<\/p>\n<p>En otras palabras, una gesti\u00f3n legislativa con implicaciones negativas sobre la sociedad s\u00f3lo cambiar\u00e1 si cambia, en primer lugar, la correlaci\u00f3n de fuerzas en su seno; en segundo lugar, si ese cambio supone el predominio de un proyecto ideol\u00f3gico-partidario en el cual se busque el bien de la mayor\u00eda; en tercer lugar, si este proyecto ideol\u00f3gico partidario expresa (o mejor a\u00fan, se articula con los) intereses de sectores sociales amplios; y por \u00faltimo, si hay diputados capaces y comprometidos con el bien com\u00fan. <\/p>\n<\/p>\n<\/p>\n<p>Que nadie pida nada nuevo, a partir de marzo de 2018, si la Asamblea Legislativa queda conformada con una correlaci\u00f3n de fuerzas con el peso que ARENA y el resto de partidos de derecha (o centro derecha) tienen en la actualidad. En el mejor de los casos, ser\u00e1 m\u00e1s de lo mismo. En el peor (con una mayor cuota de diputados por ARENA, por ejemplo) la Asamblea se convertir\u00e1 en un espacio de sabotaje sin l\u00edmite a los programas sociales del gobierno, la puerta de entrada a una camada de magistrados de la Corte Suprema de Justicia del mismo estilo que los salientes y la promulgaci\u00f3n de una legislaci\u00f3n favorable a los ricos m\u00e1s ricos (que, por su lado, le apostar\u00e1n a la conquista de la presidencia, en 2019, por uno de los suyos).<\/p>\n<\/p>\n<\/p>\n<p>De lo anterior se sigue que las elecciones legislativas no deben tomarse a la ligera, pues el poder legislativo es clave para el rumbo que tomar\u00e1 el pa\u00eds. En un \u00e1mbito distinto, cabe decir lo mismo del poder municipal, a partir del cual se abre la posibilidad de responder a problem\u00e1ticas locales de envergadura, siempre y cuando la vocaci\u00f3n de los gobiernos municipales sea de servicio al bien com\u00fan.<\/p>\n<\/p>\n<\/p>\n<p>Ahora es m\u00e1s claro que nunca que existe una gama de problemas enclada en el territorio que s\u00f3lo puede atenderse adecuadamente desde las alcald\u00edas. Esto supone el dise\u00f1o e implementaci\u00f3n de estrategias de desarrollo local que, adem\u00e1s de un manejo responsable y eficaz de los recursos municipales, exigen capacidad de gesti\u00f3n territorial, articulaci\u00f3n del gobierno municipal con el gobierno central, gesti\u00f3n de la cooperaci\u00f3n internacional y lineas de acci\u00f3n territorial compartidas por municipios vecinos.<\/p>\n<\/p>\n<\/p>\n<p>Hay administraciones municipales que han avanzado extraordinariamente en esos y otros rubros. Muchas otras,  tambi\u00e9n, est\u00e1n lejos de responder a las necesidades de sus comunidades. Ah\u00ed donde unas y otras administraciones van a reelecci\u00f3n, se tienen elementos de juicio para valorar si lo que conviene es el relevo o la continuidad. A nivel municipal tampoco deja de ser importante la vinculaci\u00f3n partidaria de los candidatos, especialmente ah\u00ed donde la actual administraci\u00f3n municipal no ir\u00e1 a reelecci\u00f3n. Con todo, el conocimiento personal es (debe ser) la principal fuente de informaci\u00f3n a la hora de elegir a las autoridades locales. Alcaldes y consejos municipales lejanos y ajenos a la cotidianidad de los ciudadanos no auguran nada positivo para estos \u00faltimos. <\/p>\n<\/p>\n<\/p>\n<p>En fin, en marzo de este a\u00f1o vivivermos dos procesos electorales de naturaleza distinta y cada uno de ellos con implicaciones propias en la realidad nacional. En 2019, se dar\u00e1 otro proceso, cuya importancia y especifidad deber\u00e1n ser abordadas en su momento. Asimismo, en lo que concierne a las elecciones legislativas ?dadas las repercusiones nacionales de lo que se decide en la Asamblea Legislativa? es conveniente poner un alto a la inercia que nos llevar\u00eda a una correlaci\u00f3n legislativa semejante a la actual, a partir de la cual se constituir\u00eda un bloque de derecha que dominar\u00eda esa correlaci\u00f3n. Es probable que esta inercia termine por imponerse y que lo que resulte despu\u00e9s de las elecciones de marzo sea algo parecido a lo vigente actualmente en la Asamblea Legislativa. Pero esa inercia puede ser revertida, lo cual aunque dif\u00edcil no es imposible. Para ello se requiere de una voluntad pol\u00edtica ciudadana que, a lo mejor, sale a relucir este 4 de marzo.<\/p>\n<\/p>\n<\/p>\n<p>San Salvador, 3 de enero de 2018<\/p>\n<\/p>\n<\/p>\n<p>https:\/\/www.alainet.org\/es\/articulo\/190131<\/p>\n<\/p>\n<p>Del mismo autor<\/p>\n<p>2018: a\u00f1o pol\u00edtico electoral    04\/01\/2018<\/p>\n<p>Gesti\u00f3n de gobierno e informaci\u00f3n p\u00fablica    19\/12\/2017<\/p>\n<p>Defensa de la memoria    14\/12\/2017<\/p>\n<p>Tendencias de las pol\u00edticas educativas en Centroam\u00e9rica    11\/12\/2017<\/p>\n<p>Consideraciones sobre la evaluaci\u00f3n del desempe\u00f1o docente    30\/11\/2017<\/p>\n<p>Consideraciones b\u00e1sicas sobre el Buen Vivir    22\/11\/2017<\/p>\n<p>Necesidad de figuras redentoras    15\/11\/2017<\/p>\n<p>Debilidades del debate p\u00fablico en El Salvador    08\/11\/2017<\/p>\n<p>Importancia de las elecciones legislativas de 2018    30\/10\/2017<\/p>\n<p>Tres asuntos a tomar en cuenta en la presente coyuntura    23\/10\/2017<\/p>\n<h6> 2018-01-04 20:07:36 <\/h6>\n<p><!--\n<link rel=\"stylesheet\" href=\"css\/bootstrap.min.css\">\n\n\n<ul class=\"pagination\">\n\t    \n\t\n\n<li >\n\t<a href='?page_no=6853'>Previous<\/a>\n\t<\/li>\n\n\n       \n    \n\n<li><a href='?page_no=1'>1<\/a><\/li>\n\n\n\n<li><a href='?page_no=2'>2<\/a><\/li>\n\n\n\n<li><a>...<\/a><\/li>\n\n\n\n<li><a href='?page_no=6852'>6852<\/a><\/li>\n\n\n\n<li><a href='?page_no=6853'>6853<\/a><\/li>\n\n\n\n<li class='active'><a>6854<\/a><\/li>\n\n\n\n<li><a href='?page_no=6855'>6855<\/a><\/li>\n\n\n\n<li><a href='?page_no=6856'>6856<\/a><\/li>\n\n\n\n<li><a>...<\/a><\/li>\n\n\n\n<li><a href='?page_no=36999'>36999<\/a><\/li>\n\n\n\n<li><a href='?page_no=37000'>37000<\/a><\/li>\n\n    \n\t\n\n<li >\n\t<a href='?page_no=6855'>Next<\/a>\n\t<\/li>\n\n\n    \n\n<li><a href='?page_no=37000'>Last &rsaquo;&rsaquo;<\/a><\/li>\n\n<\/ul>\n\n\n--><br \/>\n<\/body><\/p>\n","protected":false},"excerpt":{"rendered":"<p>Luis Armando Gonz\u00e1lez ALAI 4 de enero de 2019.- El a\u00f1o 2018 reci\u00e9n comienza y es evidente que lo pol\u00edtico electoral tendr\u00e1 un peso decisivo en las distintas din\u00e1micas de El Salvador. En primer lugar, se tiene el proceso electoral de marzo, a partir del cual resultar\u00e1 (cabe esperar) una nueva correlaci\u00f3n legislativa, lo mismo [&hellip;]<\/p>\n","protected":false},"author":3,"featured_media":0,"comment_status":"open","ping_status":"open","sticky":false,"template":"","format":"standard","meta":{"footnotes":""},"categories":[22],"tags":[],"class_list":["post-171560","post","type-post","status-publish","format-standard","hentry","category-politica"],"_links":{"self":[{"href":"https:\/\/diariodominicano.com\/index.php?rest_route=\/wp\/v2\/posts\/171560","targetHints":{"allow":["GET"]}}],"collection":[{"href":"https:\/\/diariodominicano.com\/index.php?rest_route=\/wp\/v2\/posts"}],"about":[{"href":"https:\/\/diariodominicano.com\/index.php?rest_route=\/wp\/v2\/types\/post"}],"author":[{"embeddable":true,"href":"https:\/\/diariodominicano.com\/index.php?rest_route=\/wp\/v2\/users\/3"}],"replies":[{"embeddable":true,"href":"https:\/\/diariodominicano.com\/index.php?rest_route=%2Fwp%2Fv2%2Fcomments&post=171560"}],"version-history":[{"count":0,"href":"https:\/\/diariodominicano.com\/index.php?rest_route=\/wp\/v2\/posts\/171560\/revisions"}],"wp:attachment":[{"href":"https:\/\/diariodominicano.com\/index.php?rest_route=%2Fwp%2Fv2%2Fmedia&parent=171560"}],"wp:term":[{"taxonomy":"category","embeddable":true,"href":"https:\/\/diariodominicano.com\/index.php?rest_route=%2Fwp%2Fv2%2Fcategories&post=171560"},{"taxonomy":"post_tag","embeddable":true,"href":"https:\/\/diariodominicano.com\/index.php?rest_route=%2Fwp%2Fv2%2Ftags&post=171560"}],"curies":[{"name":"wp","href":"https:\/\/api.w.org\/{rel}","templated":true}]}}