{"id":171557,"date":"2018-01-05T12:01:10","date_gmt":"2018-01-05T12:01:10","guid":{"rendered":"http:\/\/diariodominicano.ddns.net\/?p=171557"},"modified":"2018-01-05T12:01:10","modified_gmt":"2018-01-05T12:01:10","slug":"surge-en-ny-primer-movimiento-apoyo-reeleccion-medina-para-eeuu","status":"publish","type":"post","link":"https:\/\/diariodominicano.com\/?p=171557","title":{"rendered":"Surge en NY primer movimiento apoyo reelecci\u00f3n Medina para EEUU"},"content":{"rendered":"<p><body><\/p>\n<p><img decoding=\"async\" src=\"img3\/danis.jpg\" \/>  <\/p>\n<p>Por Ram\u00f3n Mercedes<\/p>\n<\/p>\n<p><strong>NUEVA YORK.- <\/strong>El movimiento \u00abNo Importa el Color\u00bb se ha convertido en el primero en todo el territorio de los Estados Unidos en apoyar p\u00fablicamente la reelecci\u00f3n del presidente Danilo Medina para el 2020-24.<\/p>\n<\/p>\n<p>Dicho movimiento estar\u00e1 dirigido por el ingeniero Juan -Trini- Tejeda y el doctor Yomare Polanco, quienes anunciar\u00e1n formalmente sus planes en una rueda de prensa a celebrarse este pr\u00f3ximo lunes a partir de las 7:00 hasta las 9:00 de la noche en el restaurant 809, ubicado en la calle Dyckman del Alto Manhattan.<\/p>\n<\/p>\n<p>All\u00ed explicar\u00e1n el porqu\u00e9 le conviene al pueblo dominicano continuar siendo gobernado por Medina, indica un documento de prensa. <\/p>\n<\/p>\n<p>Polanco y Tejeda a\u00f1aden que a partir de la fecha iniciar\u00e1n las tareas pol\u00edticas en todos los rincones de EEUU donde haya establecida una comunidad quisqueyana y sus labores ser\u00e1n finalizadas cuando culmine el proceso electoral en el 2020. <\/p>\n<\/p>\n<p>\u00abNo hay tiempo  que  perder, caminemos tomados de las manos de las nuevas generaciones por el progreso, prosperidad, transparencia, seguridad y el mandatario apoyando los campesinos y peque\u00f1os comerciantes con las visitas sorpresas, sostienen. <\/p>\n<\/p>\n<p>Asimismo el 4 % de la educaci\u00f3n, la construcci\u00f3n de nuevos hospitales y viviendas, haciendo un pa\u00eds m\u00e1s tecnol\u00f3gico con un presidente que no deja de trabajar para fortalecer  la democracia dominicana y confrontando la delincuencia, pobreza y el desempleo\u00bb, sostuvieron Tejeda y Polanco.<\/p>\n<h6> 2018-01-05 12:01:10 <\/h6>\n<p><!--\n<link rel=\"stylesheet\" href=\"css\/bootstrap.min.css\">\n\n\n<ul class=\"pagination\">\n\t    \n\t\n\n<li >\n\t<a href='?page_no=6850'>Previous<\/a>\n\t<\/li>\n\n\n       \n    \n\n<li><a href='?page_no=1'>1<\/a><\/li>\n\n\n\n<li><a href='?page_no=2'>2<\/a><\/li>\n\n\n\n<li><a>...<\/a><\/li>\n\n\n\n<li><a href='?page_no=6849'>6849<\/a><\/li>\n\n\n\n<li><a href='?page_no=6850'>6850<\/a><\/li>\n\n\n\n<li class='active'><a>6851<\/a><\/li>\n\n\n\n<li><a href='?page_no=6852'>6852<\/a><\/li>\n\n\n\n<li><a href='?page_no=6853'>6853<\/a><\/li>\n\n\n\n<li><a>...<\/a><\/li>\n\n\n\n<li><a href='?page_no=36999'>36999<\/a><\/li>\n\n\n\n<li><a href='?page_no=37000'>37000<\/a><\/li>\n\n    \n\t\n\n<li >\n\t<a href='?page_no=6852'>Next<\/a>\n\t<\/li>\n\n\n    \n\n<li><a href='?page_no=37000'>Last &rsaquo;&rsaquo;<\/a><\/li>\n\n<\/ul>\n\n\n--><br \/>\n<\/body><\/p>\n","protected":false},"excerpt":{"rendered":"<p>Por Ram\u00f3n Mercedes NUEVA YORK.- El movimiento \u00abNo Importa el Color\u00bb se ha convertido en el primero en todo el territorio de los Estados Unidos en apoyar p\u00fablicamente la reelecci\u00f3n del presidente Danilo Medina para el 2020-24. Dicho movimiento estar\u00e1 dirigido por el ingeniero Juan -Trini- Tejeda y el doctor Yomare Polanco, quienes anunciar\u00e1n formalmente [&hellip;]<\/p>\n","protected":false},"author":3,"featured_media":0,"comment_status":"open","ping_status":"open","sticky":false,"template":"","format":"standard","meta":{"footnotes":""},"categories":[22],"tags":[],"class_list":["post-171557","post","type-post","status-publish","format-standard","hentry","category-politica"],"_links":{"self":[{"href":"https:\/\/diariodominicano.com\/index.php?rest_route=\/wp\/v2\/posts\/171557","targetHints":{"allow":["GET"]}}],"collection":[{"href":"https:\/\/diariodominicano.com\/index.php?rest_route=\/wp\/v2\/posts"}],"about":[{"href":"https:\/\/diariodominicano.com\/index.php?rest_route=\/wp\/v2\/types\/post"}],"author":[{"embeddable":true,"href":"https:\/\/diariodominicano.com\/index.php?rest_route=\/wp\/v2\/users\/3"}],"replies":[{"embeddable":true,"href":"https:\/\/diariodominicano.com\/index.php?rest_route=%2Fwp%2Fv2%2Fcomments&post=171557"}],"version-history":[{"count":0,"href":"https:\/\/diariodominicano.com\/index.php?rest_route=\/wp\/v2\/posts\/171557\/revisions"}],"wp:attachment":[{"href":"https:\/\/diariodominicano.com\/index.php?rest_route=%2Fwp%2Fv2%2Fmedia&parent=171557"}],"wp:term":[{"taxonomy":"category","embeddable":true,"href":"https:\/\/diariodominicano.com\/index.php?rest_route=%2Fwp%2Fv2%2Fcategories&post=171557"},{"taxonomy":"post_tag","embeddable":true,"href":"https:\/\/diariodominicano.com\/index.php?rest_route=%2Fwp%2Fv2%2Ftags&post=171557"}],"curies":[{"name":"wp","href":"https:\/\/api.w.org\/{rel}","templated":true}]}}