{"id":171554,"date":"2018-01-05T13:19:39","date_gmt":"2018-01-05T13:19:39","guid":{"rendered":"http:\/\/diariodominicano.ddns.net\/?p=171554"},"modified":"2018-01-05T13:19:39","modified_gmt":"2018-01-05T13:19:39","slug":"senador-luis-rene-canaan-secretario-de-salud-del-pld-dice-acuerdo-gobierno-medicos-trae-paz-al-sector","status":"publish","type":"post","link":"https:\/\/diariodominicano.com\/?p=171554","title":{"rendered":"Senador Lu\u00eds Ren\u00e9 Cana\u00e1n, secretario de salud del PLD, dice acuerdo gobierno-m\u00e9dicos trae paz al sector"},"content":{"rendered":"<p><body><\/p>\n<p><img decoding=\"async\" src=\"img3\/pldes.jpg\" \/>  <\/p>\n<p>Lu\u00eds Ren\u00e9 Cana\u00e1n Rojas, senador del Partido de la Liberaci\u00f3n Dominicana por la provincia Hermanas Mirabal salud\u00f3 y valor\u00f3 el acuerdo arribado entre el gobierno y el Colegio M\u00e9dico Dominicano del que dijo, lleva tranquilidad a un \u00e1rea tan importante como el sector Salud.<\/p>\n<\/p>\n<p>\u00abSaludamos la decisi\u00f3n del gobierno y del presidente Danilo Medina y del Servicio Nacional de Salud porque con ese acuerdo que ordena el pago de 25% a unos 400 m\u00e9dicos a los que no se les hab\u00eda asignado el reajuste de sueldo,  es una  muestra de que cuando al consenso y discusiones efectivas las soluciones fluyen\u00bb, acot\u00f3 Cana\u00e1n Rojas en la nota divulgada por el PLD  a trav\u00e9s de la Secretar\u00eda de Comunicaciones.<\/p>\n<\/p>\n<p>Cana\u00e1n Rojas, titular de la Secretaria de Asuntos de Salud del Partido de la Liberaci\u00f3n Dominicana (PLD) destac\u00f3 la importancia del reajuste en el sector que igualmente beneficiado a enfermeras, a bio-analistas y en definitiva a todo el personal vinculado al sector salud.<\/p>\n<\/p>\n<p>\u00abEso viene a ser como un regalo adelantado del D\u00eda de Reyes, comenzando el a\u00f1o y es algo que nos alegra. Un acuerdo que mantiene armon\u00eda desde el mismo mes de enero por lo que se deprende un 2018 de avance en el sector m\u00e9dico dominicano\u00bb, acot\u00f3.<\/p>\n<\/p>\n<p>Precis\u00f3 el congresista y profesional de la salud, que un aumento en el sector tambi\u00e9n deber\u00e1 repercutir en mejorar los \u00edndices de salubridad como es la reducci\u00f3n de la mortalidad materna, se\u00f1alando que el gobierno conoce las estad\u00edsticas y es el principal interesado en que estas mejoren.<\/p>\n<\/p>\n<p>El Colegio M\u00e9dico Dominicano (CMD) y el gobierno a trav\u00e9s del Servicio Nacional de Salud (SNS) anunciaron el pasado jueves un acuerdo que pr\u00e1cticamente pone fin al tema m\u00e1s problem\u00e1tico de la agenda de 8 puntos: el salarial.<\/p>\n<\/p>\n<p>Habr\u00e1 un aumento del 25% a unos 400 m\u00e9dicos a los que no se les hab\u00eda asignado. Para ello, se elimin\u00f3 el art\u00edculo 5 del pacto firmado en noviembre 2016, que establec\u00eda la nivelaci\u00f3n de los salarios.<\/p>\n<\/p>\n<p>\u00abEl presidente de la Rep\u00fablica Danilo Medina, debe estar bien satisfecho con este acuerdo que lleva paz y tranquilidad al sector salud\u00bb, concluy\u00f3 el tambi\u00e9n miembro del Comit\u00e9 Central del PLD.<\/p>\n<h6> 2018-01-05 13:19:39 <\/h6>\n<p><!--\n<link rel=\"stylesheet\" href=\"css\/bootstrap.min.css\">\n\n\n<ul class=\"pagination\">\n\t    \n\t\n\n<li >\n\t<a href='?page_no=6848'>Previous<\/a>\n\t<\/li>\n\n\n       \n    \n\n<li><a href='?page_no=1'>1<\/a><\/li>\n\n\n\n<li><a href='?page_no=2'>2<\/a><\/li>\n\n\n\n<li><a>...<\/a><\/li>\n\n\n\n<li><a href='?page_no=6847'>6847<\/a><\/li>\n\n\n\n<li><a href='?page_no=6848'>6848<\/a><\/li>\n\n\n\n<li class='active'><a>6849<\/a><\/li>\n\n\n\n<li><a href='?page_no=6850'>6850<\/a><\/li>\n\n\n\n<li><a href='?page_no=6851'>6851<\/a><\/li>\n\n\n\n<li><a>...<\/a><\/li>\n\n\n\n<li><a href='?page_no=36999'>36999<\/a><\/li>\n\n\n\n<li><a href='?page_no=37000'>37000<\/a><\/li>\n\n    \n\t\n\n<li >\n\t<a href='?page_no=6850'>Next<\/a>\n\t<\/li>\n\n\n    \n\n<li><a href='?page_no=37000'>Last &rsaquo;&rsaquo;<\/a><\/li>\n\n<\/ul>\n\n\n--><br \/>\n<\/body><\/p>\n","protected":false},"excerpt":{"rendered":"<p>Lu\u00eds Ren\u00e9 Cana\u00e1n Rojas, senador del Partido de la Liberaci\u00f3n Dominicana por la provincia Hermanas Mirabal salud\u00f3 y valor\u00f3 el acuerdo arribado entre el gobierno y el Colegio M\u00e9dico Dominicano del que dijo, lleva tranquilidad a un \u00e1rea tan importante como el sector Salud. \u00abSaludamos la decisi\u00f3n del gobierno y del presidente Danilo Medina y [&hellip;]<\/p>\n","protected":false},"author":3,"featured_media":0,"comment_status":"open","ping_status":"open","sticky":false,"template":"","format":"standard","meta":{"footnotes":""},"categories":[22],"tags":[],"class_list":["post-171554","post","type-post","status-publish","format-standard","hentry","category-politica"],"_links":{"self":[{"href":"https:\/\/diariodominicano.com\/index.php?rest_route=\/wp\/v2\/posts\/171554","targetHints":{"allow":["GET"]}}],"collection":[{"href":"https:\/\/diariodominicano.com\/index.php?rest_route=\/wp\/v2\/posts"}],"about":[{"href":"https:\/\/diariodominicano.com\/index.php?rest_route=\/wp\/v2\/types\/post"}],"author":[{"embeddable":true,"href":"https:\/\/diariodominicano.com\/index.php?rest_route=\/wp\/v2\/users\/3"}],"replies":[{"embeddable":true,"href":"https:\/\/diariodominicano.com\/index.php?rest_route=%2Fwp%2Fv2%2Fcomments&post=171554"}],"version-history":[{"count":0,"href":"https:\/\/diariodominicano.com\/index.php?rest_route=\/wp\/v2\/posts\/171554\/revisions"}],"wp:attachment":[{"href":"https:\/\/diariodominicano.com\/index.php?rest_route=%2Fwp%2Fv2%2Fmedia&parent=171554"}],"wp:term":[{"taxonomy":"category","embeddable":true,"href":"https:\/\/diariodominicano.com\/index.php?rest_route=%2Fwp%2Fv2%2Fcategories&post=171554"},{"taxonomy":"post_tag","embeddable":true,"href":"https:\/\/diariodominicano.com\/index.php?rest_route=%2Fwp%2Fv2%2Ftags&post=171554"}],"curies":[{"name":"wp","href":"https:\/\/api.w.org\/{rel}","templated":true}]}}