{"id":171552,"date":"2018-01-05T15:54:54","date_gmt":"2018-01-05T15:54:54","guid":{"rendered":"http:\/\/diariodominicano.ddns.net\/?p=171552"},"modified":"2018-01-05T15:54:54","modified_gmt":"2018-01-05T15:54:54","slug":"fujimori-de-preso-privilegiado-a-indultado-de-lujo","status":"publish","type":"post","link":"https:\/\/diariodominicano.com\/?p=171552","title":{"rendered":"Fujimori: De preso privilegiado a indultado de lujo"},"content":{"rendered":"<p><body><\/p>\n<p><img decoding=\"async\" src=\"img3\/136874738_1515153787638_title0h.jpg\" \/>  <\/p>\n<p><span class=\"text1noticias\">Lima, 5 ene (PL) El exgobernante peruano Alberto Fujimori pas\u00f3 su primera noche instalado en una lujosa mansi\u00f3n, tras ocupar durante 11 a\u00f1os una exclusiva y privilegiada prisi\u00f3n en un cuartel policial del este de la ciudad.<\/span><\/p>\n<\/p>\n<p><span class=\"text1noticias\">La residencia, ubicada en un agrupamiento amurallado, en el lado m\u00e1s exclusivo del municipio lime\u00f1o de La Molina, tiene piscina, cinco habitaciones, cada una con ba\u00f1o, un amplio jard\u00edn y otras comodidades.<\/span><\/p>\n<\/p>\n<p><span class=\"text1noticias\">El arriendo, seg\u00fan el anuncio que la ofrec\u00eda en alquiler en Internet, ilustrado con impresionantes fotos de la propiedad de casi dos mil metros cuadrados, era ofrecido en diciembre pasado por cinco mil d\u00f3lares mensuales.<\/span><\/p>\n<\/p>\n<p><span class=\"text1noticias\">Mientras estuvo preso en una c\u00e1rcel exclusiva construida para \u00e9l en un cuartel policial, su encierro, duro como toda privaci\u00f3n de la libertad, fue excepcionalmente c\u00f3modo.<\/span><\/p>\n<\/p>\n<p><span class=\"text1noticias\">El exgobernante, condenado a 25 a\u00f1os de c\u00e1rcel por cr\u00edmenes de lesa humanidad y corrupci\u00f3n, ten\u00eda, adem\u00e1s de un amplio dormitorio con cama ortop\u00e9dica, un gran televisor, una cocina totalmente equipada y una sala de visitas.<\/span><\/p>\n<\/p>\n<p><span class=\"text1noticias\">Adem\u00e1s, otra habitaci\u00f3n en la que disfrutaba su afici\u00f3n a la pintura, muebles diversos, un amplio patio para caminatas y hasta un jard\u00edn en el que cultivaba flores.<\/span><\/p>\n<\/p>\n<p><span class=\"text1noticias\">Tambi\u00e9n contaba con tel\u00e9fono y un param\u00e9dico estaba a su disposici\u00f3n para cualquier eventualidad y, cuando esta as\u00ed lo requer\u00eda, una ambulancia del Instituto Nacional Penitenciario lo transportaba a una cl\u00ednica para mayor atenci\u00f3n.<\/span><\/p>\n<\/p>\n<p><span class=\"text1noticias\">Su m\u00e9dico personal ten\u00eda acceso irrestricto al preso, que recib\u00eda visitas sin limitaciones, a veces hasta en la madrugada, y cuando se cas\u00f3 Sachi, una de sus hijas, la boda religiosa se realiz\u00f3 en la capilla del cuartel, con familiares e invitados que compartieron una recepci\u00f3n con el padre de la novia.<\/span><\/p>\n<\/p>\n<p><span class=\"text1noticias\">Las condiciones que disfrutaba Fujimori demuestran para los cr\u00edticos del indulto, que resulta dif\u00edcil que su salud estuviera afectada al extremo de estar en riesgo de muerte por el encierro, como sostuvo un informe m\u00e9dico que respald\u00f3 el pol\u00e9mico indulto dictado el 24 de diciembre por el presidente Pedro Pablo Kuczynski.<\/span><\/p>\n<\/p>\n<p><span class=\"text1noticias\">En una peque\u00f1a celda del mismo cuartel, de la Direcci\u00f3n de Operaciones Especiales de la polic\u00eda, se encuentra desde julio pasado el expresidente Ollanta Humala, en prisi\u00f3n preventiva por una investigaci\u00f3n por presunto lavado de activos, con visitas restringidas.<\/span><\/p>\n<\/p>\n<p><span class=\"text1noticias\">Humala rechaz\u00f3 en 2014 un pedido de indulto para Fujimori luego que una junta m\u00e9dica dictamin\u00f3 que su vida no corr\u00eda peligro. La negativa invoc\u00f3 adem\u00e1s la gravedad de los cr\u00edmenes cometidos y la negativa del preso a reconocer sus culpas y arrepentirse.<\/span><\/p>\n<\/p>\n<h6> 2018-01-05 15:54:54 <\/h6>\n<p><!--\n<link rel=\"stylesheet\" href=\"css\/bootstrap.min.css\">\n\n\n<ul class=\"pagination\">\n\t    \n\t\n\n<li >\n\t<a href='?page_no=6846'>Previous<\/a>\n\t<\/li>\n\n\n       \n    \n\n<li><a href='?page_no=1'>1<\/a><\/li>\n\n\n\n<li><a href='?page_no=2'>2<\/a><\/li>\n\n\n\n<li><a>...<\/a><\/li>\n\n\n\n<li><a href='?page_no=6845'>6845<\/a><\/li>\n\n\n\n<li><a href='?page_no=6846'>6846<\/a><\/li>\n\n\n\n<li class='active'><a>6847<\/a><\/li>\n\n\n\n<li><a href='?page_no=6848'>6848<\/a><\/li>\n\n\n\n<li><a href='?page_no=6849'>6849<\/a><\/li>\n\n\n\n<li><a>...<\/a><\/li>\n\n\n\n<li><a href='?page_no=36999'>36999<\/a><\/li>\n\n\n\n<li><a href='?page_no=37000'>37000<\/a><\/li>\n\n    \n\t\n\n<li >\n\t<a href='?page_no=6848'>Next<\/a>\n\t<\/li>\n\n\n    \n\n<li><a href='?page_no=37000'>Last &rsaquo;&rsaquo;<\/a><\/li>\n\n<\/ul>\n\n\n--><br \/>\n<\/body><\/p>\n","protected":false},"excerpt":{"rendered":"<p>Lima, 5 ene (PL) El exgobernante peruano Alberto Fujimori pas\u00f3 su primera noche instalado en una lujosa mansi\u00f3n, tras ocupar durante 11 a\u00f1os una exclusiva y privilegiada prisi\u00f3n en un cuartel policial del este de la ciudad. La residencia, ubicada en un agrupamiento amurallado, en el lado m\u00e1s exclusivo del municipio lime\u00f1o de La Molina, [&hellip;]<\/p>\n","protected":false},"author":3,"featured_media":0,"comment_status":"open","ping_status":"open","sticky":false,"template":"","format":"standard","meta":{"footnotes":""},"categories":[22],"tags":[],"class_list":["post-171552","post","type-post","status-publish","format-standard","hentry","category-politica"],"_links":{"self":[{"href":"https:\/\/diariodominicano.com\/index.php?rest_route=\/wp\/v2\/posts\/171552","targetHints":{"allow":["GET"]}}],"collection":[{"href":"https:\/\/diariodominicano.com\/index.php?rest_route=\/wp\/v2\/posts"}],"about":[{"href":"https:\/\/diariodominicano.com\/index.php?rest_route=\/wp\/v2\/types\/post"}],"author":[{"embeddable":true,"href":"https:\/\/diariodominicano.com\/index.php?rest_route=\/wp\/v2\/users\/3"}],"replies":[{"embeddable":true,"href":"https:\/\/diariodominicano.com\/index.php?rest_route=%2Fwp%2Fv2%2Fcomments&post=171552"}],"version-history":[{"count":0,"href":"https:\/\/diariodominicano.com\/index.php?rest_route=\/wp\/v2\/posts\/171552\/revisions"}],"wp:attachment":[{"href":"https:\/\/diariodominicano.com\/index.php?rest_route=%2Fwp%2Fv2%2Fmedia&parent=171552"}],"wp:term":[{"taxonomy":"category","embeddable":true,"href":"https:\/\/diariodominicano.com\/index.php?rest_route=%2Fwp%2Fv2%2Fcategories&post=171552"},{"taxonomy":"post_tag","embeddable":true,"href":"https:\/\/diariodominicano.com\/index.php?rest_route=%2Fwp%2Fv2%2Ftags&post=171552"}],"curies":[{"name":"wp","href":"https:\/\/api.w.org\/{rel}","templated":true}]}}