{"id":171548,"date":"2018-01-06T21:53:58","date_gmt":"2018-01-06T21:53:58","guid":{"rendered":"http:\/\/diariodominicano.ddns.net\/?p=171548"},"modified":"2018-01-06T21:53:58","modified_gmt":"2018-01-06T21:53:58","slug":"un-ano-de-represion-y-despojo","status":"publish","type":"post","link":"https:\/\/diariodominicano.com\/?p=171548","title":{"rendered":"Un a\u00f1o de represi\u00f3n y despojo"},"content":{"rendered":"<p><body><\/p>\n<p><strong>Dar\u00edo Aranda<\/strong><\/p>\n<\/p>\n<p><strong>ALAI 4 de enero de 2018.<\/strong><\/p>\n<\/p>\n<p>Las muertes de Santiago Maldonado y Rafael Nahuel fueron los eslabones m\u00e1s conocidos de una cadena de violencia contra comunidades originarias. Los hechos m\u00e1s relevantes.<\/p>\n<\/p>\n<p>El racconto de hechos de violencia contra las comunidades es extenso. <\/p>\n<\/p>\n<p>Los pueblos ind\u00edgenas de Argentina cerraron un a\u00f1o en el que han enfrentado numerosos intentos de despojos de sus territorios, que implicaron represiones, criminalizaci\u00f3n, c\u00e1rcel y asesinatos. La embestida contra el pueblo mapuche tuvo sus paralelos, aunque con menor difusi\u00f3n, en Formosa, Tucum\u00e1n, Misiones, Santiago del Estero, Salta y Jujuy, entre otras provincias. La pr\u00f3rroga de la ley 26.160 (que debiera frenar los desalojos) est\u00e1 entre las buenas noticias. La peor: el asesinato de Rafael Nahuel y la represi\u00f3n al Lof Cushamen (con la desaparici\u00f3n y muerte de Santiago Maldonado).<\/p>\n<\/p>\n<p>La noticia que pas\u00f3 m\u00e1s desapercibida fue toda una se\u00f1al: el gobierno nombr\u00f3 en agosto al frente del Instituto Nacional de Asuntos Ind\u00edgenas (INAI) a Jimena Psathakis, de la Fundaci\u00f3n Cambio Democr\u00e1tico, ONG referente en el discurso de \u00abdi\u00e1logo\u00bb, muy conocida entre las asambleas socioambientales porque siempre favorece al sector privado, desde Esquel (donde se ubic\u00f3 del lado de la minera) hasta Vaca Muerta (donde \u00abdialog\u00f3\u00bb mucho con comunidades mapuches, pero siempre impuls\u00f3 el fracking).<\/p>\n<\/p>\n<p>El racconto de hechos de violencia contra las comunidades es extenso. El 26 de junio, la comunidad Indio Colalao de Tucum\u00e1n sufri\u00f3 un violento desalojo de 16 familias. Decenas de polic\u00edas e infanter\u00eda llegaron hasta el territorio y avanzaron contra la comunidad. Los diaguitas acusaron a la fiscal Adriana Cuello Reinoso y al juez Eudoro Albo. En San Ignacio (Misiones), el 8 de julio, una patota atac\u00f3 a la comunidad Tekoa Kokuere?i. Con machetes y motosierras derribaron las viviendas y las incendiaron en presencia de ni\u00f1os y mujeres. <\/p>\n<\/p>\n<p>Los desalojos se dan en un contexto de numerosas leyes que protegen los derechos de los pueblos ind\u00edgenas. Desde el Convenio 169 de la OIT hasta la ley 26.160. La responsabilidad incluye a jueces y fiscales, que no aplican la legislaci\u00f3n que favorece a las comunidades ind\u00edgenas. El pueblo diaguita de Tucum\u00e1n identific\u00f3 a ese actor c\u00f3mplice y march\u00f3 el 6 de julio a los tribunales de la provincia. Se\u00f1al\u00f3 como principal causante de sus males al Poder Judicial. Recordaron que desde 2009, cuando asesinaron al diaguita Javier Chocobar, esperan un juicio que nunca lleg\u00f3. Y repudiaron a jueces y fiscales que dan luz verde a los desalojos ind\u00edgenas.<\/p>\n<\/p>\n<p>El 20 de diciembre, la polic\u00eda de Formosa reprimi\u00f3 con balas de plomo en la comunidad wich\u00ed del \u00abBarrio 50 Viviendas\u00bb (en la localidad de Ingeniero Ju\u00e1rez). Hubo cuatro heridos, dos con balas de plomo.<\/p>\n<\/p>\n<p>En cuanto a la criminalizaci\u00f3n, dos referencias fueron Agust\u00edn Santill\u00e1n, wich\u00ed de Formosa que estuvo preso cinco meses por reclamar derechos b\u00e1sicos ante el gobierno de Gildo Insfr\u00e1n, y la detenci\u00f3n del lonko (autoridad mapuche) Facundo Jones Huala, que a\u00fan est\u00e1 detenido en Esquel a la espera de juicio de extradici\u00f3n.<\/p>\n<\/p>\n<p>El pueblo mapuche fue el que m\u00e1s trascendi\u00f3 en los medios de Buenos Aires. En enero se ejecutaron tres represiones en dos d\u00edas (9 y de 10) sobre el Pu Lof en Resistencia de Cushamen. Gendarmer\u00eda Nacional y Polic\u00eda de Chubut avanzaron con escopetas y gases lacrim\u00f3genos. El disparo en el cuello sobre Fausto Emilio Jones Huala lleg\u00f3 a la prensa. Otro integrante de la comunidad perdi\u00f3 un t\u00edmpano. No hubo v\u00edctimas fatales de casualidad. El 1 de agosto hubo una nueva represi\u00f3n. Sin orden judicial, Gendarmer\u00eda ingres\u00f3 a territorio comunitario. Sobrevino la desaparici\u00f3n y muerte de Santiago Maldonado.<\/p>\n<\/p>\n<p>Tambi\u00e9n sufrieron represiones en la comunidad Campo Maripe (Vaca Muerta, el 21 de junio), comunidad Vuelta del R\u00edo (Chubut, el 18 de septiembre), Lof Fvta Xayen (en Neuqu\u00e9n, el 19 de septiembre), quema de viviendas en comunidad Vuelta del R\u00edo (el 20 de septiembre). <\/p>\n<\/p>\n<p>El 23 de noviembre, en un operativo con m\u00e1s de 300 efectivos sobre el Lof Lafken Winkul Mapu (a 35 kil\u00f3metros de Bariloche), se espos\u00f3 a mujeres durante horas e incluso se detuvo a los ni\u00f1os. Dos d\u00edas despu\u00e9s, asesinaron al joven mapuche Rafael Nahuel. La represi\u00f3n estuvo a cargo del Grupo Albatros de la Prefectura Nacional y la bala ingres\u00f3 por la espalda.<\/p>\n<\/p>\n<p>Los hechos de violencia contra los pueblos ind\u00edgenas son mucho m\u00e1s extensos.<\/p>\n<\/p>\n<p>Tambi\u00e9n hay otras muertes y violencias. En Santa Victoria Este, regi\u00f3n norte de Salta, murieron 26 personas en 23 d\u00edas, todas por causas evitables y falta de atenci\u00f3n b\u00e1sica de salud. Lo denunci\u00f3 la comunidad wich\u00ed Cruce Buena Fe Ca\u00f1averal entre diciembre de 2016 y enero de 2017. El dirigente wich\u00ed Pedro Lozano precis\u00f3 que se trat\u00f3 de cinco adultos y 21 ni\u00f1os, todos menores de 2 a\u00f1os. Las comunidades ind\u00edgenas y familias criollas cortaron la ruta provincial 54, denunciaron a la jefa de enfermer\u00eda, la falta de insumos b\u00e1sicos y la carencia de agua (con temperaturas de m\u00e1s de 40 grados). El 17 de diciembre pasado, otro ni\u00f1o wich\u00ed (de 7 a\u00f1os) muri\u00f3 en Santa Victoria Este. <\/p>\n<\/p>\n<p>La semana pasada fue noticia una ni\u00f1a del pueblo mbya de Misiones cuando fue fotografiada tomando agua de un charco en un boulevard de Posadas. Por un momento, los grandes medios recordaron la situaci\u00f3n ind\u00edgena.<\/p>\n<\/p>\n<p>La Comisi\u00f3n Interamericana de Derechos Humanos (CIDH) public\u00f3 su informe \u00abPobreza y derechos humanos\u00bb, en el que determin\u00f3 que la pobreza afecta al 43 por ciento de los ind\u00edgenas del hemisferio. La CIDH detall\u00f3 que los pueblos ind\u00edgenas padecen los peores \u00edndices de analfabetismo, desnutrici\u00f3n, dificultades para acceder a cuidados m\u00e9dicos, y obst\u00e1culos para acceder servicios b\u00e1sicos como agua potable, saneamiento, electricidad y viviendas. Son los marginados entre los marginados.<\/p>\n<\/p>\n<p>Los pueblos ind\u00edgenas viven en carne propia esas estad\u00edsticas desde hace d\u00e9cadas y apuntan al fondo del asunto: la causa de sus males es el despojo de territorios (de la mano del agronegocio, forestales, mineras, petroleras, grandes obras de infraestructura), la violaci\u00f3n sistem\u00e1tica de las leyes que los beneficia, la total falta de pol\u00edticas p\u00fablicas para que puedan desarrollarse y el racismo estructural.<\/p>\n<\/p>\n<p>https:\/\/www.pagina12.com.ar\/86366-un-ano-de-represion-y-despojo<\/p>\n<p>https:\/\/www.alainet.org\/es\/articulo\/190140<\/p>\n<\/p>\n<p>Del mismo autor<\/p>\n<\/p>\n<p>Un a\u00f1o de represi\u00f3n y despojo    04\/01\/2018<\/p>\n<p>Lo que falta es el acceso    21\/11\/2017<\/p>\n<p>Las venas abiertas sobre Am\u00e9rica    13\/11\/2017<\/p>\n<p>Ac\u00e1 se respira lucha    30\/10\/2017<\/p>\n<p>\u00abUn avasallamiento medi\u00e1tico\u00bb    26\/09\/2017<\/p>\n<p>Una reforma agraria al rev\u00e9s    19\/09\/2017<\/p>\n<p>Un plan sistem\u00e1tico para desaparecer a los pueblos originarios    11\/09\/2017<\/p>\n<p>\u00a1Marichi weu! El Pueblo Mapuche de pie frente al Gobierno    28\/08\/2017<\/p>\n<p>La balanza de la Justicia inclinada    22\/08\/2017<\/p>\n<p>\u00abMi detenci\u00f3n es un montaje pol\u00edtico y judicial\u00bb    24\/07\/2017<\/p>\n<h6> 2018-01-06 21:53:58 <\/h6>\n<p><!--\n<link rel=\"stylesheet\" href=\"css\/bootstrap.min.css\">\n\n\n<ul class=\"pagination\">\n\t    \n\t\n\n<li >\n\t<a href='?page_no=6842'>Previous<\/a>\n\t<\/li>\n\n\n       \n    \n\n<li><a href='?page_no=1'>1<\/a><\/li>\n\n\n\n<li><a href='?page_no=2'>2<\/a><\/li>\n\n\n\n<li><a>...<\/a><\/li>\n\n\n\n<li><a href='?page_no=6841'>6841<\/a><\/li>\n\n\n\n<li><a href='?page_no=6842'>6842<\/a><\/li>\n\n\n\n<li class='active'><a>6843<\/a><\/li>\n\n\n\n<li><a href='?page_no=6844'>6844<\/a><\/li>\n\n\n\n<li><a href='?page_no=6845'>6845<\/a><\/li>\n\n\n\n<li><a>...<\/a><\/li>\n\n\n\n<li><a href='?page_no=36999'>36999<\/a><\/li>\n\n\n\n<li><a href='?page_no=37000'>37000<\/a><\/li>\n\n    \n\t\n\n<li >\n\t<a href='?page_no=6844'>Next<\/a>\n\t<\/li>\n\n\n    \n\n<li><a href='?page_no=37000'>Last &rsaquo;&rsaquo;<\/a><\/li>\n\n<\/ul>\n\n\n--><br \/>\n<\/body><\/p>\n","protected":false},"excerpt":{"rendered":"<p>Dar\u00edo Aranda ALAI 4 de enero de 2018. Las muertes de Santiago Maldonado y Rafael Nahuel fueron los eslabones m\u00e1s conocidos de una cadena de violencia contra comunidades originarias. Los hechos m\u00e1s relevantes. El racconto de hechos de violencia contra las comunidades es extenso. Los pueblos ind\u00edgenas de Argentina cerraron un a\u00f1o en el que [&hellip;]<\/p>\n","protected":false},"author":3,"featured_media":0,"comment_status":"open","ping_status":"open","sticky":false,"template":"","format":"standard","meta":{"footnotes":""},"categories":[22],"tags":[],"class_list":["post-171548","post","type-post","status-publish","format-standard","hentry","category-politica"],"_links":{"self":[{"href":"https:\/\/diariodominicano.com\/index.php?rest_route=\/wp\/v2\/posts\/171548","targetHints":{"allow":["GET"]}}],"collection":[{"href":"https:\/\/diariodominicano.com\/index.php?rest_route=\/wp\/v2\/posts"}],"about":[{"href":"https:\/\/diariodominicano.com\/index.php?rest_route=\/wp\/v2\/types\/post"}],"author":[{"embeddable":true,"href":"https:\/\/diariodominicano.com\/index.php?rest_route=\/wp\/v2\/users\/3"}],"replies":[{"embeddable":true,"href":"https:\/\/diariodominicano.com\/index.php?rest_route=%2Fwp%2Fv2%2Fcomments&post=171548"}],"version-history":[{"count":0,"href":"https:\/\/diariodominicano.com\/index.php?rest_route=\/wp\/v2\/posts\/171548\/revisions"}],"wp:attachment":[{"href":"https:\/\/diariodominicano.com\/index.php?rest_route=%2Fwp%2Fv2%2Fmedia&parent=171548"}],"wp:term":[{"taxonomy":"category","embeddable":true,"href":"https:\/\/diariodominicano.com\/index.php?rest_route=%2Fwp%2Fv2%2Fcategories&post=171548"},{"taxonomy":"post_tag","embeddable":true,"href":"https:\/\/diariodominicano.com\/index.php?rest_route=%2Fwp%2Fv2%2Ftags&post=171548"}],"curies":[{"name":"wp","href":"https:\/\/api.w.org\/{rel}","templated":true}]}}