{"id":171543,"date":"2018-01-08T12:45:05","date_gmt":"2018-01-08T12:45:05","guid":{"rendered":"http:\/\/diariodominicano.ddns.net\/?p=171543"},"modified":"2018-01-08T12:45:05","modified_gmt":"2018-01-08T12:45:05","slug":"economista-daniel-toribio-analiza-preocupaciones-en-el-mundo-por-reforma-tributaria-en-eeuu","status":"publish","type":"post","link":"https:\/\/diariodominicano.com\/?p=171543","title":{"rendered":"Economista Daniel Toribio analiza preocupaciones en el  mundo por  reforma tributaria en EEUU."},"content":{"rendered":"<p><body><\/p>\n<p><img decoding=\"async\" src=\"img3\/preve1.jpg\" \/>  <\/p>\n<p>Daniel Toribio, titular de la Secretar\u00eda de Asuntos Econ\u00f3micos del Partido de la Liberaci\u00f3n Dominicana  advierte que la reforma tributaria norteamericana, aunque en el corto plazo no afectar\u00eda  la econom\u00eda dominicana,  prev\u00e9 que  pudiera \u00abconvertirse en un desestimulo a la inversi\u00f3n \u00bb en nuestro pa\u00eds.<\/p>\n<\/p>\n<p>Toribio en un art\u00edculo en el List\u00edn Diario y Vanguardia del Pueblo Digital hace saber que la reforma tributaria norteamericana, aprobada el pasado 20 de diciembre,  ha originado grandes preocupaciones y ocupaciones dentro y alrededor del mundo. <\/p>\n<\/p>\n<p>Afirma que las  claves de la reforma a los tributos en Estados Unidos  est\u00e1n en una rebaja de los impuestos de las empresas de un 35 a un 21 por ciento y en el caso de las personas f\u00edsicas, mantener las sietes escalas anteriores, pero bajando entre un 2 y 3 puntos porcentuales cada una de las tasas, reduciendo la m\u00e1s alta de un 39.6% a un 37%.<\/p>\n<\/p>\n<p>Con el t\u00edtulo \u00abPreocupaciones y ocupaciones por la reforma fiscal EEUU\u00bb, el economista y miembro del Comit\u00e9 Central del PLD, Daniel Toribio,  presenta  las preocupaciones internas en Norteam\u00e9rica en las que se incluyen el incremento de la deuda futura en 1.5 billones de d\u00f3lares en los pr\u00f3ximos diez a\u00f1os y el impacto que en el gasto social del gobierno que los cambios  puedan  tener, as\u00ed como la eliminaci\u00f3n del seguro individual obligatorio requerido, entre otras.<\/p>\n<\/p>\n<p>Alrededor del mundo cita las  inquietudes generadas como es  el caso de Puerto Rico que  la reforma lo coloca como una jurisdicci\u00f3n for\u00e1nea lo que obliga a las empresas norteamericanas con patentes desarrolladas en Estados Unidos a pagar un 12.5%, el de M\u00e9xico  en que  la econom\u00eda ya est\u00e1 siendo afectada y que se refleja en el incremento de la cotizaci\u00f3n del d\u00f3lar con relaci\u00f3n al peso.<\/p>\n<\/p>\n<p>\u00abChina y Argentina se fueron adelante, el gigante asi\u00e1tico decidi\u00f3 de manera retroactiva que las empresas extranjeras que reinviertan sus beneficios en la econom\u00eda china, en sectores espec\u00edficos, tendr\u00e1n exenciones impositivas En el caso de Argentina, el Congreso aprob\u00f3 el mi\u00e9rcoles 27 del mes pasado una rebaja al impuesto de las empresas de un 35% a un 25%, y la rebaja las contribuciones patronales al sistema previsional\u00bb, escribe Daniel Toribio que el PLD destaca en un despacho de su Secretar\u00eda de Comunicaciones.<\/p>\n<\/p>\n<p>En el caso de la  Uni\u00f3n Europea,  ha manifestado tambi\u00e9n su preocupaci\u00f3n por la reforma norteamericana enviando un documento en el  que advierte sobre  su efecto distorsionador.<\/p>\n<\/p>\n<p>En cuanto a la econom\u00eda de Rep\u00fablica Dominicana no ve efectos negativos en lo inmediato, pero recomienda \u00abun monitoreo previsor\u00bb, acci\u00f3n que califica de importante.<\/p>\n<h6> 2018-01-08 12:45:05 <\/h6>\n<p><!--\n<link rel=\"stylesheet\" href=\"css\/bootstrap.min.css\">\n\n\n<ul class=\"pagination\">\n\t    \n\t\n\n<li >\n\t<a href='?page_no=6838'>Previous<\/a>\n\t<\/li>\n\n\n       \n    \n\n<li><a href='?page_no=1'>1<\/a><\/li>\n\n\n\n<li><a href='?page_no=2'>2<\/a><\/li>\n\n\n\n<li><a>...<\/a><\/li>\n\n\n\n<li><a href='?page_no=6837'>6837<\/a><\/li>\n\n\n\n<li><a href='?page_no=6838'>6838<\/a><\/li>\n\n\n\n<li class='active'><a>6839<\/a><\/li>\n\n\n\n<li><a href='?page_no=6840'>6840<\/a><\/li>\n\n\n\n<li><a href='?page_no=6841'>6841<\/a><\/li>\n\n\n\n<li><a>...<\/a><\/li>\n\n\n\n<li><a href='?page_no=36999'>36999<\/a><\/li>\n\n\n\n<li><a href='?page_no=37000'>37000<\/a><\/li>\n\n    \n\t\n\n<li >\n\t<a href='?page_no=6840'>Next<\/a>\n\t<\/li>\n\n\n    \n\n<li><a href='?page_no=37000'>Last &rsaquo;&rsaquo;<\/a><\/li>\n\n<\/ul>\n\n\n--><br \/>\n<\/body><\/p>\n","protected":false},"excerpt":{"rendered":"<p>Daniel Toribio, titular de la Secretar\u00eda de Asuntos Econ\u00f3micos del Partido de la Liberaci\u00f3n Dominicana advierte que la reforma tributaria norteamericana, aunque en el corto plazo no afectar\u00eda la econom\u00eda dominicana, prev\u00e9 que pudiera \u00abconvertirse en un desestimulo a la inversi\u00f3n \u00bb en nuestro pa\u00eds. Toribio en un art\u00edculo en el List\u00edn Diario y Vanguardia [&hellip;]<\/p>\n","protected":false},"author":3,"featured_media":0,"comment_status":"open","ping_status":"open","sticky":false,"template":"","format":"standard","meta":{"footnotes":""},"categories":[22],"tags":[],"class_list":["post-171543","post","type-post","status-publish","format-standard","hentry","category-politica"],"_links":{"self":[{"href":"https:\/\/diariodominicano.com\/index.php?rest_route=\/wp\/v2\/posts\/171543","targetHints":{"allow":["GET"]}}],"collection":[{"href":"https:\/\/diariodominicano.com\/index.php?rest_route=\/wp\/v2\/posts"}],"about":[{"href":"https:\/\/diariodominicano.com\/index.php?rest_route=\/wp\/v2\/types\/post"}],"author":[{"embeddable":true,"href":"https:\/\/diariodominicano.com\/index.php?rest_route=\/wp\/v2\/users\/3"}],"replies":[{"embeddable":true,"href":"https:\/\/diariodominicano.com\/index.php?rest_route=%2Fwp%2Fv2%2Fcomments&post=171543"}],"version-history":[{"count":0,"href":"https:\/\/diariodominicano.com\/index.php?rest_route=\/wp\/v2\/posts\/171543\/revisions"}],"wp:attachment":[{"href":"https:\/\/diariodominicano.com\/index.php?rest_route=%2Fwp%2Fv2%2Fmedia&parent=171543"}],"wp:term":[{"taxonomy":"category","embeddable":true,"href":"https:\/\/diariodominicano.com\/index.php?rest_route=%2Fwp%2Fv2%2Fcategories&post=171543"},{"taxonomy":"post_tag","embeddable":true,"href":"https:\/\/diariodominicano.com\/index.php?rest_route=%2Fwp%2Fv2%2Ftags&post=171543"}],"curies":[{"name":"wp","href":"https:\/\/api.w.org\/{rel}","templated":true}]}}