{"id":171542,"date":"2018-01-08T13:21:28","date_gmt":"2018-01-08T13:21:28","guid":{"rendered":"http:\/\/diariodominicano.ddns.net\/?p=171542"},"modified":"2018-01-08T13:21:28","modified_gmt":"2018-01-08T13:21:28","slug":"jesus-feris-iglesias-inscribe-su-candidatura-para-presidente-del-prm","status":"publish","type":"post","link":"https:\/\/diariodominicano.com\/?p=171542","title":{"rendered":"Jes\u00fas Feris Iglesias inscribe su candidatura para presidente del PRM"},"content":{"rendered":"<p><body><\/p>\n<p><img decoding=\"async\" src=\"img3\/prm12.jpg\" \/>  <\/p>\n<p>El doctor Jes\u00fas Feris Iglesias inscribi\u00f3 hoy su candidatura para optar por la presidencia del Partido Revolucionario Moderno (PRM), cargo a disputarse en la pr\u00f3xima Convenci\u00f3n Ordinario de esa organizaci\u00f3n, a escogerse el pr\u00f3ximo 18 de febrero mediante la votaci\u00f3n universal y directa de sus militantes.<\/p>\n<\/p>\n<p>Ante la presencia de decenas de seguidores, Iglesias present\u00f3 formalmente, el licenciado Tony Raful y otros miembros de la Comisi\u00f3n Nacional Organizadora (CON), un legajo de documentos contentivos de los requisitos para optar por dicho cargo.<\/p>\n<\/p>\n<p>Al recibir la propuesta del aspirante a presidir del PRM, Raful ponder\u00f3 la apertura y dinamizaci\u00f3n del proceso, el cual cada d\u00eda vigorosa su competitividad con la inscripci\u00f3n de cientos de aspirantes a distingos cargos que se disputar\u00e1n en el certamen interno de febrero.<\/p>\n<\/p>\n<p>Destac\u00f3 el entusiasmo que reina entre la militancia y la poblaci\u00f3n por la celebraci\u00f3n de la convenci\u00f3n, la cual cifra gran expectativa y esperanzas de que la organizaci\u00f3n salga fortalecida y eleve as\u00ed la credibilidad en el sistema partidarios.<\/p>\n<\/p>\n<p>Garantiz\u00f3 la transparencia del proceso y el seguro fortalecimiento de la organizaci\u00f3n a consecuencia del mismo, en el que se espera la participaci\u00f3n de la mayor\u00eda de los mas 480 mil militantes inscritos en el padr\u00f3n interno del partido.<\/p>\n<\/p>\n<p>Adem\u00e1s de Raful, estuvieron presentes; El doctor Jos\u00e9 Garc\u00eda Ram\u00edrez y Fernando Dur\u00e1n, Vicepresidente y Secretario Ejecutivo de la CON, junto a la se\u00f1ora Sandra Mancebo, Secretaria de la misma,<\/p>\n<\/p>\n<p>Por su parte, el doctor Feris Iglesias, anunci\u00f3 que su candidatura procura la necesaria renovaci\u00f3n y esperanza de cambios que tiene la sociedad en la direcci\u00f3n de los partidos, prometiendo un vinculaci\u00f3n estrecha y participativa con la sociedad, con la finalidad de interpretar sus anhelos de adecentar la pr\u00e1ctica pol\u00edtica en el pa\u00eds.<\/p>\n<\/p>\n<p>Prometi\u00f3 como sus primeras decisiones, la dinamizaci\u00f3n en la organizaci\u00f3n del primer Congreso del partido en el cual se definir\u00e1 la l\u00ednea estrat\u00e9gica, la concepci\u00f3n ideol\u00f3gica, la determinaci\u00f3n de la defensa a las pol\u00edticas p\u00fablicas que mejoren la calidad de vida de la gente.<\/p>\n<\/p>\n<p>La carrera pol\u00edtica de Jes\u00fas Feris Iglesias inicia por haber sido miembro de la Juventud del 14 de Junio, Miembro del Comit\u00e9 Ejecutivo Nacional del PRD, Supervisor de la Provincia de San Pedro de Macor\u00eds, Propulsor para el entendimiento entre Jacobo Majluta y Jos\u00e9 Francisco Pe\u00f1a G\u00f3mez, siendo su hogar la Casa Nacional del PRD por m\u00e1s de seis meses, Candidato a Senador por la Provincia de San Pedro de Macor\u00eds, acompa\u00f1ando a Jos\u00e9 Francisco Pe\u00f1a G\u00f3mez en la candidatura a la Presidencia del pa\u00eds, Miembro de la Comisi\u00f3n de Reforma del PRD, junto a Milagros Ort\u00edz Bosch, Miembro de la Direcci\u00f3n Ejecutiva , Comit\u00e9 Ejecutivo y Comit\u00e9 Nacional del Partido Revolucionario Moderno ?PRM-<\/p>\n<p>La vida profesional de Jes\u00fas Feris Iglesias es Doctor en Medicina, UASD, Pediatra Infectologo, Profesor Titular de la C\u00e1tedra de Pediatr\u00eda, UASD, Jefe del Departamento de Infectolog\u00eda, Hospital Infantil Dr. Robert Reid Cabral ?HIRRC, Pasado Jefe de Ense\u00f1anza HIRRC, FUNDADOR Y JEFE DE LAS UNIDADES DE CUIDADOS INTENSIVOS DE PEDIATRIA Y NEONATOLOGIA HIRRC, Fundador y Jefe de la Unidades de Cuidados Intensivos de Pediatr\u00eda y Neonatolog\u00eda, HIRRC.<\/p>\n<\/p>\n<p>Adem\u00e1s;  Pasado presidente de la Sociedad Dominicana de Toxicolog\u00eda, Pasado presidente de la Sociedad Dominicana de Pediatr\u00eda, Fundador y pasado presidente de la Sociedad Dominicana de Infectolog\u00eda y Pasado presidente de la Asociaci\u00f3n Panamericana de Infectolog\u00eda, Fundador y pasado presidente del Instituto Nacional de la Salud ?INSALUD, Pasado presidente del Consejo de Directores de PROFAMILIA, EDITOR-DIRECTOR DE ARCHIVOS DOMINICANOS DE PEDIATRIA, PRESIDENTE DE LA FUNDACI\u00d3N DOMINICANA DE INFECTOLOG\u00cdA, INC., Editor y Co editor de seis libro de medicina, M\u00e1s de 100 publicaciones de investigaciones cient\u00edficas en revistas nacionales e internacionales y Director del programa radial Conversando de Salud que se transmite en la 107.7 de 11 a 12m diario<\/p>\n<\/p>\n<p>Hoja de vida profesional del Dr. Jes\u00fas Feris Iglesias<\/p>\n<p>1.            Doctor en Medicina, UASD<\/p>\n<p>2.            Pediatra Infectologo<\/p>\n<p>3.            Profesor Titular de la C\u00e1tedra de Pediatr\u00eda, UASD<\/p>\n<p>4.            Jefe del Departamento de Infectolog\u00eda, Hospital Infantil Dr. Robert Reid Cabral ?HIRRC-<\/p>\n<p>5.            Pasado Jefe de Ense\u00f1anza HIRRC<\/p>\n<p>6.            FUNDADOR Y JEFE DE LAS UNIDADES DE CUIDADOS INTENSIVOS DE PEDIATRIA Y NEONATOLOGIA HIRRC<\/p>\n<p>7.            Fundador y Jefe de la Unidades de Cuidados Intensivos de Pediatr\u00eda y Neonatolog\u00eda, HIRRC<\/p>\n<p>8.            Pasado presidente de la Sociedad Dominicana de T\u00f3xicolog\u00eda<\/p>\n<p>9.            Pasado presidente de la Sociedad Dominicana de Pediatr\u00eda<\/p>\n<p>10.          Fundador y pasado presidente de la Sociedad Dominicana de Infectolog\u00eda<\/p>\n<p>11.          Pasado presidente de la Asociaci\u00f3n Panamericana de Infectolog\u00eda<\/p>\n<p>12.          Fundador y pasado presidente del Instituto Nacional de la Salud ?INSALUD-<\/p>\n<p>13.          Pasado presidente del Consejo de Directores de PROFAMILIA<\/p>\n<p>14.          EDITOR-DIRECTOR DE ARCHIVOS DOMINICANOS DE PEDIATRIA<\/p>\n<p>15.          PRESIDENTE DE LA FUNDACI\u00d3N DOMINICANA DE INFECTOLOG\u00cdA, INC.<\/p>\n<p>16.          Editor y Co editor de seis libro de medicina<\/p>\n<p>17.          M\u00e1s de 100 publicaciones de investigaciones cient\u00edficas en revistas nacionales e internacionales<\/p>\n<p>18.          Director del programa radial Conversando de Salud que se transmite en la 107.7 de 11 a 12m diario<\/p>\n<\/p>\n<p>Hoja de vida pol\u00edtica del Dr. Jes\u00fas Feris Iglesias<\/p>\n<p>1.            Miembro de la Juventud del 14 de Junio<\/p>\n<p>2.            Miembro del Comit\u00e9 Ejecutivo Nacional del PRD<\/p>\n<p>3.            Supervisor de la Provincia de San Pedro de Macor\u00eds<\/p>\n<p>4.            Propulsor para el entendimiento entre Jacobo Majluta y Jos\u00e9 Francisco Pe\u00f1a G\u00f3mez, siendo su hogar la Casa Nacional del PRD por m\u00e1s de seis meses<\/p>\n<p>5.            Candidato a Senador por la Provincia de San Pedro de Macor\u00eds, acompa\u00f1ando a Jos\u00e9 Francisco Pe\u00f1a G\u00f3mez en la candidatura a la Presidencia del pa\u00eds<\/p>\n<p>6.            Miembro de la Comisi\u00f3n de Reforma del PRD, junto a Milagros Ort\u00edz Bosch<\/p>\n<p>7.            Miembro de la Direcci\u00f3n Ejecutiva , Comit\u00e9 Ejecutivo y Comit\u00e9 Nacional del Partido Revolucionario Moderno ?PRM-<\/p>\n<p>8.            Aspirante a la Presidencia del PRM<\/p>\n<h6> 2018-01-08 13:21:28 <\/h6>\n<p><!--\n<link rel=\"stylesheet\" href=\"css\/bootstrap.min.css\">\n\n\n<ul class=\"pagination\">\n\t    \n\t\n\n<li >\n\t<a href='?page_no=6837'>Previous<\/a>\n\t<\/li>\n\n\n       \n    \n\n<li><a href='?page_no=1'>1<\/a><\/li>\n\n\n\n<li><a href='?page_no=2'>2<\/a><\/li>\n\n\n\n<li><a>...<\/a><\/li>\n\n\n\n<li><a href='?page_no=6836'>6836<\/a><\/li>\n\n\n\n<li><a href='?page_no=6837'>6837<\/a><\/li>\n\n\n\n<li class='active'><a>6838<\/a><\/li>\n\n\n\n<li><a href='?page_no=6839'>6839<\/a><\/li>\n\n\n\n<li><a href='?page_no=6840'>6840<\/a><\/li>\n\n\n\n<li><a>...<\/a><\/li>\n\n\n\n<li><a href='?page_no=36999'>36999<\/a><\/li>\n\n\n\n<li><a href='?page_no=37000'>37000<\/a><\/li>\n\n    \n\t\n\n<li >\n\t<a href='?page_no=6839'>Next<\/a>\n\t<\/li>\n\n\n    \n\n<li><a href='?page_no=37000'>Last &rsaquo;&rsaquo;<\/a><\/li>\n\n<\/ul>\n\n\n--><br \/>\n<\/body><\/p>\n","protected":false},"excerpt":{"rendered":"<p>El doctor Jes\u00fas Feris Iglesias inscribi\u00f3 hoy su candidatura para optar por la presidencia del Partido Revolucionario Moderno (PRM), cargo a disputarse en la pr\u00f3xima Convenci\u00f3n Ordinario de esa organizaci\u00f3n, a escogerse el pr\u00f3ximo 18 de febrero mediante la votaci\u00f3n universal y directa de sus militantes. Ante la presencia de decenas de seguidores, Iglesias present\u00f3 [&hellip;]<\/p>\n","protected":false},"author":3,"featured_media":0,"comment_status":"open","ping_status":"open","sticky":false,"template":"","format":"standard","meta":{"footnotes":""},"categories":[22],"tags":[],"class_list":["post-171542","post","type-post","status-publish","format-standard","hentry","category-politica"],"_links":{"self":[{"href":"https:\/\/diariodominicano.com\/index.php?rest_route=\/wp\/v2\/posts\/171542","targetHints":{"allow":["GET"]}}],"collection":[{"href":"https:\/\/diariodominicano.com\/index.php?rest_route=\/wp\/v2\/posts"}],"about":[{"href":"https:\/\/diariodominicano.com\/index.php?rest_route=\/wp\/v2\/types\/post"}],"author":[{"embeddable":true,"href":"https:\/\/diariodominicano.com\/index.php?rest_route=\/wp\/v2\/users\/3"}],"replies":[{"embeddable":true,"href":"https:\/\/diariodominicano.com\/index.php?rest_route=%2Fwp%2Fv2%2Fcomments&post=171542"}],"version-history":[{"count":0,"href":"https:\/\/diariodominicano.com\/index.php?rest_route=\/wp\/v2\/posts\/171542\/revisions"}],"wp:attachment":[{"href":"https:\/\/diariodominicano.com\/index.php?rest_route=%2Fwp%2Fv2%2Fmedia&parent=171542"}],"wp:term":[{"taxonomy":"category","embeddable":true,"href":"https:\/\/diariodominicano.com\/index.php?rest_route=%2Fwp%2Fv2%2Fcategories&post=171542"},{"taxonomy":"post_tag","embeddable":true,"href":"https:\/\/diariodominicano.com\/index.php?rest_route=%2Fwp%2Fv2%2Ftags&post=171542"}],"curies":[{"name":"wp","href":"https:\/\/api.w.org\/{rel}","templated":true}]}}