{"id":171541,"date":"2018-01-08T13:53:00","date_gmt":"2018-01-08T13:53:00","guid":{"rendered":"http:\/\/diariodominicano.ddns.net\/?p=171541"},"modified":"2018-01-08T13:53:00","modified_gmt":"2018-01-08T13:53:00","slug":"oficina-senatorial-de-santiago-presenta-boletin-lo-hizo-valentin","status":"publish","type":"post","link":"https:\/\/diariodominicano.com\/?p=171541","title":{"rendered":"Oficina Senatorial de Santiago presenta Bolet\u00edn \u00abLo Hizo Valent\u00edn\u00bb"},"content":{"rendered":"<p><body><\/p>\n<p><img decoding=\"async\" src=\"img3\/valentin1.jpg\" \/>  <\/p>\n<p>SANTIAGO. &#8211; La Oficina Senatorial de Santiago presenta Bolet\u00edn \u00abLo Hizo Valent\u00edn\u00bb, \u00f3rgano de difusi\u00f3n oficial en formato digital e impreso que recoger\u00e1 las informaciones m\u00e1s relevantes de la labor de representaci\u00f3n que desarrolla el senador de esta provincia, Julio C\u00e9sar Valent\u00edn.<\/p>\n<\/p>\n<p>A trav\u00e9s de un comunicado de prensa, la entidad informa que con este nuevo medio informativo busca fortalecer su comunicaci\u00f3n institucional y brindar a los medios de comunicaci\u00f3n y toda la ciudadan\u00eda una informaci\u00f3n en un estilo atractivo, moderno y m\u00e1s pr\u00e1ctico.<\/p>\n<\/p>\n<p>En el Bolet\u00edn, que tendr\u00e1 una circulaci\u00f3n trimestral, estar\u00e1n rese\u00f1ados los proyectos que lleva a cabo la oficina, as\u00ed como tambi\u00e9n, todas las actividades que realice en la provincia. Adem\u00e1s, de todo el trabajo legislativo en el congreso nacional del senador Valent\u00edn.<\/p>\n<\/p>\n<p>Como representante, Valent\u00edn Jimini\u00e1n, tambi\u00e9n desarrolla gestiones de canalizaci\u00f3n de soluciones a las principales demandas y reclamos de los distintos sectores de la provincia, los cuales estar\u00e1n contenidos en el bolet\u00edn institucional.<\/p>\n<\/p>\n<p>El primer bolet\u00edn abarca desde el mes de agosto hasta el mes de diciembre del a\u00f1o 2017.<\/p>\n<h6> 2018-01-08 13:53:00 <\/h6>\n<p><!--\n<link rel=\"stylesheet\" href=\"css\/bootstrap.min.css\">\n\n\n<ul class=\"pagination\">\n\t    \n\t\n\n<li >\n\t<a href='?page_no=6836'>Previous<\/a>\n\t<\/li>\n\n\n       \n    \n\n<li><a href='?page_no=1'>1<\/a><\/li>\n\n\n\n<li><a href='?page_no=2'>2<\/a><\/li>\n\n\n\n<li><a>...<\/a><\/li>\n\n\n\n<li><a href='?page_no=6835'>6835<\/a><\/li>\n\n\n\n<li><a href='?page_no=6836'>6836<\/a><\/li>\n\n\n\n<li class='active'><a>6837<\/a><\/li>\n\n\n\n<li><a href='?page_no=6838'>6838<\/a><\/li>\n\n\n\n<li><a href='?page_no=6839'>6839<\/a><\/li>\n\n\n\n<li><a>...<\/a><\/li>\n\n\n\n<li><a href='?page_no=36999'>36999<\/a><\/li>\n\n\n\n<li><a href='?page_no=37000'>37000<\/a><\/li>\n\n    \n\t\n\n<li >\n\t<a href='?page_no=6838'>Next<\/a>\n\t<\/li>\n\n\n    \n\n<li><a href='?page_no=37000'>Last &rsaquo;&rsaquo;<\/a><\/li>\n\n<\/ul>\n\n\n--><br \/>\n<\/body><\/p>\n","protected":false},"excerpt":{"rendered":"<p>SANTIAGO. &#8211; La Oficina Senatorial de Santiago presenta Bolet\u00edn \u00abLo Hizo Valent\u00edn\u00bb, \u00f3rgano de difusi\u00f3n oficial en formato digital e impreso que recoger\u00e1 las informaciones m\u00e1s relevantes de la labor de representaci\u00f3n que desarrolla el senador de esta provincia, Julio C\u00e9sar Valent\u00edn. A trav\u00e9s de un comunicado de prensa, la entidad informa que con este [&hellip;]<\/p>\n","protected":false},"author":3,"featured_media":0,"comment_status":"open","ping_status":"open","sticky":false,"template":"","format":"standard","meta":{"footnotes":""},"categories":[22],"tags":[],"class_list":["post-171541","post","type-post","status-publish","format-standard","hentry","category-politica"],"_links":{"self":[{"href":"https:\/\/diariodominicano.com\/index.php?rest_route=\/wp\/v2\/posts\/171541","targetHints":{"allow":["GET"]}}],"collection":[{"href":"https:\/\/diariodominicano.com\/index.php?rest_route=\/wp\/v2\/posts"}],"about":[{"href":"https:\/\/diariodominicano.com\/index.php?rest_route=\/wp\/v2\/types\/post"}],"author":[{"embeddable":true,"href":"https:\/\/diariodominicano.com\/index.php?rest_route=\/wp\/v2\/users\/3"}],"replies":[{"embeddable":true,"href":"https:\/\/diariodominicano.com\/index.php?rest_route=%2Fwp%2Fv2%2Fcomments&post=171541"}],"version-history":[{"count":0,"href":"https:\/\/diariodominicano.com\/index.php?rest_route=\/wp\/v2\/posts\/171541\/revisions"}],"wp:attachment":[{"href":"https:\/\/diariodominicano.com\/index.php?rest_route=%2Fwp%2Fv2%2Fmedia&parent=171541"}],"wp:term":[{"taxonomy":"category","embeddable":true,"href":"https:\/\/diariodominicano.com\/index.php?rest_route=%2Fwp%2Fv2%2Fcategories&post=171541"},{"taxonomy":"post_tag","embeddable":true,"href":"https:\/\/diariodominicano.com\/index.php?rest_route=%2Fwp%2Fv2%2Ftags&post=171541"}],"curies":[{"name":"wp","href":"https:\/\/api.w.org\/{rel}","templated":true}]}}