{"id":171540,"date":"2018-01-08T13:59:30","date_gmt":"2018-01-08T13:59:30","guid":{"rendered":"http:\/\/diariodominicano.ddns.net\/?p=171540"},"modified":"2018-01-08T13:59:30","modified_gmt":"2018-01-08T13:59:30","slug":"segura-foster-afirma-2018-sera-un-ano-excelente","status":"publish","type":"post","link":"https:\/\/diariodominicano.com\/?p=171540","title":{"rendered":"Segura Foster afirma 2018 ser\u00e1 un a\u00f1o excelente"},"content":{"rendered":"<p><body><\/p>\n<p><img decoding=\"async\" src=\"img3\/foester.jpg\" \/>  <\/p>\n<p><strong>SANTO DOMINGO, RD, 8 de enero de 2018.-<\/strong> Desde el   gobierno se tiene plena seguridad de que el 2018 ser\u00e1 un a\u00f1o excelente, que dar\u00e1 continuidad a un periodo bueno, como se refleja en las estad\u00edsticas.<\/p>\n<\/p>\n<p>La afirmaci\u00f3n es de Carlos Segura Foster, miembro del Comit\u00e9 Central del Partido de la Liberaci\u00f3n Dominicana, quien destaca   que el gobierno de esa organizaci\u00f3n, que preside Danilo Medina, trabaja con criterio firme sobre la base un diagn\u00f3stico de la realidad y planificaci\u00f3n de las acciones.<\/p>\n<\/p>\n<p>\u00abSe fijan objetivos y metas, se ponen fechas basadas en prioridades y se act\u00faa con un criterio de seguimiento que permiten buenos resultados a pesar de los inconvenientes que puedan suceder\u00bb, expres\u00f3 Segura Foster, al hablar en calidad de titular del Banco Agr\u00edcola.<\/p>\n<\/p>\n<p>Record\u00f3 que el 2017 se registraron las adversidades que se derivaron, primero de las inundaciones y luego de los ciclones y de toda manera el sector agropecuario cerr\u00f3 siendo el segundo rengl\u00f3n de la econom\u00eda con mayor crecimiento relativo, apunt\u00f3 Segura Foster.  <\/p>\n<\/p>\n<p>Salud\u00f3 que el presidente Danilo Medina, haya declarado el 2018 como a\u00f1o de Fomento de la Exportaciones y entre ellas, la agro-exportaci\u00f3n, ya que aqu\u00ed contamos productos que son de alto consumo local, pero tambi\u00e9n tienen un puesto en el rengl\u00f3n exportador.<\/p>\n<\/p>\n<p>El administrador del Banco Agr\u00edcola fue entrevistado en la Corporaci\u00f3n Estatal de Radio y Televisi\u00f3n donde inform\u00f3 del fomento oficial en la siembra de aguacate, guineo, mango, pi\u00f1a, cacao, caf\u00e9, para abastecer otros mercados internacionales.<\/p>\n<\/p>\n<p>Otro sector que logr\u00f3 un gran auge en el 2017, es el lechero, en el cual Segura Foster destac\u00f3 el gran apoyo recibido por el gobierno, casi duplicando su producci\u00f3n en comparaci\u00f3n a otros a\u00f1os.<\/p>\n<\/p>\n<p>\u00abPor primera vez el pa\u00eds supera los 800 millones de litros de leche. Un rengl\u00f3n de mucha importancia para la sostenibilidad de los programas del desayuno escolar\u00bb, expres\u00f3, recordando la decisi\u00f3n del gobierno de que al desayuno escolar no llegue una sola raci\u00f3n con leche que no sea de producci\u00f3n local.<\/p>\n<h6> 2018-01-08 13:59:30 <\/h6>\n<p><!--\n<link rel=\"stylesheet\" href=\"css\/bootstrap.min.css\">\n\n\n<ul class=\"pagination\">\n\t    \n\t\n\n<li >\n\t<a href='?page_no=6835'>Previous<\/a>\n\t<\/li>\n\n\n       \n    \n\n<li><a href='?page_no=1'>1<\/a><\/li>\n\n\n\n<li><a href='?page_no=2'>2<\/a><\/li>\n\n\n\n<li><a>...<\/a><\/li>\n\n\n\n<li><a href='?page_no=6834'>6834<\/a><\/li>\n\n\n\n<li><a href='?page_no=6835'>6835<\/a><\/li>\n\n\n\n<li class='active'><a>6836<\/a><\/li>\n\n\n\n<li><a href='?page_no=6837'>6837<\/a><\/li>\n\n\n\n<li><a href='?page_no=6838'>6838<\/a><\/li>\n\n\n\n<li><a>...<\/a><\/li>\n\n\n\n<li><a href='?page_no=36999'>36999<\/a><\/li>\n\n\n\n<li><a href='?page_no=37000'>37000<\/a><\/li>\n\n    \n\t\n\n<li >\n\t<a href='?page_no=6837'>Next<\/a>\n\t<\/li>\n\n\n    \n\n<li><a href='?page_no=37000'>Last &rsaquo;&rsaquo;<\/a><\/li>\n\n<\/ul>\n\n\n--><br \/>\n<\/body><\/p>\n","protected":false},"excerpt":{"rendered":"<p>SANTO DOMINGO, RD, 8 de enero de 2018.- Desde el gobierno se tiene plena seguridad de que el 2018 ser\u00e1 un a\u00f1o excelente, que dar\u00e1 continuidad a un periodo bueno, como se refleja en las estad\u00edsticas. La afirmaci\u00f3n es de Carlos Segura Foster, miembro del Comit\u00e9 Central del Partido de la Liberaci\u00f3n Dominicana, quien destaca [&hellip;]<\/p>\n","protected":false},"author":3,"featured_media":0,"comment_status":"open","ping_status":"open","sticky":false,"template":"","format":"standard","meta":{"footnotes":""},"categories":[22],"tags":[],"class_list":["post-171540","post","type-post","status-publish","format-standard","hentry","category-politica"],"_links":{"self":[{"href":"https:\/\/diariodominicano.com\/index.php?rest_route=\/wp\/v2\/posts\/171540","targetHints":{"allow":["GET"]}}],"collection":[{"href":"https:\/\/diariodominicano.com\/index.php?rest_route=\/wp\/v2\/posts"}],"about":[{"href":"https:\/\/diariodominicano.com\/index.php?rest_route=\/wp\/v2\/types\/post"}],"author":[{"embeddable":true,"href":"https:\/\/diariodominicano.com\/index.php?rest_route=\/wp\/v2\/users\/3"}],"replies":[{"embeddable":true,"href":"https:\/\/diariodominicano.com\/index.php?rest_route=%2Fwp%2Fv2%2Fcomments&post=171540"}],"version-history":[{"count":0,"href":"https:\/\/diariodominicano.com\/index.php?rest_route=\/wp\/v2\/posts\/171540\/revisions"}],"wp:attachment":[{"href":"https:\/\/diariodominicano.com\/index.php?rest_route=%2Fwp%2Fv2%2Fmedia&parent=171540"}],"wp:term":[{"taxonomy":"category","embeddable":true,"href":"https:\/\/diariodominicano.com\/index.php?rest_route=%2Fwp%2Fv2%2Fcategories&post=171540"},{"taxonomy":"post_tag","embeddable":true,"href":"https:\/\/diariodominicano.com\/index.php?rest_route=%2Fwp%2Fv2%2Ftags&post=171540"}],"curies":[{"name":"wp","href":"https:\/\/api.w.org\/{rel}","templated":true}]}}