{"id":171539,"date":"2018-01-09T11:36:43","date_gmt":"2018-01-09T11:36:43","guid":{"rendered":"http:\/\/diariodominicano.ddns.net\/?p=171539"},"modified":"2018-01-09T11:36:43","modified_gmt":"2018-01-09T11:36:43","slug":"mmv-evalua-este-sabado-proceso-electoral-del-cdp","status":"publish","type":"post","link":"https:\/\/diariodominicano.com\/?p=171539","title":{"rendered":"MMV eval\u00faa este s\u00e1bado proceso electoral del CDP"},"content":{"rendered":"<p><body><\/p>\n<p>SANTO DOMINGO.- El Movimiento Marcelino Vega (MMV) evaluar\u00e1 este s\u00e1bado su participaci\u00f3n en el pasado proceso electoral del Colegio Dominicano de Periodistas (CDP).<\/p>\n<\/p>\n<p>Olivo De Le\u00f3n, coordinador de la entidad, inform\u00f3 que con ese prop\u00f3sito la Direcci\u00f3n Nacional del Movimiento program\u00f3 una reuni\u00f3n de trabajo para este s\u00e1bado 13 de enero.<\/p>\n<\/p>\n<p>Explic\u00f3 que la misma se iniciar\u00e1 a las diez de la ma\u00f1ana, en el Sal\u00f3n Orlando Mart\u00ednez del CDP, para lo cual La Direcci\u00f3n invit\u00f3 a todos los involucrados en el proceso, empezando por los candidatos, los delegados en los centros de votaci\u00f3n, los asesores, los estrategas, los directivos y militantes del MMV interesados en el fortalecimiento institucional de la entidad.<\/p>\n<\/p>\n<p>Dijo que el punto \u00fanico de la agenda es la evaluaci\u00f3n del proceso electoral,  con la participaci\u00f3n de sus actores, aunque adem\u00e1s se informar\u00e1 sobre la decisi\u00f3n de convocar una asamblea para tratar sobre la reestructuraci\u00f3n de la direcci\u00f3n del MMV, su programa de trabajo para este a\u00f1o 2018, sus reglamentos, entre otros puntos.<\/p>\n<\/p>\n<p>De Le\u00f3n le pidi\u00f3 a los marcelinistas del Gran Santo Domingo y de todas las provincias del pa\u00eds a enviar delegaciones al encuentro de este s\u00e1bado.<\/p>\n<h6> 2018-01-09 11:36:43 <\/h6>\n<p><!--\n<link rel=\"stylesheet\" href=\"css\/bootstrap.min.css\">\n\n\n<ul class=\"pagination\">\n\t    \n\t\n\n<li >\n\t<a href='?page_no=6834'>Previous<\/a>\n\t<\/li>\n\n\n       \n    \n\n<li><a href='?page_no=1'>1<\/a><\/li>\n\n\n\n<li><a href='?page_no=2'>2<\/a><\/li>\n\n\n\n<li><a>...<\/a><\/li>\n\n\n\n<li><a href='?page_no=6833'>6833<\/a><\/li>\n\n\n\n<li><a href='?page_no=6834'>6834<\/a><\/li>\n\n\n\n<li class='active'><a>6835<\/a><\/li>\n\n\n\n<li><a href='?page_no=6836'>6836<\/a><\/li>\n\n\n\n<li><a href='?page_no=6837'>6837<\/a><\/li>\n\n\n\n<li><a>...<\/a><\/li>\n\n\n\n<li><a href='?page_no=36999'>36999<\/a><\/li>\n\n\n\n<li><a href='?page_no=37000'>37000<\/a><\/li>\n\n    \n\t\n\n<li >\n\t<a href='?page_no=6836'>Next<\/a>\n\t<\/li>\n\n\n    \n\n<li><a href='?page_no=37000'>Last &rsaquo;&rsaquo;<\/a><\/li>\n\n<\/ul>\n\n\n--><br \/>\n<\/body><\/p>\n","protected":false},"excerpt":{"rendered":"<p>SANTO DOMINGO.- El Movimiento Marcelino Vega (MMV) evaluar\u00e1 este s\u00e1bado su participaci\u00f3n en el pasado proceso electoral del Colegio Dominicano de Periodistas (CDP). Olivo De Le\u00f3n, coordinador de la entidad, inform\u00f3 que con ese prop\u00f3sito la Direcci\u00f3n Nacional del Movimiento program\u00f3 una reuni\u00f3n de trabajo para este s\u00e1bado 13 de enero. Explic\u00f3 que la misma [&hellip;]<\/p>\n","protected":false},"author":3,"featured_media":0,"comment_status":"open","ping_status":"open","sticky":false,"template":"","format":"standard","meta":{"footnotes":""},"categories":[22],"tags":[],"class_list":["post-171539","post","type-post","status-publish","format-standard","hentry","category-politica"],"_links":{"self":[{"href":"https:\/\/diariodominicano.com\/index.php?rest_route=\/wp\/v2\/posts\/171539","targetHints":{"allow":["GET"]}}],"collection":[{"href":"https:\/\/diariodominicano.com\/index.php?rest_route=\/wp\/v2\/posts"}],"about":[{"href":"https:\/\/diariodominicano.com\/index.php?rest_route=\/wp\/v2\/types\/post"}],"author":[{"embeddable":true,"href":"https:\/\/diariodominicano.com\/index.php?rest_route=\/wp\/v2\/users\/3"}],"replies":[{"embeddable":true,"href":"https:\/\/diariodominicano.com\/index.php?rest_route=%2Fwp%2Fv2%2Fcomments&post=171539"}],"version-history":[{"count":0,"href":"https:\/\/diariodominicano.com\/index.php?rest_route=\/wp\/v2\/posts\/171539\/revisions"}],"wp:attachment":[{"href":"https:\/\/diariodominicano.com\/index.php?rest_route=%2Fwp%2Fv2%2Fmedia&parent=171539"}],"wp:term":[{"taxonomy":"category","embeddable":true,"href":"https:\/\/diariodominicano.com\/index.php?rest_route=%2Fwp%2Fv2%2Fcategories&post=171539"},{"taxonomy":"post_tag","embeddable":true,"href":"https:\/\/diariodominicano.com\/index.php?rest_route=%2Fwp%2Fv2%2Ftags&post=171539"}],"curies":[{"name":"wp","href":"https:\/\/api.w.org\/{rel}","templated":true}]}}