{"id":171537,"date":"2018-01-09T12:06:21","date_gmt":"2018-01-09T12:06:21","guid":{"rendered":"http:\/\/diariodominicano.ddns.net\/?p=171537"},"modified":"2018-01-09T12:06:21","modified_gmt":"2018-01-09T12:06:21","slug":"cesar-cedeno-coordinador-general-del-h20-jose-montas-ex-alcalde-de-san-cristobal-inscribieron-sus-candidaturas-a-vicepresidentes-del-prm","status":"publish","type":"post","link":"https:\/\/diariodominicano.com\/?p=171537","title":{"rendered":"C\u00e9sar Cede\u00f1o, Coordinador General del H20, Jos\u00e9 Montas, ex alcalde de San Crist\u00f3bal, inscribieron sus candidaturas a vicepresidentes del PRM"},"content":{"rendered":"<p><body><\/p>\n<p><img decoding=\"async\" src=\"img3\/pr1.jpg\" \/><br \/><img decoding=\"async\" src=\"img3\/pr2.jpg\" \/>  <\/p>\n<p>C\u00e9sar Cede\u00f1o, Coordinador General del Proyecto H20 que auspicia la candidatura presidencial del ex presidente Hip\u00f3lito Mej\u00eda y el ex alcalde de San Crist\u00f3bal, Jos\u00e9 Montas inscribieron hoy sus respectivas candidaturas para vicepresidentes del Partido Revolucionario Moderno, a disputarse en la pr\u00f3xima convenci\u00f3n Ordinaria a celebrarse el 18 de febrero.<\/p>\n<\/p>\n<p>Cede\u00f1o, actual presidente en Funciones, al justificar sus aspiraciones, expres\u00f3 que las mismas tienen el objetivo de imprimirle mayor vigor al PRM con miras a realizar una fuerte oposici\u00f3n al gobierno del Partido de la Liberaci\u00f3n Dominicana (PLD) que conduzca al cambio de gobierno que aspira la poblaci\u00f3n dominicana.<\/p>\n<\/p>\n<p>Se\u00f1al\u00f3 que el PRM est\u00e1 organizando una convenci\u00f3n que ser\u00e1 un verdadero ejemplo de democracia partidaria, de la cual, esta organizaci\u00f3n saldr\u00e1 fortalecida, y devolver\u00e1 la confianza a la sociedad en los partidos.<\/p>\n<\/p>\n<p>Por su parte, el ex alcalde de San Crist\u00f3bal y ex dirigente del PLD, licenciado Jos\u00e9 Montas dijo que decidi\u00f3 inscribirse para una vicepresidencia del PRM confiando en que esta organizaci\u00f3n representa el cambio que anhela la sociedad dominicana.<\/p>\n<\/p>\n<p>Manifest\u00f3 que con su inscripci\u00f3n para terciar por formar parte de la Direcci\u00f3n del PRM demuestra que vino a esta organizaci\u00f3n para quedarse y enfrentar con su experiencia las intenciones del PLD quedarse en el poder.<\/p>\n<\/p>\n<p>Reiter\u00f3 que la sociedad dominicana merece y reclama un cambio de gobierno, de estilo y de mayor hacia el pueblo por parte de las autoridades que las gobiernan, reafirmando que el partido Revolucionario Moderno es la organizaci\u00f3n en capacidad de encabezar un gran Frente de fuerzas de oposici\u00f3n para lograr la victoria en las elecciones del 2020.<\/p>\n<\/p>\n<p>Ambos aspirantes fueron recibidos por el licenciado Fernando Dur\u00e1n, Director Ejecutivo de la Comisi\u00f3n Nacional Organizadora de la Convenci\u00f3n (CON), quien ponder\u00f3 el gesto de los experimentados dirigentes de apoyar el proceso de elecci\u00f3n interna del PRM<\/p>\n<\/p>\n<p>Dijo que para la organizaci\u00f3n es un honor que dirigentes de la talla de Jos\u00e9 Montas, haya preferido militar y dirigir en el PRM, lo que representa una honra para dicha organizaci\u00f3n, dada la trayectoria y la experiencia del mismo en la lucha pol\u00edtica y democr\u00e1tica del pa\u00eds.<\/p>\n<\/p>\n<p>La inscripci\u00f3n de Jos\u00e9 Montas en el PRM y sus aspiraciones a Vicepresidente, es una demostraci\u00f3n del clima de apertura y de cambios, de renovaci\u00f3n que prima en nuestra organizaci\u00f3n, lo que indica al mismo tiempo la decisi\u00f3n de llegar al pueblo para encabezar la opci\u00f3n de sustituir la PLD para realizar un gobierno que beneficie a las grandes mayor\u00edas, con el desarrollo de un proyecto de sociedad incluyente y de desarrollo econ\u00f3mico y social.<\/p>\n<\/p>\n<p>El PRM tiene abierto el proceso de inscripci\u00f3n de candidaturas para terciar en la convenci\u00f3n venidera, el cual cierra este mi\u00e9rcoles a las 6:00 de la tarde.<\/p>\n<\/p>\n<p>Andr\u00e9s Matos.<\/p>\n<h6> 2018-01-09 12:06:21 <\/h6>\n<p><!--\n<link rel=\"stylesheet\" href=\"css\/bootstrap.min.css\">\n\n\n<ul class=\"pagination\">\n\t    \n\t\n\n<li >\n\t<a href='?page_no=6832'>Previous<\/a>\n\t<\/li>\n\n\n       \n    \n\n<li><a href='?page_no=1'>1<\/a><\/li>\n\n\n\n<li><a href='?page_no=2'>2<\/a><\/li>\n\n\n\n<li><a>...<\/a><\/li>\n\n\n\n<li><a href='?page_no=6831'>6831<\/a><\/li>\n\n\n\n<li><a href='?page_no=6832'>6832<\/a><\/li>\n\n\n\n<li class='active'><a>6833<\/a><\/li>\n\n\n\n<li><a href='?page_no=6834'>6834<\/a><\/li>\n\n\n\n<li><a href='?page_no=6835'>6835<\/a><\/li>\n\n\n\n<li><a>...<\/a><\/li>\n\n\n\n<li><a href='?page_no=36999'>36999<\/a><\/li>\n\n\n\n<li><a href='?page_no=37000'>37000<\/a><\/li>\n\n    \n\t\n\n<li >\n\t<a href='?page_no=6834'>Next<\/a>\n\t<\/li>\n\n\n    \n\n<li><a href='?page_no=37000'>Last &rsaquo;&rsaquo;<\/a><\/li>\n\n<\/ul>\n\n\n--><br \/>\n<\/body><\/p>\n","protected":false},"excerpt":{"rendered":"<p>C\u00e9sar Cede\u00f1o, Coordinador General del Proyecto H20 que auspicia la candidatura presidencial del ex presidente Hip\u00f3lito Mej\u00eda y el ex alcalde de San Crist\u00f3bal, Jos\u00e9 Montas inscribieron hoy sus respectivas candidaturas para vicepresidentes del Partido Revolucionario Moderno, a disputarse en la pr\u00f3xima convenci\u00f3n Ordinaria a celebrarse el 18 de febrero. Cede\u00f1o, actual presidente en Funciones, [&hellip;]<\/p>\n","protected":false},"author":3,"featured_media":0,"comment_status":"open","ping_status":"open","sticky":false,"template":"","format":"standard","meta":{"footnotes":""},"categories":[22],"tags":[],"class_list":["post-171537","post","type-post","status-publish","format-standard","hentry","category-politica"],"_links":{"self":[{"href":"https:\/\/diariodominicano.com\/index.php?rest_route=\/wp\/v2\/posts\/171537","targetHints":{"allow":["GET"]}}],"collection":[{"href":"https:\/\/diariodominicano.com\/index.php?rest_route=\/wp\/v2\/posts"}],"about":[{"href":"https:\/\/diariodominicano.com\/index.php?rest_route=\/wp\/v2\/types\/post"}],"author":[{"embeddable":true,"href":"https:\/\/diariodominicano.com\/index.php?rest_route=\/wp\/v2\/users\/3"}],"replies":[{"embeddable":true,"href":"https:\/\/diariodominicano.com\/index.php?rest_route=%2Fwp%2Fv2%2Fcomments&post=171537"}],"version-history":[{"count":0,"href":"https:\/\/diariodominicano.com\/index.php?rest_route=\/wp\/v2\/posts\/171537\/revisions"}],"wp:attachment":[{"href":"https:\/\/diariodominicano.com\/index.php?rest_route=%2Fwp%2Fv2%2Fmedia&parent=171537"}],"wp:term":[{"taxonomy":"category","embeddable":true,"href":"https:\/\/diariodominicano.com\/index.php?rest_route=%2Fwp%2Fv2%2Fcategories&post=171537"},{"taxonomy":"post_tag","embeddable":true,"href":"https:\/\/diariodominicano.com\/index.php?rest_route=%2Fwp%2Fv2%2Ftags&post=171537"}],"curies":[{"name":"wp","href":"https:\/\/api.w.org\/{rel}","templated":true}]}}