{"id":171536,"date":"2018-01-09T12:39:50","date_gmt":"2018-01-09T12:39:50","guid":{"rendered":"http:\/\/diariodominicano.ddns.net\/?p=171536"},"modified":"2018-01-09T12:39:50","modified_gmt":"2018-01-09T12:39:50","slug":"fuerza-boschista-reitera-a-direccion-del-pld-su-llamado-para-continuar-tareas-partidarias-en-unidad","status":"publish","type":"post","link":"https:\/\/diariodominicano.com\/?p=171536","title":{"rendered":"Fuerza Boschista reitera a direcci\u00f3n del PLD su llamado para continuar tareas partidarias en unidad&#13;"},"content":{"rendered":"<p><body><\/p>\n<p><img decoding=\"async\" src=\"img3\/fuerp.jpg\" \/>  <\/p>\n<p>Con miras a  hacer mejor lo bueno  y a continuar fortaleciendo el legado del Partido de la Liberaci\u00f3n Dominicana (PLD)  desde la direcci\u00f3n del Estado, la  Fuerza Boschista, movimiento  af\u00edn al PLD , pide que  este 2018 haya un fortalecimiento de la unidad partidaria.<\/p>\n<\/p>\n<p>\u00abPara continuar la gobernabilidad m\u00e1s all\u00e1 del 2020\u00bb, subray\u00f3 Lu\u00eds de Le\u00f3n, coordinador del movimiento y miembro del Comit\u00e9 Central pelede\u00edsta  la Fuerza Boschista , que  realiz\u00f3 una rueda de prensa en la  Casa Nacional del PLD, l hizo un llamado para que el Partido sea  relanzado,  se produzca  la ansiada  renovaci\u00f3n  interna y el fortalecimiento de la gesti\u00f3n  del gobierno.<\/p>\n<\/p>\n<p>\u00abAl dar apertura al presente a\u00f1o 2018, reafirmamos nuestra solicitud de fortalecimiento de la unidad partidaria, para garantizar la gobernabilidad le PLD m\u00e1s all\u00e1 del 2020\u00bb, acot\u00f3 Luis de Le\u00f3n en la nota divulgada por el PLD, a trav\u00e9s de la Secretar\u00eda de Comunicaciones.<\/p>\n<\/p>\n<p>La Fuerza Boschista exhort\u00f3 al Comit\u00e9 Pol\u00edtico, Central y dirigencia nacional, agendar como prioridad la apertura y activaci\u00f3n de los locales del Partido, como condici\u00f3n fundamental para fortalecer y garantizar la unidad y la gobernabilidad democr\u00e1tica en apoyo al gobierno del PLD.<\/p>\n<\/p>\n<p>Record\u00f3 al PLD \u00abque son sectores internacionales y nacionales que est\u00e1n detr\u00e1s de una confrontaci\u00f3n entre el presidente Danilo Medina y el presidente del PLD y expresidente de la Rep\u00fablica, Leonel Fern\u00e1ndez, todo esto con la intenci\u00f3n de dividir al Partido para sacarlo del poder en el 2020\u00bb.<\/p>\n<\/p>\n<p>Indic\u00f3 que ahora mucho m\u00e1s que antes, debido al agravamiento de la situaci\u00f3n pol\u00edtica, econ\u00f3mica y democr\u00e1tica internacional de la Regi\u00f3n Latinoamericana y el mundo, es necesario y urgente fortalecer la lucha en favor de la unidad pol\u00edtica y patri\u00f3tica. \u00abUna lucha en contra de la pobreza, la corrupci\u00f3n, el narcotr\u00e1fico, la impunidad y l inequidad social\u00bb, subray\u00f3.<\/p>\n<\/p>\n<p>La Fuerza Boschista manifest\u00f3 que la unidad del PLD ha sido siempre vista como un factor importante e irrevocable y m\u00e1s ahora que \u00abEl pa\u00eds necesita ahora m\u00e1s que nunca la unidad nacional, de todos los sectores, para continuar fortaleciendo el crecimiento econ\u00f3mico, el progreso, el desarrollo, la democracia y la Revoluci\u00f3n Educativa\u00bb, concluy\u00f3.<\/p>\n<h6> 2018-01-09 12:39:50 <\/h6>\n<p><!--\n<link rel=\"stylesheet\" href=\"css\/bootstrap.min.css\">\n\n\n<ul class=\"pagination\">\n\t    \n\t\n\n<li >\n\t<a href='?page_no=6831'>Previous<\/a>\n\t<\/li>\n\n\n       \n    \n\n<li><a href='?page_no=1'>1<\/a><\/li>\n\n\n\n<li><a href='?page_no=2'>2<\/a><\/li>\n\n\n\n<li><a>...<\/a><\/li>\n\n\n\n<li><a href='?page_no=6830'>6830<\/a><\/li>\n\n\n\n<li><a href='?page_no=6831'>6831<\/a><\/li>\n\n\n\n<li class='active'><a>6832<\/a><\/li>\n\n\n\n<li><a href='?page_no=6833'>6833<\/a><\/li>\n\n\n\n<li><a href='?page_no=6834'>6834<\/a><\/li>\n\n\n\n<li><a>...<\/a><\/li>\n\n\n\n<li><a href='?page_no=36999'>36999<\/a><\/li>\n\n\n\n<li><a href='?page_no=37000'>37000<\/a><\/li>\n\n    \n\t\n\n<li >\n\t<a href='?page_no=6833'>Next<\/a>\n\t<\/li>\n\n\n    \n\n<li><a href='?page_no=37000'>Last &rsaquo;&rsaquo;<\/a><\/li>\n\n<\/ul>\n\n\n--><br \/>\n<\/body><\/p>\n","protected":false},"excerpt":{"rendered":"<p>Con miras a hacer mejor lo bueno y a continuar fortaleciendo el legado del Partido de la Liberaci\u00f3n Dominicana (PLD) desde la direcci\u00f3n del Estado, la Fuerza Boschista, movimiento af\u00edn al PLD , pide que este 2018 haya un fortalecimiento de la unidad partidaria. \u00abPara continuar la gobernabilidad m\u00e1s all\u00e1 del 2020\u00bb, subray\u00f3 Lu\u00eds de [&hellip;]<\/p>\n","protected":false},"author":3,"featured_media":0,"comment_status":"open","ping_status":"open","sticky":false,"template":"","format":"standard","meta":{"footnotes":""},"categories":[22],"tags":[],"class_list":["post-171536","post","type-post","status-publish","format-standard","hentry","category-politica"],"_links":{"self":[{"href":"https:\/\/diariodominicano.com\/index.php?rest_route=\/wp\/v2\/posts\/171536","targetHints":{"allow":["GET"]}}],"collection":[{"href":"https:\/\/diariodominicano.com\/index.php?rest_route=\/wp\/v2\/posts"}],"about":[{"href":"https:\/\/diariodominicano.com\/index.php?rest_route=\/wp\/v2\/types\/post"}],"author":[{"embeddable":true,"href":"https:\/\/diariodominicano.com\/index.php?rest_route=\/wp\/v2\/users\/3"}],"replies":[{"embeddable":true,"href":"https:\/\/diariodominicano.com\/index.php?rest_route=%2Fwp%2Fv2%2Fcomments&post=171536"}],"version-history":[{"count":0,"href":"https:\/\/diariodominicano.com\/index.php?rest_route=\/wp\/v2\/posts\/171536\/revisions"}],"wp:attachment":[{"href":"https:\/\/diariodominicano.com\/index.php?rest_route=%2Fwp%2Fv2%2Fmedia&parent=171536"}],"wp:term":[{"taxonomy":"category","embeddable":true,"href":"https:\/\/diariodominicano.com\/index.php?rest_route=%2Fwp%2Fv2%2Fcategories&post=171536"},{"taxonomy":"post_tag","embeddable":true,"href":"https:\/\/diariodominicano.com\/index.php?rest_route=%2Fwp%2Fv2%2Ftags&post=171536"}],"curies":[{"name":"wp","href":"https:\/\/api.w.org\/{rel}","templated":true}]}}