{"id":171535,"date":"2018-01-09T12:43:51","date_gmt":"2018-01-09T12:43:51","guid":{"rendered":"http:\/\/diariodominicano.ddns.net\/?p=171535"},"modified":"2018-01-09T12:43:51","modified_gmt":"2018-01-09T12:43:51","slug":"seguidores-abinader-ny-eligen-candidatos-para-convencion","status":"publish","type":"post","link":"https:\/\/diariodominicano.com\/?p=171535","title":{"rendered":"Seguidores Abinader NY eligen candidatos para convenci\u00f3n"},"content":{"rendered":"<p><body><\/p>\n<p><img decoding=\"async\" src=\"img3\/abin1.jpg\" \/>  <\/p>\n<p>Por Ram\u00f3n Mercedes<\/p>\n<\/p>\n<p>NUEVA YORK.- Cerca de 200 altos y medianos dirigentes de la tendencia del aspirante nuevamente  a la presidencia de la rep\u00fablica por el Partido Revolucionario Moderno (PRM), Luis Abinader, eligieron mediante un \u00abpleno\u00bb sus candidatos a la convenci\u00f3n de la organizaci\u00f3n a efectuarse el pr\u00f3ximo 18 de febrero. <\/p>\n<\/p>\n<p>Al evento bendecido por el pastor Robert Castro, celebrado con orden en el local principal del partido ubicado en la avenida Carter con Tremont en El Bronx, asistieron delegaciones de Manhattan Norte y Sur; Bronx Norte y Sur; Brooklyn, Queens y Staten Island.<\/p>\n<\/p>\n<p>Se estableci\u00f3 primeramente una encuesta para escogerlos, pero no hubo acuerdo, luego por consenso tampoco se pudo, por lo que se hizo el \u00abpleno de dirigentes\u00bb mediante votaci\u00f3n libre y secreta ante la presencia de todos, dijo Erasmo Chalas, director de comunicaci\u00f3n.<\/p>\n<\/p>\n<p>Salieron electo Neftal\u00ed Fuerte para presidente, quien obtuvo 117 votos y sus competidores los doctores Pedro Tavera obtuvo 11 y Domingo Pe\u00f1a 2. La secretar\u00eda general fue ganada por Jhon S\u00e1nchez al adquirir 110 votos y su contrincante Ricardo V\u00e1squez consigui\u00f3 18.<\/p>\n<\/p>\n<p>Como vicepresidetes fueron escogidos Juanita Mart\u00ednez, Ram\u00f3n Pierret, Alberto F\u00e9lix, Rosa P\u00e9rez y Ramona Almonte (Mon\u00edn). Para las sub secretarias  Rolando Machado, Bienvenido Castro, \u00c1ngel Mambr\u00fa, Johanna Miranda y Henry Almonte.<\/p>\n<\/p>\n<p>Por su parte, Alejandro -Tont\u00f3n- Rodr\u00edguez, vicepresidente y coordinador general del proyecto Abinader 2020 en la urbe, dijo que la unidad debe imperar ante todo y luchar incansablemente para llevar su l\u00edder al poder.<\/p>\n<\/p>\n<p>Asimismo, defini\u00f3 el evento como un monumento a la democracia, institucionalidad y a la participaci\u00f3n, ya que el mismo fue totalmente abierto e incluyente, siguiendo las orientaciones de la direcci\u00f3n nacional del proyecto nacional \u00abAbinader 2020\u00bb.<\/p>\n<\/p>\n<p>\u00abEste masivo acto ha sido una forma para romper con la imposici\u00f3n y los acuerdos de aposentos que imped\u00eda la libre competencia entre nuestros compa\u00f1eros\u00bb, afirm\u00f3.<\/p>\n<\/p>\n<p>La comisi\u00f3n organizadora estuvo a cargo de Ram\u00f3n And\u00fajar como presidente, Nelson Maloney, secretario, Juan Sarmiento, William Aquino y C\u00e9sar Mella como miembros. Para ejercer el voto hab\u00eda que presentar la c\u00e9dula de identidad, el pasaporte o alg\u00fan documento v\u00e1lido por la ciudad de NY.   <\/p>\n<h6> 2018-01-09 12:43:51 <\/h6>\n<p><!--\n<link rel=\"stylesheet\" href=\"css\/bootstrap.min.css\">\n\n\n<ul class=\"pagination\">\n\t    \n\t\n\n<li >\n\t<a href='?page_no=6830'>Previous<\/a>\n\t<\/li>\n\n\n       \n    \n\n<li><a href='?page_no=1'>1<\/a><\/li>\n\n\n\n<li><a href='?page_no=2'>2<\/a><\/li>\n\n\n\n<li><a>...<\/a><\/li>\n\n\n\n<li><a href='?page_no=6829'>6829<\/a><\/li>\n\n\n\n<li><a href='?page_no=6830'>6830<\/a><\/li>\n\n\n\n<li class='active'><a>6831<\/a><\/li>\n\n\n\n<li><a href='?page_no=6832'>6832<\/a><\/li>\n\n\n\n<li><a href='?page_no=6833'>6833<\/a><\/li>\n\n\n\n<li><a>...<\/a><\/li>\n\n\n\n<li><a href='?page_no=36999'>36999<\/a><\/li>\n\n\n\n<li><a href='?page_no=37000'>37000<\/a><\/li>\n\n    \n\t\n\n<li >\n\t<a href='?page_no=6832'>Next<\/a>\n\t<\/li>\n\n\n    \n\n<li><a href='?page_no=37000'>Last &rsaquo;&rsaquo;<\/a><\/li>\n\n<\/ul>\n\n\n--><br \/>\n<\/body><\/p>\n","protected":false},"excerpt":{"rendered":"<p>Por Ram\u00f3n Mercedes NUEVA YORK.- Cerca de 200 altos y medianos dirigentes de la tendencia del aspirante nuevamente a la presidencia de la rep\u00fablica por el Partido Revolucionario Moderno (PRM), Luis Abinader, eligieron mediante un \u00abpleno\u00bb sus candidatos a la convenci\u00f3n de la organizaci\u00f3n a efectuarse el pr\u00f3ximo 18 de febrero. Al evento bendecido por [&hellip;]<\/p>\n","protected":false},"author":3,"featured_media":0,"comment_status":"open","ping_status":"open","sticky":false,"template":"","format":"standard","meta":{"footnotes":""},"categories":[22],"tags":[],"class_list":["post-171535","post","type-post","status-publish","format-standard","hentry","category-politica"],"_links":{"self":[{"href":"https:\/\/diariodominicano.com\/index.php?rest_route=\/wp\/v2\/posts\/171535","targetHints":{"allow":["GET"]}}],"collection":[{"href":"https:\/\/diariodominicano.com\/index.php?rest_route=\/wp\/v2\/posts"}],"about":[{"href":"https:\/\/diariodominicano.com\/index.php?rest_route=\/wp\/v2\/types\/post"}],"author":[{"embeddable":true,"href":"https:\/\/diariodominicano.com\/index.php?rest_route=\/wp\/v2\/users\/3"}],"replies":[{"embeddable":true,"href":"https:\/\/diariodominicano.com\/index.php?rest_route=%2Fwp%2Fv2%2Fcomments&post=171535"}],"version-history":[{"count":0,"href":"https:\/\/diariodominicano.com\/index.php?rest_route=\/wp\/v2\/posts\/171535\/revisions"}],"wp:attachment":[{"href":"https:\/\/diariodominicano.com\/index.php?rest_route=%2Fwp%2Fv2%2Fmedia&parent=171535"}],"wp:term":[{"taxonomy":"category","embeddable":true,"href":"https:\/\/diariodominicano.com\/index.php?rest_route=%2Fwp%2Fv2%2Fcategories&post=171535"},{"taxonomy":"post_tag","embeddable":true,"href":"https:\/\/diariodominicano.com\/index.php?rest_route=%2Fwp%2Fv2%2Ftags&post=171535"}],"curies":[{"name":"wp","href":"https:\/\/api.w.org\/{rel}","templated":true}]}}