{"id":171534,"date":"2018-01-10T09:07:12","date_gmt":"2018-01-10T09:07:12","guid":{"rendered":"http:\/\/diariodominicano.ddns.net\/?p=171534"},"modified":"2018-01-10T09:07:12","modified_gmt":"2018-01-10T09:07:12","slug":"arranca-desde-ny-la-reeleccion-presidente-medina","status":"publish","type":"post","link":"https:\/\/diariodominicano.com\/?p=171534","title":{"rendered":"Arranca desde NY la reelecci\u00f3n presidente Medina"},"content":{"rendered":"<p><body><\/p>\n<p><img decoding=\"async\" src=\"img3\/NYPolitica.jpg\" \/>  <\/p>\n<p><span class=\"text1noticias\">Por Ram\u00f3n Mercedes <\/span><\/p>\n<p><span class=\"text1noticias\"> <\/span><\/p>\n<p><span class=\"text1noticias\">NUEVA YORK, 10 de enero, 2017.- La reelecci\u00f3n del presidente Danilo Medina arranc\u00f3 la noche de este lunes en esta ciudad para todo los Estados Unidos, Rep\u00fablica Dominicana y Europa, a trav\u00e9s del movimiento pol\u00edtico \u00abNo Importa el Color\u00bb. <\/span><\/p>\n<p><span class=\"text1noticias\"> <\/span><\/p>\n<p><span class=\"text1noticias\">Asi lo manifestaron en una rueda de prensa en el restaurant 809 en el Alto Manhattan, el ingeniero Juan Trini Tejeda y el doctor Yomare Polanco, quienes encabezan el movimiento. <\/span><\/p>\n<p><span class=\"text1noticias\"> <\/span><\/p>\n<p><span class=\"text1noticias\">Expresaron, junto a directivos de Washington DC, Nueva Jersey, Massachusetts, Connecticut, Filadelfia y Espa\u00f1a, entre otros lugares, que \u00abNo Importa el Color\u00bb es un movimiento s\u00edmbolo del patriotismo, que no incursiona por pol\u00edtica barata ni miserias humanas, sino porque quiere el progreso y el porvenir de los dominicanos y de Dominicana. <\/span><\/p>\n<p><span class=\"text1noticias\"> <\/span><\/p>\n<p><span class=\"text1noticias\">\u00abOlvid\u00e9monos de partidos y de esos que andan deste\u00f1idos, vamos con nuestro movimiento a liderar lo que ser\u00e1 el proyecto m\u00e1s grande a beneficio de los dominicanos para el 2020\u00bb, indicaron. <\/span><\/p>\n<p><span class=\"text1noticias\"> <\/span><\/p>\n<p><span class=\"text1noticias\">Tejeda y Polanco precisaron que la reelecci\u00f3n es conveniente para el pa\u00eds debido a todo lo que ha hecho y se propone hacer el mandatario, y que adem\u00e1s, la naci\u00f3n merece profundizar los cambios en el sistema pol\u00edtico y jur\u00eddico. <\/span><\/p>\n<p><span class=\"text1noticias\"> <\/span><\/p>\n<p><span class=\"text1noticias\">Asimismo, mantener en el \u00e1mbito de la pol\u00edtica del estado el 4%, ampliar las tandas extendidas, continuar con el proceso de transformaci\u00f3n que se vive en el sector salud con nuevos hospitales, continuar impulsando los cambios jur\u00eddicos e institucionales para el control fronterizo y migratorio por cielo, tierra y mar. <\/span><\/p>\n<p><span class=\"text1noticias\"> <\/span><\/p>\n<p><span class=\"text1noticias\">Tambi\u00e9n trabajar para que los campos y la agricultura dominicana modernicen sus operaciones, aumenten la cantidad y calidad de sus productos para garantizar la soberan\u00eda alimentaria, as\u00ed como aumentar nuestras exportaciones hacia el exterior.     <\/span><\/p>\n<p><span class=\"text1noticias\"> <\/span><\/p>\n<p><span class=\"text1noticias\">Varios de los directivos y representantes de diferentes estados de EEUU no pudieron asistir por las p\u00e9simas condiciones del clima, entre ellos el representante en Canad\u00e1, pero asistieron y fueron juramentados Laina Neptune y Manuel Suero coordinadores en Nueva York; Diana Romero en Nueva Jersey Central y Nina Mar\u00eda Rodr\u00edguez, coordinadora en Washington DC, Maryland y Delaware. <\/span><\/p>\n<p><span class=\"text1noticias\"> <\/span><\/p>\n<p><span class=\"text1noticias\">Asimismo, Danny Martes y David F\u00e9lix de Carolina Norte y Sur;  Adonis Rodr\u00edguez en Boston; Lilian V\u00e1squez de Jersey City; Rafael Pe\u00f1a en el Norte de NJ y Francisco S\u00e1nchez, coordinador de Pensilvania y Nueva Jersey Sur. <\/span><\/p>\n<p><span class=\"text1noticias\"> <\/span><\/p>\n<p><span class=\"text1noticias\">Tambi\u00e9n Xiomara Rosado, coordonadora en Espa\u00f1a y otros pa\u00edses de Europa; Miosotis Sir\u00ed, coordinadora para el Norte en RD. <\/span><\/p>\n<p><span class=\"text1noticias\"> <\/span><\/p>\n<p><span class=\"text1noticias\">Juan G\u00f3nzalez, coordinador de cultura y deportes; Jos\u00e9 Cross, coordinador entre empresarios y comerciantes; Nelly Burgos, coordinadora de la juventud; Elsa Tejeda, de las mujeres y Gregorio D\u00edaz, de eventos. <\/span><\/p>\n<p><span class=\"text1noticias\"> <\/span><\/p>\n<p><span class=\"text1noticias\">El movimiento expresa que se ocupar\u00e1 de formar una nueva generaci\u00f3n de l\u00edderes pol\u00edticos dominicanos que sustituyan las viejas y atrasadas c\u00fapulas pol\u00edticas para poder dar<\/span>le un nuevo rumbo al pa\u00eds.<\/p>\n<h6> 2018-01-10 09:07:12 <\/h6>\n<p><!--\n<link rel=\"stylesheet\" href=\"css\/bootstrap.min.css\">\n\n\n<ul class=\"pagination\">\n\t    \n\t\n\n<li >\n\t<a href='?page_no=6829'>Previous<\/a>\n\t<\/li>\n\n\n       \n    \n\n<li><a href='?page_no=1'>1<\/a><\/li>\n\n\n\n<li><a href='?page_no=2'>2<\/a><\/li>\n\n\n\n<li><a>...<\/a><\/li>\n\n\n\n<li><a href='?page_no=6828'>6828<\/a><\/li>\n\n\n\n<li><a href='?page_no=6829'>6829<\/a><\/li>\n\n\n\n<li class='active'><a>6830<\/a><\/li>\n\n\n\n<li><a href='?page_no=6831'>6831<\/a><\/li>\n\n\n\n<li><a href='?page_no=6832'>6832<\/a><\/li>\n\n\n\n<li><a>...<\/a><\/li>\n\n\n\n<li><a href='?page_no=36999'>36999<\/a><\/li>\n\n\n\n<li><a href='?page_no=37000'>37000<\/a><\/li>\n\n    \n\t\n\n<li >\n\t<a href='?page_no=6831'>Next<\/a>\n\t<\/li>\n\n\n    \n\n<li><a href='?page_no=37000'>Last &rsaquo;&rsaquo;<\/a><\/li>\n\n<\/ul>\n\n\n--><br \/>\n<\/body><\/p>\n","protected":false},"excerpt":{"rendered":"<p>Por Ram\u00f3n Mercedes NUEVA YORK, 10 de enero, 2017.- La reelecci\u00f3n del presidente Danilo Medina arranc\u00f3 la noche de este lunes en esta ciudad para todo los Estados Unidos, Rep\u00fablica Dominicana y Europa, a trav\u00e9s del movimiento pol\u00edtico \u00abNo Importa el Color\u00bb. Asi lo manifestaron en una rueda de prensa en el restaurant 809 en [&hellip;]<\/p>\n","protected":false},"author":3,"featured_media":0,"comment_status":"open","ping_status":"open","sticky":false,"template":"","format":"standard","meta":{"footnotes":""},"categories":[22],"tags":[],"class_list":["post-171534","post","type-post","status-publish","format-standard","hentry","category-politica"],"_links":{"self":[{"href":"https:\/\/diariodominicano.com\/index.php?rest_route=\/wp\/v2\/posts\/171534","targetHints":{"allow":["GET"]}}],"collection":[{"href":"https:\/\/diariodominicano.com\/index.php?rest_route=\/wp\/v2\/posts"}],"about":[{"href":"https:\/\/diariodominicano.com\/index.php?rest_route=\/wp\/v2\/types\/post"}],"author":[{"embeddable":true,"href":"https:\/\/diariodominicano.com\/index.php?rest_route=\/wp\/v2\/users\/3"}],"replies":[{"embeddable":true,"href":"https:\/\/diariodominicano.com\/index.php?rest_route=%2Fwp%2Fv2%2Fcomments&post=171534"}],"version-history":[{"count":0,"href":"https:\/\/diariodominicano.com\/index.php?rest_route=\/wp\/v2\/posts\/171534\/revisions"}],"wp:attachment":[{"href":"https:\/\/diariodominicano.com\/index.php?rest_route=%2Fwp%2Fv2%2Fmedia&parent=171534"}],"wp:term":[{"taxonomy":"category","embeddable":true,"href":"https:\/\/diariodominicano.com\/index.php?rest_route=%2Fwp%2Fv2%2Fcategories&post=171534"},{"taxonomy":"post_tag","embeddable":true,"href":"https:\/\/diariodominicano.com\/index.php?rest_route=%2Fwp%2Fv2%2Ftags&post=171534"}],"curies":[{"name":"wp","href":"https:\/\/api.w.org\/{rel}","templated":true}]}}