{"id":171532,"date":"2018-01-10T16:08:18","date_gmt":"2018-01-10T16:08:18","guid":{"rendered":"http:\/\/diariodominicano.ddns.net\/?p=171532"},"modified":"2018-01-10T16:08:18","modified_gmt":"2018-01-10T16:08:18","slug":"leonel-aboga-por-un-orden-mundial-en-el-que-impere-la-paz-la-prosperidad-y-el-equilibrio-ecologico","status":"publish","type":"post","link":"https:\/\/diariodominicano.com\/?p=171532","title":{"rendered":"Leonel aboga por un orden mundial en el que impere la paz, la prosperidad y el equilibrio ecol\u00f3gico"},"content":{"rendered":"<p><body><\/p>\n<p><img decoding=\"async\" src=\"img3\/LF 4.jpeg\" \/><br \/><img decoding=\"async\" src=\"img3\/LF1.jpeg\" \/><br \/><img decoding=\"async\" src=\"img3\/LF 3.jpeg\" \/>  <\/p>\n<p><strong><span class=\"text1noticias\">WASHINGTON, D.C., 10 de enero de 2018.- <\/span><\/strong><span class=\"text1noticias\">El expresidente de la Rep\u00fablica Dominicana, doctor Leonel Fern\u00e1ndez, abog\u00f3 por la instauraci\u00f3n de un nuevo orden mundial, que se corresponda con las principales necesidades, inquietudes y aspiraciones de los habitantes del planeta.<\/span><\/p>\n<\/p>\n<p><span class=\"text1noticias\">Fern\u00e1ndez, quien adem\u00e1s es presidente de la Fundaci\u00f3n Global Democracia y Desarrollo (Funglode\/GFDD), aspira a un mundo donde impere la paz, la solidaridad, la justicia, la equidad y la inclusi\u00f3n, que sea pr\u00f3spero y sostenible.<\/span><\/p>\n<\/p>\n<p><strong><span class=\"text1noticias\">El ex gobernante dominicano hizo el planteamiento en el marco de la Conferencia sobre la situaci\u00f3n mundial 2018 en el Colegio Interamericano de Defensa, bajo el t\u00edtulo \u00abUn Mundo en Transici\u00f3n: Perspectiva Geopol\u00edtica en una \u00c9poca de Cambio\u00bb. La presentaci\u00f3n cont\u00f3 con la presencia de las autoridades del Colegio, embajadores acreditados ante la OEA, jefes de delegaci\u00f3n y liderazgo de la Junta Interamericana de Defensa, profesores y los estudiantes de maestr\u00eda de la clase 57 de dicha instituci\u00f3n.<\/span><\/strong><\/p>\n<\/p>\n<p><span class=\"text1noticias\">El Presidente Fern\u00e1ndez fue recibido por la contralmirante Martha Herb, directora del Colegio Interamericano de Defensa y el Embajador de la Rep\u00fablica Dominicana ante los Estados Unidos de Am\u00e9rica, Jos\u00e9 Tom\u00e1s P\u00e9rez. <\/span><\/p>\n<\/p>\n<p><span class=\"text1noticias\">En su disertaci\u00f3n, Fern\u00e1ndez pas\u00f3 revista a los grandes cambios que ha experimentado la humanidad luego de la Segunda Guerra Mundial, principalmente tras el fin de la llamada Guerra Fr\u00eda, simbolizada con la ca\u00edda del Muro de Berl\u00edn.<\/span><\/p>\n<\/p>\n<p><span class=\"text1noticias\">Fern\u00e1ndez tambi\u00e9n se refiri\u00f3 a las relaciones entre Estados Unidos y Am\u00e9rica Latina, las cuales tomaron un impulso considerable tras el acercamiento con Cuba. Por otro lado, resalt\u00f3 que el presupuesto militar de los Estados Unidos es mayor a la combinaci\u00f3n de los pr\u00f3ximos ocho pa\u00edses que le suceden, lo que es un indicador de que estamos ante la presencia de una situaci\u00f3n de unipolaridad en ese \u00e1mbito. <\/span><\/p>\n<\/p>\n<p><span class=\"text1noticias\">La agenda de Fern\u00e1ndez en Washington, D.C., tambi\u00e9n incluy\u00f3 una reuni\u00f3n de trabajo en el WorldResourcesInstitute y un encuentro con la directora del Instituto Interamericano de Defensa y miembros de la Comisi\u00f3n Acreditadora de Educaci\u00f3n Superior de los Estados Unidos, inform\u00f3 Annia Valdez, encargada de prensa del doctor Leonel Fern\u00e1ndez, Fundaci\u00f3n Global Democracia y Desarrollo (FUNGLODE).<\/span><\/p>\n<\/p>\n<\/p>\n<\/p>\n<\/p>\n<\/p>\n<\/p>\n<h6> 2018-01-10 16:08:18 <\/h6>\n<p><!--\n<link rel=\"stylesheet\" href=\"css\/bootstrap.min.css\">\n\n\n<ul class=\"pagination\">\n\t    \n\t\n\n<li >\n\t<a href='?page_no=6828'>Previous<\/a>\n\t<\/li>\n\n\n       \n    \n\n<li><a href='?page_no=1'>1<\/a><\/li>\n\n\n\n<li><a href='?page_no=2'>2<\/a><\/li>\n\n\n\n<li><a>...<\/a><\/li>\n\n\n\n<li><a href='?page_no=6827'>6827<\/a><\/li>\n\n\n\n<li><a href='?page_no=6828'>6828<\/a><\/li>\n\n\n\n<li class='active'><a>6829<\/a><\/li>\n\n\n\n<li><a href='?page_no=6830'>6830<\/a><\/li>\n\n\n\n<li><a href='?page_no=6831'>6831<\/a><\/li>\n\n\n\n<li><a>...<\/a><\/li>\n\n\n\n<li><a href='?page_no=36999'>36999<\/a><\/li>\n\n\n\n<li><a href='?page_no=37000'>37000<\/a><\/li>\n\n    \n\t\n\n<li >\n\t<a href='?page_no=6830'>Next<\/a>\n\t<\/li>\n\n\n    \n\n<li><a href='?page_no=37000'>Last &rsaquo;&rsaquo;<\/a><\/li>\n\n<\/ul>\n\n\n--><br \/>\n<\/body><\/p>\n","protected":false},"excerpt":{"rendered":"<p>WASHINGTON, D.C., 10 de enero de 2018.- El expresidente de la Rep\u00fablica Dominicana, doctor Leonel Fern\u00e1ndez, abog\u00f3 por la instauraci\u00f3n de un nuevo orden mundial, que se corresponda con las principales necesidades, inquietudes y aspiraciones de los habitantes del planeta. Fern\u00e1ndez, quien adem\u00e1s es presidente de la Fundaci\u00f3n Global Democracia y Desarrollo (Funglode\/GFDD), aspira a [&hellip;]<\/p>\n","protected":false},"author":3,"featured_media":0,"comment_status":"open","ping_status":"open","sticky":false,"template":"","format":"standard","meta":{"footnotes":""},"categories":[22],"tags":[],"class_list":["post-171532","post","type-post","status-publish","format-standard","hentry","category-politica"],"_links":{"self":[{"href":"https:\/\/diariodominicano.com\/index.php?rest_route=\/wp\/v2\/posts\/171532","targetHints":{"allow":["GET"]}}],"collection":[{"href":"https:\/\/diariodominicano.com\/index.php?rest_route=\/wp\/v2\/posts"}],"about":[{"href":"https:\/\/diariodominicano.com\/index.php?rest_route=\/wp\/v2\/types\/post"}],"author":[{"embeddable":true,"href":"https:\/\/diariodominicano.com\/index.php?rest_route=\/wp\/v2\/users\/3"}],"replies":[{"embeddable":true,"href":"https:\/\/diariodominicano.com\/index.php?rest_route=%2Fwp%2Fv2%2Fcomments&post=171532"}],"version-history":[{"count":0,"href":"https:\/\/diariodominicano.com\/index.php?rest_route=\/wp\/v2\/posts\/171532\/revisions"}],"wp:attachment":[{"href":"https:\/\/diariodominicano.com\/index.php?rest_route=%2Fwp%2Fv2%2Fmedia&parent=171532"}],"wp:term":[{"taxonomy":"category","embeddable":true,"href":"https:\/\/diariodominicano.com\/index.php?rest_route=%2Fwp%2Fv2%2Fcategories&post=171532"},{"taxonomy":"post_tag","embeddable":true,"href":"https:\/\/diariodominicano.com\/index.php?rest_route=%2Fwp%2Fv2%2Ftags&post=171532"}],"curies":[{"name":"wp","href":"https:\/\/api.w.org\/{rel}","templated":true}]}}