{"id":171531,"date":"2018-01-11T01:14:02","date_gmt":"2018-01-11T01:14:02","guid":{"rendered":"http:\/\/diariodominicano.ddns.net\/?p=171531"},"modified":"2018-01-11T01:14:02","modified_gmt":"2018-01-11T01:14:02","slug":"al-cierre-de-las-inscripciones-en-el-prm-andres-bautista-y-jose-ignacio-paliza-inscribieron-para-la-presidencia","status":"publish","type":"post","link":"https:\/\/diariodominicano.com\/?p=171531","title":{"rendered":"Al cierre de las inscripciones en el PRM Andr\u00e9s Bautista y Jos\u00e9 Ignacio Paliza inscribieron para la Presidencia"},"content":{"rendered":"<p><body><\/p>\n<p><img decoding=\"async\" src=\"img3\/Andres BAutista inscribe.jpg\" \/><br \/><img decoding=\"async\" src=\"img3\/Carolina Mejia.jpg\" \/><br \/><img decoding=\"async\" src=\"img3\/Jesus Vasquez, inscribe su candidatura.jpg\" \/>  <\/p>\n<p><strong>SANTO DOMINGO, RD, 10 de enero de 2018.-<\/strong> Andres Bautista y Jes\u00fas V\u00e1squez, inscribieron hoy sus respectivas candidaturas para presidente y Secretario General del Partido Revolucionario Moderno (PRM), cargos a escogerse en la venidera Convenci\u00f3n Ordinario de dicha organizaci\u00f3n, a celebrarse el pr\u00f3ximo 18 de febrero, mediante votaci\u00f3n universal.<\/p>\n<p>Andr\u00e9s Bautista, realiz\u00f3 su inscripci\u00f3n, ante al Comisi\u00f3n Nacional Organizadora de la Convenci\u00f3n (CNO), a las 11:00 de la ma\u00f1ana, de este mi\u00e9rcoles, \u00faltimo d\u00eda previsto para cerrar el proceso de inscripci\u00f3n, en la casa nacional, depositando sus requisitos, los cuales fueron recibidos por Tony Raful, presidente de la misma.<\/p>\n<p>Al justificar su decisi\u00f3n de aspirar a continuar en el cargo, Bautista expres\u00f3: \u00abDespu\u00e9s de una profunda y serena reflexi\u00f3n he arribado a la conclusi\u00f3n de que lo pol\u00edtica y \u00e9ticamente correcto es no abstenerme de este proceso eleccionario interno, puesto que Dios y yo sabemos de mi inocencia por los hechos que me han sido imputados\u00bb.<\/p>\n<p>\u00abAl tomar esta decisi\u00f3n he tenido en cuenta, y as\u00ed lo reitero a ustedes, mi irrenunciable compromiso con los valores democr\u00e1ticos, con el estado de derecho y con el progreso de nuestro pa\u00eds. Al mismo tiempo les hago a ustedes y al pa\u00eds mi promesa de no ceder al chantaje que a trav\u00e9s de mi se quiere ejercer contra el PRM\u00bb. Dijo<\/p>\n<p>Manifest\u00f3 que durante cinco a\u00f1os he dedicado la mayor parte de mi tiempo a la formaci\u00f3n de este partido, manteni\u00e9ndome imparcial para poder ser \u00e1rbitro, haciendo posible la unidad de los naturales grupos con intereses encontrados y lo he hecho, junto a muchos compa\u00f1eros, sin recursos econ\u00f3micos y superando muchos vicios del pasado partido y las m\u00e1s diversas dificultades.<\/p>\n<p>\u00abAs\u00ed, pues, mi amor, defensa y entrega a la causa de mi partido no ha estado ni est\u00e1 ni estar\u00e1 en juego en ning\u00fan momento\u00bb.  Expres\u00f3<\/p>\n<p>Continu\u00f3 diciendo: \u00abEstoy convencido de que si por la presi\u00f3n de quienes nos adversan pierdo el valor pol\u00edtico que significa ser presidente del principal partido de oposici\u00f3n, dejo de ser un blanco de inter\u00e9s para el hegem\u00f3nico partido de gobierno, que como es obvio emplea los mecanismos judiciales a su disposici\u00f3n para amedrentarnos y disminuirnos, y ello se traducir\u00eda en un elemento a mi favor en esta infame persecuci\u00f3n\u00bb.<\/p>\n<p>Mientras que Jes\u00fas V\u00e1squez, actual secretario General del PRM, lleg\u00f3 ante la comisi\u00f3n organizadora cerca de las 4:00 de la tarde, donde dep\u00f3sito los documentos contentivos de los requisitos necesarios para dichos cargos.<\/p>\n<p>Al hablar con la prensa, V\u00e1squez expres\u00f3: iniciamos casi desde cero, la construcci\u00f3n del partido posible, llegando a donde estamos hoy, celebrando con entusiasmo una convenci\u00f3n que camina hacia el \u00e9xito y que est\u00e1 llenado de orgullo a todos los perremeistas y gran parte de los dominicanos\u00bb-<\/p>\n<p>\u00abHemos iniciado la Construcci\u00f3n de un gran frente opositor con miras a enfrentar con \u00e9xitos al Partido de la Liberaci\u00f3n Dominicana (PLD), y ahora necesitamos continuar ese trabajo, con la vocaci\u00f3n de trabajo, la experiencia y la responsabilidad de administrar las decisiones que est\u00e9n apegadas a la institucionalidad y la democracia interna\u00bb, expres\u00f3.<\/p>\n<p>Sigui\u00f3 afirmando: Dos grupos solos no hacen el partido fuerte para ganar, necesitamos ampliar la conexi\u00f3n del PRM y de la oposici\u00f3n con los intereses del pueblo, integrar al pueblo en un partido y en la coalici\u00f3n, para construir la fuerza que derrote al PLD en las elecciones del 2020&#8243;<\/p>\n<p>Dijo que el PRM fue concebido como un partido democr\u00e1tico, para superar los vicios y errores del pasado y las trabas que han hecho que el pueblo vaya disminuyendo su esperanza en los partidos pol\u00edticos, por lo que, las autoridades de esta organizaci\u00f3n deber\u00e1n y ser\u00e1n dadas por el voto lib\u00e9rrimo de sus bases organizadas en el padr\u00f3n propio que hemos han construido, con el esfuerzo de todos.<\/p>\n<p>Tambi\u00e9n inscribieron sus respectivas candidaturas, Carolina Mej\u00eda, a la Secretaria General y Jos\u00e9 Ignacio Paliza, para la presidencia del partido.<\/p>\n<p>Mej\u00eda, quien acudi\u00f3 en la ma\u00f1ana, dijo en la pol\u00edtica y el partido requieren del aporte de sus ciudadanos conscientes de la necesidad de un cambio, por lo que acepto la petici\u00f3n de sus compa\u00f1eros y amigos de postularse con la intenci\u00f3n de aportar su capacidad y vocaci\u00f3n de trabajo por crear un partido que se afiance cada vez mas en el seno de la sociedad dominicana,<\/p>\n<p>Mientras que Jos\u00e9 Ignacio Paliza, expres\u00f3 que viene a trabajar con todos los perremeistas desde la presidencia de la organizaci\u00f3n para construir el partido que reclama la sociedad, con lo mejor de lo nuevo y lo mejor de lo viejo, vincular al partido y a la actividad pol\u00edtica a una parte importante de la sociedad que ve con renuencia el derrotero equivocado que lleva la sociedad desde su direcci\u00f3n.<\/p>\n<p>Este mi\u00e9rcoles cerraron las inscripciones de las candidaturas, con mas de 200 aspirantes a las nominaciones nacionales, que competir\u00e1n en una convenci\u00f3n que elegir\u00e1 el pr\u00f3ximo 18 de febrero, a un Presidente, un Secretario General, 21 vicepresidentes y 21 subsecretarios generales.<\/p>\n<h6> 2018-01-11 01:14:02 <\/h6>\n<p><!--\n<link rel=\"stylesheet\" href=\"css\/bootstrap.min.css\">\n\n\n<ul class=\"pagination\">\n\t    \n\t\n\n<li >\n\t<a href='?page_no=6827'>Previous<\/a>\n\t<\/li>\n\n\n       \n    \n\n<li><a href='?page_no=1'>1<\/a><\/li>\n\n\n\n<li><a href='?page_no=2'>2<\/a><\/li>\n\n\n\n<li><a>...<\/a><\/li>\n\n\n\n<li><a href='?page_no=6826'>6826<\/a><\/li>\n\n\n\n<li><a href='?page_no=6827'>6827<\/a><\/li>\n\n\n\n<li class='active'><a>6828<\/a><\/li>\n\n\n\n<li><a href='?page_no=6829'>6829<\/a><\/li>\n\n\n\n<li><a href='?page_no=6830'>6830<\/a><\/li>\n\n\n\n<li><a>...<\/a><\/li>\n\n\n\n<li><a href='?page_no=36999'>36999<\/a><\/li>\n\n\n\n<li><a href='?page_no=37000'>37000<\/a><\/li>\n\n    \n\t\n\n<li >\n\t<a href='?page_no=6829'>Next<\/a>\n\t<\/li>\n\n\n    \n\n<li><a href='?page_no=37000'>Last &rsaquo;&rsaquo;<\/a><\/li>\n\n<\/ul>\n\n\n--><br \/>\n<\/body><\/p>\n","protected":false},"excerpt":{"rendered":"<p>SANTO DOMINGO, RD, 10 de enero de 2018.- Andres Bautista y Jes\u00fas V\u00e1squez, inscribieron hoy sus respectivas candidaturas para presidente y Secretario General del Partido Revolucionario Moderno (PRM), cargos a escogerse en la venidera Convenci\u00f3n Ordinario de dicha organizaci\u00f3n, a celebrarse el pr\u00f3ximo 18 de febrero, mediante votaci\u00f3n universal. Andr\u00e9s Bautista, realiz\u00f3 su inscripci\u00f3n, ante [&hellip;]<\/p>\n","protected":false},"author":3,"featured_media":0,"comment_status":"open","ping_status":"open","sticky":false,"template":"","format":"standard","meta":{"footnotes":""},"categories":[22],"tags":[],"class_list":["post-171531","post","type-post","status-publish","format-standard","hentry","category-politica"],"_links":{"self":[{"href":"https:\/\/diariodominicano.com\/index.php?rest_route=\/wp\/v2\/posts\/171531","targetHints":{"allow":["GET"]}}],"collection":[{"href":"https:\/\/diariodominicano.com\/index.php?rest_route=\/wp\/v2\/posts"}],"about":[{"href":"https:\/\/diariodominicano.com\/index.php?rest_route=\/wp\/v2\/types\/post"}],"author":[{"embeddable":true,"href":"https:\/\/diariodominicano.com\/index.php?rest_route=\/wp\/v2\/users\/3"}],"replies":[{"embeddable":true,"href":"https:\/\/diariodominicano.com\/index.php?rest_route=%2Fwp%2Fv2%2Fcomments&post=171531"}],"version-history":[{"count":0,"href":"https:\/\/diariodominicano.com\/index.php?rest_route=\/wp\/v2\/posts\/171531\/revisions"}],"wp:attachment":[{"href":"https:\/\/diariodominicano.com\/index.php?rest_route=%2Fwp%2Fv2%2Fmedia&parent=171531"}],"wp:term":[{"taxonomy":"category","embeddable":true,"href":"https:\/\/diariodominicano.com\/index.php?rest_route=%2Fwp%2Fv2%2Fcategories&post=171531"},{"taxonomy":"post_tag","embeddable":true,"href":"https:\/\/diariodominicano.com\/index.php?rest_route=%2Fwp%2Fv2%2Ftags&post=171531"}],"curies":[{"name":"wp","href":"https:\/\/api.w.org\/{rel}","templated":true}]}}