{"id":171530,"date":"2018-01-11T10:15:55","date_gmt":"2018-01-11T10:15:55","guid":{"rendered":"http:\/\/diariodominicano.ddns.net\/?p=171530"},"modified":"2018-01-11T10:15:55","modified_gmt":"2018-01-11T10:15:55","slug":"dice-para-aprobacion-de-la-ley-de-partidos-y-electoral-se-requiere-consenso","status":"publish","type":"post","link":"https:\/\/diariodominicano.com\/?p=171530","title":{"rendered":"Dice para aprobaci\u00f3n de la Ley de Partidos y Electoral se requiere consenso"},"content":{"rendered":"<p><body><\/p>\n<p><img decoding=\"async\" src=\"img3\/ArVictoria11.jpg\" \/>  <\/p>\n<p><strong><span class=\"text1noticias\">SANTO DOMINGO, R. D., 11 de enero, 2018.-<\/span><\/strong><span class=\"text1noticias\"> El Senador Ar\u00edstides Victoria Yeb, presidente de la Comisi\u00f3n Bicameral que analiza en el Congreso Nacional  los proyectos de Ley de Partidos y del R\u00e9gimen Electoral, defendi\u00f3 el trabajo los comisionados en el conocimiento de los puntos contemplados en las dos iniciativas, apuntando que para su aprobaci\u00f3n definitiva se requiere el consenso de los partidos pol\u00edticos. <\/span><\/p>\n<p><span class=\"text1noticias\"> <\/span><\/p>\n<p><span class=\"text1noticias\">\u00abEntendemos que las fuerzas pol\u00edticas, y ese ha sido el \u00e1nimo de la Comisi\u00f3n, en la medida de las posibilidades,  lleguen a un consenso\u00bb dijo Victoria Yeb recordando las visitas realizadas al liderazgo pol\u00edtico nacional con esos fines.<\/span><\/p>\n<p><span class=\"text1noticias\"> <\/span><\/p>\n<p><span class=\"text1noticias\">Record\u00f3 tambi\u00e9n que de esa Comisi\u00f3n provino la idea de, que si era necesario una cumbre del liderazgo de los partidos para conocer dichos temas, estar\u00edan   en la  disposici\u00f3n de convocarla. <\/span><\/p>\n<p><span class=\"text1noticias\"> <\/span><\/p>\n<p><span class=\"text1noticias\">\u00abDesde la Comisi\u00f3n hemos sostenido siempre la posici\u00f3n de buscar el consenso\u00bb, dijo el Senador por la provincia Mar\u00eda Trinidad S\u00e1nchez y miembro del Comit\u00e9 Central del PLD  al referirse a una propuesta en esa direcci\u00f3n, ventilada en los medios de comunicaci\u00f3n.   <\/span><\/p>\n<p><span class=\"text1noticias\"> <\/span><\/p>\n<p><span class=\"text1noticias\">Sobre los proyectos analizados record\u00f3 que la presente legislatura termina este viernes precisando que, tal y como se contempla en la Constituci\u00f3n de la Rep\u00fablica, el Poder Ejecutivo puede convocar a una legislatura extraordinaria o los proyectos se pudieran reintroducir en el per\u00edodo que se apertura el 27 de febrero.<\/span><\/p>\n<p><span class=\"text1noticias\"> <\/span><\/p>\n<p><span class=\"text1noticias\">Seg\u00fan la Constituci\u00f3n las C\u00e1maras legislativas se reunir\u00e1n de forma ordinaria los 27 de febrero y los 16 de agosto iniciando legislaturas que duraran 150 d\u00edas. <\/span><\/p>\n<p><span class=\"text1noticias\"> <\/span><\/p>\n<p><span class=\"text1noticias\">\u00abLo importante es que el trabajo que ha hecho la Comisi\u00f3n est\u00e1 ah\u00ed y lo retomaremos para finalizarlo\u00bb, explic\u00f3 Ar\u00edstides Victoria, respondiendo inquietudes period\u00edsticas y que el PLD rese\u00f1\u00f3 en un despacho de su Secretar\u00eda de Comunicaciones.   <\/span><\/p>\n<p><span class=\"text1noticias\"> <\/span><\/p>\n<p><span class=\"text1noticias\">En sus declaraciones de la posible  agenda que podr\u00eda abordar una cumbre del liderazgo pol\u00edtico sugiere una discusi\u00f3n sobre  unificaci\u00f3n de las elecciones presidencial, municipal y congresional para el tercer domingo de mayo, el papel de la defensor\u00eda del pueblo  y el nunca jam\u00e1s para los presidentes. <\/span><\/p>\n<\/p>\n<p><span class=\"text1noticias\">Fuente:  Secretar\u00eda de Comunicaciones del PLD<\/span><\/p>\n<p>11 DE ENERO, 2018<\/p>\n<\/p>\n<h6> 2018-01-11 10:15:55 <\/h6>\n<p><!--\n<link rel=\"stylesheet\" href=\"css\/bootstrap.min.css\">\n\n\n<ul class=\"pagination\">\n\t    \n\t\n\n<li >\n\t<a href='?page_no=6826'>Previous<\/a>\n\t<\/li>\n\n\n       \n    \n\n<li><a href='?page_no=1'>1<\/a><\/li>\n\n\n\n<li><a href='?page_no=2'>2<\/a><\/li>\n\n\n\n<li><a>...<\/a><\/li>\n\n\n\n<li><a href='?page_no=6825'>6825<\/a><\/li>\n\n\n\n<li><a href='?page_no=6826'>6826<\/a><\/li>\n\n\n\n<li class='active'><a>6827<\/a><\/li>\n\n\n\n<li><a href='?page_no=6828'>6828<\/a><\/li>\n\n\n\n<li><a href='?page_no=6829'>6829<\/a><\/li>\n\n\n\n<li><a>...<\/a><\/li>\n\n\n\n<li><a href='?page_no=36999'>36999<\/a><\/li>\n\n\n\n<li><a href='?page_no=37000'>37000<\/a><\/li>\n\n    \n\t\n\n<li >\n\t<a href='?page_no=6828'>Next<\/a>\n\t<\/li>\n\n\n    \n\n<li><a href='?page_no=37000'>Last &rsaquo;&rsaquo;<\/a><\/li>\n\n<\/ul>\n\n\n--><br \/>\n<\/body><\/p>\n","protected":false},"excerpt":{"rendered":"<p>SANTO DOMINGO, R. D., 11 de enero, 2018.- El Senador Ar\u00edstides Victoria Yeb, presidente de la Comisi\u00f3n Bicameral que analiza en el Congreso Nacional los proyectos de Ley de Partidos y del R\u00e9gimen Electoral, defendi\u00f3 el trabajo los comisionados en el conocimiento de los puntos contemplados en las dos iniciativas, apuntando que para su aprobaci\u00f3n [&hellip;]<\/p>\n","protected":false},"author":3,"featured_media":0,"comment_status":"open","ping_status":"open","sticky":false,"template":"","format":"standard","meta":{"footnotes":""},"categories":[22],"tags":[],"class_list":["post-171530","post","type-post","status-publish","format-standard","hentry","category-politica"],"_links":{"self":[{"href":"https:\/\/diariodominicano.com\/index.php?rest_route=\/wp\/v2\/posts\/171530","targetHints":{"allow":["GET"]}}],"collection":[{"href":"https:\/\/diariodominicano.com\/index.php?rest_route=\/wp\/v2\/posts"}],"about":[{"href":"https:\/\/diariodominicano.com\/index.php?rest_route=\/wp\/v2\/types\/post"}],"author":[{"embeddable":true,"href":"https:\/\/diariodominicano.com\/index.php?rest_route=\/wp\/v2\/users\/3"}],"replies":[{"embeddable":true,"href":"https:\/\/diariodominicano.com\/index.php?rest_route=%2Fwp%2Fv2%2Fcomments&post=171530"}],"version-history":[{"count":0,"href":"https:\/\/diariodominicano.com\/index.php?rest_route=\/wp\/v2\/posts\/171530\/revisions"}],"wp:attachment":[{"href":"https:\/\/diariodominicano.com\/index.php?rest_route=%2Fwp%2Fv2%2Fmedia&parent=171530"}],"wp:term":[{"taxonomy":"category","embeddable":true,"href":"https:\/\/diariodominicano.com\/index.php?rest_route=%2Fwp%2Fv2%2Fcategories&post=171530"},{"taxonomy":"post_tag","embeddable":true,"href":"https:\/\/diariodominicano.com\/index.php?rest_route=%2Fwp%2Fv2%2Ftags&post=171530"}],"curies":[{"name":"wp","href":"https:\/\/api.w.org\/{rel}","templated":true}]}}