{"id":171529,"date":"2018-01-11T22:18:48","date_gmt":"2018-01-11T22:18:48","guid":{"rendered":"http:\/\/diariodominicano.ddns.net\/?p=171529"},"modified":"2018-01-11T22:18:48","modified_gmt":"2018-01-11T22:18:48","slug":"maduro-espera-que-del-dialogo-surjan-garantias-plenas-para-la-realizacion-de-elecciones-presidenciales","status":"publish","type":"post","link":"https:\/\/diariodominicano.com\/?p=171529","title":{"rendered":"Maduro espera que del di\u00e1logo surjan \u00abgarant\u00edas plenas para la realizaci\u00f3n de elecciones presidenciales\u00bb"},"content":{"rendered":"<p><body><\/p>\n<p><img decoding=\"async\" src=\"img3\/136889843_1515720436302_title0h.jpg\" \/>  <\/p>\n<p><strong>Imagen cedida por la Presidencia de Venezuela, del presidente venezolano, Nicol\u00e1s Maduro, participando durante una sesi\u00f3n denominada \u00abJueves de Regiones\u00bb, en Caracas, Venezuela, el 11 de enero de 2018. (Xinhua\/Presidencia de Venezuela)<\/strong><\/p>\n<p><strong>CARACAS, 11 ene (Xinhua) &#8212; <\/strong>El Presidente de Venezuela Nicol\u00e1s Maduro se refiri\u00f3 este jueves a la jornada de di\u00e1logo que se reinstala hoy en Rep\u00fablica Dominicana entre el gobierno venezolano y la oposici\u00f3n, y expres\u00f3 que aspira a que surjan acuerdos de \u00abgarant\u00edas plenas para la realizaci\u00f3n de elecciones presidenciales\u00bb en ese pa\u00eds.<\/p>\n<\/p>\n<p>A\u00f1adi\u00f3 el jefe de Estado que dio instrucciones a su delegaci\u00f3n, encabezada por el ministro de Comunicaci\u00f3n Jorge Rodr\u00edguez, \u00abpara avanzar en acuerdos integrales\u00bb sobre \u00abla defensa de la econom\u00eda del pa\u00eds\u00bb y referidos a la protecci\u00f3n de los derechos econ\u00f3micos.<\/p>\n<\/p>\n<p>Las conversaciones, calificadas por el dignatario como una \u00abjornada de di\u00e1logo por la paz\u00bb se retoman hoy en Santo Domingo, la capital de Rep\u00fablica Dominicana, luego haberse reunido el pasado 15 de diciembre sin lograr alcanzar un acuerdo definitivo.<\/p>\n<\/p>\n<p>Este jueves se reunir\u00e1n sin la presencia de acompa\u00f1antes internacionales y el viernes 12 de enero se incorporar\u00e1n al di\u00e1logo los acompa\u00f1antes de Bolivia, M\u00e9xico, Nicaragua, Chile, y San Vicente y las Granadinas.<\/p>\n<\/p>\n<p>La delegaci\u00f3n opositora se instal\u00f3 en Rep\u00fablica Dominicana horas antes del encuentro previsto y se reunieron como coalici\u00f3n opositora previamente, sin presencia de representantes del gobierno.<\/p>\n<\/p>\n<p>Angel Oropeza, coordinador pol\u00edtico de la coalici\u00f3n opositora (MUD), public\u00f3 una foto de la mencionada reuni\u00f3n previa y expres\u00f3 que se encontraban \u00abafinando detalles para reuni\u00f3n con acompa\u00f1amiento internacional, buscando una salida a la crisis que sufrimos los venezolanos\u00bb<\/p>\n<\/p>\n<p>Maduro adem\u00e1s ratific\u00f3 que tiene toda la voluntad y disposici\u00f3n a resolver los problemas de Venezuela en el marco de soluciones pac\u00edficas y detall\u00f3 que el gobierno de Venezuela \u00abtiene palabra\u00bb para cumplir los acuerdos que resulten de las jornadas.<\/p>\n<\/p>\n<h6> 2018-01-11 22:18:48 <\/h6>\n<p><!--\n<link rel=\"stylesheet\" href=\"css\/bootstrap.min.css\">\n\n\n<ul class=\"pagination\">\n\t    \n\t\n\n<li >\n\t<a href='?page_no=6825'>Previous<\/a>\n\t<\/li>\n\n\n       \n    \n\n<li><a href='?page_no=1'>1<\/a><\/li>\n\n\n\n<li><a href='?page_no=2'>2<\/a><\/li>\n\n\n\n<li><a>...<\/a><\/li>\n\n\n\n<li><a href='?page_no=6824'>6824<\/a><\/li>\n\n\n\n<li><a href='?page_no=6825'>6825<\/a><\/li>\n\n\n\n<li class='active'><a>6826<\/a><\/li>\n\n\n\n<li><a href='?page_no=6827'>6827<\/a><\/li>\n\n\n\n<li><a href='?page_no=6828'>6828<\/a><\/li>\n\n\n\n<li><a>...<\/a><\/li>\n\n\n\n<li><a href='?page_no=36999'>36999<\/a><\/li>\n\n\n\n<li><a href='?page_no=37000'>37000<\/a><\/li>\n\n    \n\t\n\n<li >\n\t<a href='?page_no=6827'>Next<\/a>\n\t<\/li>\n\n\n    \n\n<li><a href='?page_no=37000'>Last &rsaquo;&rsaquo;<\/a><\/li>\n\n<\/ul>\n\n\n--><br \/>\n<\/body><\/p>\n","protected":false},"excerpt":{"rendered":"<p>Imagen cedida por la Presidencia de Venezuela, del presidente venezolano, Nicol\u00e1s Maduro, participando durante una sesi\u00f3n denominada \u00abJueves de Regiones\u00bb, en Caracas, Venezuela, el 11 de enero de 2018. (Xinhua\/Presidencia de Venezuela) CARACAS, 11 ene (Xinhua) &#8212; El Presidente de Venezuela Nicol\u00e1s Maduro se refiri\u00f3 este jueves a la jornada de di\u00e1logo que se reinstala [&hellip;]<\/p>\n","protected":false},"author":3,"featured_media":0,"comment_status":"open","ping_status":"open","sticky":false,"template":"","format":"standard","meta":{"footnotes":""},"categories":[22],"tags":[],"class_list":["post-171529","post","type-post","status-publish","format-standard","hentry","category-politica"],"_links":{"self":[{"href":"https:\/\/diariodominicano.com\/index.php?rest_route=\/wp\/v2\/posts\/171529","targetHints":{"allow":["GET"]}}],"collection":[{"href":"https:\/\/diariodominicano.com\/index.php?rest_route=\/wp\/v2\/posts"}],"about":[{"href":"https:\/\/diariodominicano.com\/index.php?rest_route=\/wp\/v2\/types\/post"}],"author":[{"embeddable":true,"href":"https:\/\/diariodominicano.com\/index.php?rest_route=\/wp\/v2\/users\/3"}],"replies":[{"embeddable":true,"href":"https:\/\/diariodominicano.com\/index.php?rest_route=%2Fwp%2Fv2%2Fcomments&post=171529"}],"version-history":[{"count":0,"href":"https:\/\/diariodominicano.com\/index.php?rest_route=\/wp\/v2\/posts\/171529\/revisions"}],"wp:attachment":[{"href":"https:\/\/diariodominicano.com\/index.php?rest_route=%2Fwp%2Fv2%2Fmedia&parent=171529"}],"wp:term":[{"taxonomy":"category","embeddable":true,"href":"https:\/\/diariodominicano.com\/index.php?rest_route=%2Fwp%2Fv2%2Fcategories&post=171529"},{"taxonomy":"post_tag","embeddable":true,"href":"https:\/\/diariodominicano.com\/index.php?rest_route=%2Fwp%2Fv2%2Ftags&post=171529"}],"curies":[{"name":"wp","href":"https:\/\/api.w.org\/{rel}","templated":true}]}}