{"id":171526,"date":"2018-01-12T00:15:59","date_gmt":"2018-01-12T00:15:59","guid":{"rendered":"http:\/\/diariodominicano.ddns.net\/?p=171526"},"modified":"2018-01-12T00:15:59","modified_gmt":"2018-01-12T00:15:59","slug":"la-opinion-publica-es-democracia","status":"publish","type":"post","link":"https:\/\/diariodominicano.com\/?p=171526","title":{"rendered":"La opini\u00f3n p\u00fablica es democracia&#13;"},"content":{"rendered":"<p><body><\/p>\n<p><img decoding=\"async\" src=\"img3\/FOTO-ANCAR.jpg\" \/>  <\/p>\n<p><strong>Por Andree Cardona<\/strong><\/p>\n<\/p>\n<p>Ser columnista y\/o periodista de opini\u00f3n es un privilegio que los dem\u00e1s deben valorar, hoy en d\u00eda las sociedades est\u00e1n carentes de accesos a mejor sistema educativo, mejor sistema de salud p\u00fablica, un sistema que permita mayores oportunidades y visibilidad para la gente joven. Ser columnista de opini\u00f3n tiene como misi\u00f3n crear consciencia colectiva de determinado suceso que se tiene, es com\u00fan ahora que en redes sociales o en las calles vociferen diferentes sectores cr\u00edticos pero sin propuestas.<\/p>\n<\/p>\n<p>Latinoam\u00e9rica ha vivido una transici\u00f3n democr\u00e1tica importante en los \u00faltimos 40 a\u00f1os, restablecimientos importantes del orden democr\u00e1tico post conflicto, debe ser un ejemplo para poder conocer la historia desde ese \u00e1ngulo y poder as\u00ed transmitir a las nuevas generaciones la importancia de promover, preservar y animar a la generaci\u00f3n de opini\u00f3n p\u00fablica, eso s\u00ed, una opini\u00f3n p\u00fablica sin confrontar ni difamar sino que publicada con objetividad sin politizaciones, con \u00e1nimos de mejorar la pol\u00edtica, econom\u00eda, la cultura, lo educativo, lo social.<\/p>\n<\/p>\n<p> Una interpretaci\u00f3n sincera de la democracia obliga a la m\u00e1s estricta tolerancia con el criterio ajeno. No debe verse jam\u00e1s en el cr\u00edtico, un adversario sino m\u00e1s bien un amigo interesado que habla con recta y sana intenci\u00f3n y dice con claridad los errores y defectos que los palaciegos y cortesanos callan, porque la acci\u00f3n de ellos no responde a ning\u00fan inter\u00e9s superior sino m\u00e1s bien al torrente de ambiciones y apetitos que lo impulsa a vivir siempre genuflexo y siempre en actitud de aprobaci\u00f3n aun frente a aquellas cosas que no pueden juzgarse sino como errores.<\/p>\n<\/p>\n<p>Nunca un pueblo recibe una lecci\u00f3n tan alta de civismo como cuando los hombres de mandos, accesibles a la cr\u00edtica popular, se deciden a hacer grandes correcciones. Esa consecuencia con la opini\u00f3n p\u00fablica, esa permeabilidad para la cr\u00edtica, determinan el verdadero sentido democr\u00e1tico sin equ\u00edvocos ni falseamientos. No basta con la proclama constante de que existe libertad, hay que darle un sentido m\u00e1s vigoroso al concepto mostr\u00e1ndose atento a los reclamos de opini\u00f3n, atendiendo sus demandas, rectificando los errores que ella se\u00f1ala.<\/p>\n<\/p>\n<p>El periodismo de opini\u00f3n constituye una importancia ineludible para el funcionamiento de un Estado, es la rama del periodismo por medio de la cual la opini\u00f3n del ciudadano que trabaja diariamente por vivir, se mueve, se hace sentir. La democracia tiene muchos elementos, pero uno que de verdad es destacado es la libertad de expresi\u00f3n muchas veces burlada en pa\u00edses Latinoamericanos, por ser inc\u00f3moda a gobernantes de turno.<\/p>\n<\/p>\n<p>La cr\u00edtica constructiva es sana, el primer mundo lo pudo entender desde hace d\u00e9cadas, Latinoam\u00e9rica debe de ir al encuentro de un verdadero respeto y aceptaci\u00f3n de la opini\u00f3n p\u00fablica, de los columnistas que hacen la opini\u00f3n p\u00fablica en la variedad de tem\u00e1ticas que la sociedad exige.<\/p>\n<\/p>\n<p><strong>Sobre el autor:<\/strong><\/p>\n<p><strong> <\/strong><\/p>\n<p><strong>Andree Cardona, columnista de opini\u00f3n para medios Centroamericanos e internacionalista de profesi\u00f3n, escribe para La Prensa Gr\u00e1fica El Salvador, El Siglo de Guatemala, La Prensa Nicaragua, La Naci\u00f3n de Costa Rica, Panam\u00e1 Am\u00e9rica de Panam\u00e1, Reporte Brasil que es un medio de noticias en espa\u00f1ol sobre acontecimientos de Brasil y Mercosur, escribe tambi\u00e9n para el semanario Orientaci\u00f3n diario del Arzobispado de San Salvador, \u00abconsidera fundamental la libertad de opini\u00f3n siempre y cuando sea objetiva para el desarrollo de un pa\u00eds\u00bb. <\/strong><\/p>\n<h6> 2018-01-12 00:15:59 <\/h6>\n<p><!--\n<link rel=\"stylesheet\" href=\"css\/bootstrap.min.css\">\n\n\n<ul class=\"pagination\">\n\t    \n\t\n\n<li >\n\t<a href='?page_no=6822'>Previous<\/a>\n\t<\/li>\n\n\n       \n    \n\n<li><a href='?page_no=1'>1<\/a><\/li>\n\n\n\n<li><a href='?page_no=2'>2<\/a><\/li>\n\n\n\n<li><a>...<\/a><\/li>\n\n\n\n<li><a href='?page_no=6821'>6821<\/a><\/li>\n\n\n\n<li><a href='?page_no=6822'>6822<\/a><\/li>\n\n\n\n<li class='active'><a>6823<\/a><\/li>\n\n\n\n<li><a href='?page_no=6824'>6824<\/a><\/li>\n\n\n\n<li><a href='?page_no=6825'>6825<\/a><\/li>\n\n\n\n<li><a>...<\/a><\/li>\n\n\n\n<li><a href='?page_no=36999'>36999<\/a><\/li>\n\n\n\n<li><a href='?page_no=37000'>37000<\/a><\/li>\n\n    \n\t\n\n<li >\n\t<a href='?page_no=6824'>Next<\/a>\n\t<\/li>\n\n\n    \n\n<li><a href='?page_no=37000'>Last &rsaquo;&rsaquo;<\/a><\/li>\n\n<\/ul>\n\n\n--><br \/>\n<\/body><\/p>\n","protected":false},"excerpt":{"rendered":"<p>Por Andree Cardona Ser columnista y\/o periodista de opini\u00f3n es un privilegio que los dem\u00e1s deben valorar, hoy en d\u00eda las sociedades est\u00e1n carentes de accesos a mejor sistema educativo, mejor sistema de salud p\u00fablica, un sistema que permita mayores oportunidades y visibilidad para la gente joven. Ser columnista de opini\u00f3n tiene como misi\u00f3n crear [&hellip;]<\/p>\n","protected":false},"author":3,"featured_media":0,"comment_status":"open","ping_status":"open","sticky":false,"template":"","format":"standard","meta":{"footnotes":""},"categories":[22],"tags":[],"class_list":["post-171526","post","type-post","status-publish","format-standard","hentry","category-politica"],"_links":{"self":[{"href":"https:\/\/diariodominicano.com\/index.php?rest_route=\/wp\/v2\/posts\/171526","targetHints":{"allow":["GET"]}}],"collection":[{"href":"https:\/\/diariodominicano.com\/index.php?rest_route=\/wp\/v2\/posts"}],"about":[{"href":"https:\/\/diariodominicano.com\/index.php?rest_route=\/wp\/v2\/types\/post"}],"author":[{"embeddable":true,"href":"https:\/\/diariodominicano.com\/index.php?rest_route=\/wp\/v2\/users\/3"}],"replies":[{"embeddable":true,"href":"https:\/\/diariodominicano.com\/index.php?rest_route=%2Fwp%2Fv2%2Fcomments&post=171526"}],"version-history":[{"count":0,"href":"https:\/\/diariodominicano.com\/index.php?rest_route=\/wp\/v2\/posts\/171526\/revisions"}],"wp:attachment":[{"href":"https:\/\/diariodominicano.com\/index.php?rest_route=%2Fwp%2Fv2%2Fmedia&parent=171526"}],"wp:term":[{"taxonomy":"category","embeddable":true,"href":"https:\/\/diariodominicano.com\/index.php?rest_route=%2Fwp%2Fv2%2Fcategories&post=171526"},{"taxonomy":"post_tag","embeddable":true,"href":"https:\/\/diariodominicano.com\/index.php?rest_route=%2Fwp%2Fv2%2Ftags&post=171526"}],"curies":[{"name":"wp","href":"https:\/\/api.w.org\/{rel}","templated":true}]}}