{"id":171525,"date":"2018-01-12T10:43:48","date_gmt":"2018-01-12T10:43:48","guid":{"rendered":"http:\/\/diariodominicano.ddns.net\/?p=171525"},"modified":"2018-01-12T10:43:48","modified_gmt":"2018-01-12T10:43:48","slug":"convencion-prm-unos-40-mil-aspiran-a-cargos-cuatro-a-la-presidencia-y-seis-a-la-secretaria-general","status":"publish","type":"post","link":"https:\/\/diariodominicano.com\/?p=171525","title":{"rendered":"Convenci\u00f3n PRM unos 40 mil aspiran a cargos: Cuatro a la presidencia y seis a la Secretar\u00eda general"},"content":{"rendered":"<p><body><\/p>\n<p><img decoding=\"async\" src=\"img3\/PRM12.jpg\" \/>  <\/p>\n<p>Santo Domingo, R. D., 12 de enero, 2017.- Unos 40 mil aspirantes para presidentes, Secretarios generales, vicepresidentes y subsecretarios generales de unos mil cuatrocientos organismos nacionales y locales inscribieron sus respectivas candidaturas para optar en la pr\u00f3xima convenci\u00f3n ordinaria del Partido Revolucionario Moderno (PRM).<\/p>\n<\/p>\n<p>En rueda de prensa, celebrada este jueves en la casa nacional, Tony Raful, presidente de la Comisi\u00f3n Nacional Organizadora, tambi\u00e9n inform\u00f3 que los inscritos para los cargos nacional fueron; cuatro aspirantes a la presidencia nacional del PRM, seis a la Secretaria General, 117 aspiran a las vicepresidencias y 126 a las subsecretar\u00edas.<\/p>\n<\/p>\n<p>Detall\u00f3 que los aspirantes a la Presidencia son: Geanilda V\u00e1squez, Jes\u00fas Feris Iglesias, Andr\u00e9s Bautista y Jos\u00e9 Ignacio Paliza, mientras que a la Secretar\u00eda General aspiran; Leonardo Fa\u00f1a, Andr\u00e9s Lugo Risk, Carolina Mej\u00eda, Jes\u00fas V\u00e1squez, Aneudy de Le\u00f3n y F\u00e9lix Jim\u00e9nez Campusano.<\/p>\n<\/p>\n<p>Entre los aspirantes a vicepresidentes, 97 son hombres y 20 mujeres, mientras que, para las Subsecretarias Generales aspiran 100 son hombres y 26 mujeres.<\/p>\n<\/p>\n<p>Entre los aspirantes a Vicepresidentes est\u00e1n: C\u00e9sar Cede\u00f1o, Roberto Fulcar, Franklin Garc\u00eda Ferm\u00edn, V\u00edctor M\u00e9ndez, Rafael Santos, Jean Luis Rodr\u00edguez, Santiago Zorrilla, Fausto Herrera, Santiago Hazim, Eugenio Cede\u00f1o, Jos\u00e9 Montas, Osiris Guzm\u00e1n, Jos\u00e9 Marte Piantini, Cesar D\u00edaz Filpo, Andrea Difo, Eduardo Tejera, Dagoberto Rodr\u00edguez, Eligio Jaques, Belgia Soler, Amaury Justo Duarte, Nelson Arroyo, Sadoki Duarte, Ram\u00f3n Acosta, Ginette Bournigal, Carolina Serrata, Ram\u00f3n Bueno y F\u00e9lix Aracena.<\/p>\n<\/p>\n<p>Adem\u00e1s, Faride Raful, Amado D\u00edaz, Alexis Victoria, Siqui\u00f3 Ng de la Rosa, V\u00edctor Atallah, M\u00e1ximo P\u00e9rez, Evangelina Sosa, Luis Delgado<span class=\"text1noticias\">, Iv\u00e1n Rond\u00f3n, Antonio Almonte, Gloria Reyes, V\u00edctor Pichardo, Jacobito Fern\u00e1ndez Eilyn Beltr\u00e1n, Enrique Garc\u00eda,  Kimberly Taveras Alberto Atallah, Limbert Cruz, entre otros.<\/span><\/p>\n<p><span class=\"text1noticias\"> <\/span><\/p>\n<p><span class=\"text1noticias\">A las Subsecretarias generales inscribieron sus candidaturas; Yuri Cosme, Elido P\u00e9rez, Miguel Campos, Miguel Camacho, Altagracia Drullard, Arsenio Bores, Rosa Tejada, Cleotilde Ortiz David Brito, Telcadio P\u00e9rez, Dulce Mercedes Qui\u00f1ones, Yoel Encarnaci\u00f3n, Efigenio Jaques, H\u00e9ctor P\u00e9rez Mirambeaux,  Bertico santana Carina Cedano Rijo, Ricardo Pe\u00f1a,  Gabino Hern\u00e1ndez, Juan Disla Ledesma Mar\u00eda Luisa Ubiera, Edward Palmer, Hu\u00e1scar Casado. Indira V\u00e1squez Pe\u00f1a, Tom\u00e1s Dar\u00edo Castillo, Hip\u00f3lito Bazil Mery Hern\u00e1ndez, Marcos N\u00fa\u00f1ez Fis, Mario Bournigal, Jos\u00e9 Valenzuela,  Frank Abreu y Elpidio Infante.<\/span><\/p>\n<p><span class=\"text1noticias\"> <\/span><\/p>\n<p><span class=\"text1noticias\">Tambi\u00e9n Sandra Grull\u00f3n, Eddy Nolasco, Jos\u00e9 Luis Mena Suriel, Domingo Rosario Obispo Jim\u00e9nez, Rafael Antonio N\u00fa\u00f1ez, Mery Aquino Guzm\u00e1n, Santiago Rivera, Alan Checo Alonzo, Scarlet Benzan, Luis Crousette, Sim\u00f3n Rodr\u00edguez, Stalin Garc\u00eda Peralta, C\u00e1stulo Contreras Gineida Montas, Ricar Rodr\u00edguez Hern\u00e1ndez, kisaris Garc\u00eda, entre otros.<\/span><\/p>\n<p><span class=\"text1noticias\"> <\/span><\/p>\n<p><span class=\"text1noticias\">Dijo que el registro de militantes oscila entre los 500 a 520 mil inscritos, el cual est\u00e1 en revisi\u00f3n para corregir peque\u00f1os errores de escrituras y en n\u00fameros de cedulas de algunos militantes.<\/span><\/p>\n<p><span class=\"text1noticias\"> <\/span><\/p>\n<p><span class=\"text1noticias\">En la rueda de prensa, estuvieron adem\u00e1s de Raful, Faruk Miguel, Luis Valdez, Fernando Dur\u00e1n, Salvador Ramos, Yadira Henr\u00edquez, Obispo de los Santos y Deligne Ascensi\u00f3n, miembros de la CON<\/span><\/p>\n<p><span class=\"text1noticias\"> <\/span><\/p>\n<p><span class=\"text1noticias\">An<\/span>dr\u00e9s Matos <\/p>\n<\/p>\n<h6> 2018-01-12 10:43:48 <\/h6>\n<p><!--\n<link rel=\"stylesheet\" href=\"css\/bootstrap.min.css\">\n\n\n<ul class=\"pagination\">\n\t    \n\t\n\n<li >\n\t<a href='?page_no=6821'>Previous<\/a>\n\t<\/li>\n\n\n       \n    \n\n<li><a href='?page_no=1'>1<\/a><\/li>\n\n\n\n<li><a href='?page_no=2'>2<\/a><\/li>\n\n\n\n<li><a>...<\/a><\/li>\n\n\n\n<li><a href='?page_no=6820'>6820<\/a><\/li>\n\n\n\n<li><a href='?page_no=6821'>6821<\/a><\/li>\n\n\n\n<li class='active'><a>6822<\/a><\/li>\n\n\n\n<li><a href='?page_no=6823'>6823<\/a><\/li>\n\n\n\n<li><a href='?page_no=6824'>6824<\/a><\/li>\n\n\n\n<li><a>...<\/a><\/li>\n\n\n\n<li><a href='?page_no=36999'>36999<\/a><\/li>\n\n\n\n<li><a href='?page_no=37000'>37000<\/a><\/li>\n\n    \n\t\n\n<li >\n\t<a href='?page_no=6823'>Next<\/a>\n\t<\/li>\n\n\n    \n\n<li><a href='?page_no=37000'>Last &rsaquo;&rsaquo;<\/a><\/li>\n\n<\/ul>\n\n\n--><br \/>\n<\/body><\/p>\n","protected":false},"excerpt":{"rendered":"<p>Santo Domingo, R. D., 12 de enero, 2017.- Unos 40 mil aspirantes para presidentes, Secretarios generales, vicepresidentes y subsecretarios generales de unos mil cuatrocientos organismos nacionales y locales inscribieron sus respectivas candidaturas para optar en la pr\u00f3xima convenci\u00f3n ordinaria del Partido Revolucionario Moderno (PRM). En rueda de prensa, celebrada este jueves en la casa nacional, [&hellip;]<\/p>\n","protected":false},"author":3,"featured_media":0,"comment_status":"open","ping_status":"open","sticky":false,"template":"","format":"standard","meta":{"footnotes":""},"categories":[22],"tags":[],"class_list":["post-171525","post","type-post","status-publish","format-standard","hentry","category-politica"],"_links":{"self":[{"href":"https:\/\/diariodominicano.com\/index.php?rest_route=\/wp\/v2\/posts\/171525","targetHints":{"allow":["GET"]}}],"collection":[{"href":"https:\/\/diariodominicano.com\/index.php?rest_route=\/wp\/v2\/posts"}],"about":[{"href":"https:\/\/diariodominicano.com\/index.php?rest_route=\/wp\/v2\/types\/post"}],"author":[{"embeddable":true,"href":"https:\/\/diariodominicano.com\/index.php?rest_route=\/wp\/v2\/users\/3"}],"replies":[{"embeddable":true,"href":"https:\/\/diariodominicano.com\/index.php?rest_route=%2Fwp%2Fv2%2Fcomments&post=171525"}],"version-history":[{"count":0,"href":"https:\/\/diariodominicano.com\/index.php?rest_route=\/wp\/v2\/posts\/171525\/revisions"}],"wp:attachment":[{"href":"https:\/\/diariodominicano.com\/index.php?rest_route=%2Fwp%2Fv2%2Fmedia&parent=171525"}],"wp:term":[{"taxonomy":"category","embeddable":true,"href":"https:\/\/diariodominicano.com\/index.php?rest_route=%2Fwp%2Fv2%2Fcategories&post=171525"},{"taxonomy":"post_tag","embeddable":true,"href":"https:\/\/diariodominicano.com\/index.php?rest_route=%2Fwp%2Fv2%2Ftags&post=171525"}],"curies":[{"name":"wp","href":"https:\/\/api.w.org\/{rel}","templated":true}]}}