{"id":171524,"date":"2018-01-12T18:24:28","date_gmt":"2018-01-12T18:24:28","guid":{"rendered":"http:\/\/diariodominicano.ddns.net\/?p=171524"},"modified":"2018-01-12T18:24:28","modified_gmt":"2018-01-12T18:24:28","slug":"funglode-sera-sede-del-iv-foro-internacional-de-santo-domingo-con-la-participacion-de-cuatro-expresidentes-de-america-latina","status":"publish","type":"post","link":"https:\/\/diariodominicano.com\/?p=171524","title":{"rendered":"Funglode ser\u00e1 sede del IV Foro Internacional de Santo Domingo, con la participaci\u00f3n de cuatro expresidentes de Am\u00e9rica Latina"},"content":{"rendered":"<p><body><\/p>\n<p><img decoding=\"async\" src=\"img3\/cuatroex000.png\" \/>  <\/p>\n<p><strong> <\/strong><\/p>\n<p><strong>En la foto el ex presidente Leonel Fern\u00e1ndez  cuando habl\u00f3 el martes en la Conferencia sobre la situaci\u00f3n mundial 2018 en el Colegio Interamericano de Defensa, bajo el t\u00edtulo \u00abUn Mundo en Transici\u00f3n: Perspectiva Geopol\u00edtica en una \u00c9poca de Cambio\u00bb.<\/strong><\/p>\n<\/p>\n<p>En el encuentro, encabezado por el expresidente Leonel Fern\u00e1ndez,  se analizar\u00e1 el estado de la democracia en Am\u00e9rica Latina.  El foro se organiza junto a IDEA Internacional.<\/p>\n<\/p>\n<p>SANTO DOMINGO, 12 de enero de 2018.- \u00abEl estado de la democracia en Am\u00e9rica Latina: 40 a\u00f1os desde la tercera ola de la democracia\u00bb ser\u00e1 el tema del IV Foro Internacional de Santo Domingo, organizado por la Fundaci\u00f3n Global Democracia y Desarrollo (Funglode), sede del encuentro, junto a Instituto Internacional para la Democracia y Asistencia Electoral (IDEA Internacional), desde el martes 16 hasta el jueves 18 de enero.<\/p>\n<\/p>\n<p>El doctor Leonel Fern\u00e1ndez, expresidente de la Rep\u00fablica Dominicana; presidente del Partido de la Liberaci\u00f3n Dominicana (PLD) y presidente de Funglode, participar\u00e1 en el encuentro junto a Ernesto Samper, expresidente de Colombia; Carlos Mesa, expresidente de Bolivia; Vinicio Cerezo, expresidente de Guatemala. Tambi\u00e9n ser\u00e1 expositora en una de las mesas de debate Margarita Cede\u00f1o de Fern\u00e1ndez, vicepresidenta de la Rep\u00fablica Dominicana. <\/p>\n<\/p>\n<p>El panel \u00abEstado de democracia en nivel global y en Am\u00e9rica Latina\u00bb dar\u00e1 inicio al Foro, el martes 16 de enero, a las 6 de la tarde,  con las disertaciones del doctor Fern\u00e1ndez, Samper, Mesa y Cerezo. Contar\u00e1 con la moderaci\u00f3n de Daniel Zovatto, director regional para Am\u00e9rica Latina y el Caribe de IDEA Internacional. Esta actividad es abierta a todo el p\u00fablico interesado.<\/p>\n<\/p>\n<p>Durante la inauguraci\u00f3n se presentar\u00e1 el libro \u00abEl estado de la democracia en el mundo 2017: examen de la resiliencia democr\u00e1tica\u00bb, editado por IDEA Internacional, con Sergio Bitar, exministro de Chile, acad\u00e9mico y presidente de la Fundaci\u00f3n por la Democracia, como comentarista de la obra.<\/p>\n<\/p>\n<p>Los conversatorios se desarrollar\u00e1n  el mi\u00e9rcoles 17 y el jueves 18, en encuentros cerrados, en Funglode, con la participaci\u00f3n de reputados intelectuales: Carlos Malamud, investigador sobre Am\u00e9rica Latina del Real Instituto Elcano; Eduardo Gamarra, polit\u00f3logo y profesor de Ciencias Pol\u00edticas de la Universidad Internacional de la Florida, y Abraham Lowenthal, profesor y presidente em\u00e9rito del Consejo del Pac\u00edfico sobre Pol\u00edtica Internacional.<\/p>\n<\/p>\n<p>Al encuentro asistir\u00e1n, adem\u00e1s de intelectuales, destacados pol\u00edticos, como Ignacio Walker, senador de la Rep\u00fablica de Chile; Lourdes Flores, expresidenta del Partido Popular Cristiano (PPC), de Per\u00fa; Edmundo Jarqu\u00edn, ex candidato presidencial por el Movimiento Renovador Sandinista de Nicaragua, y Esperanza Mart\u00ednez, senadora de Paraguay.  <\/p>\n<\/p>\n<p>Asimismo, expondr\u00e1n en las mesas de trabajo, entre otros: Luis Vicente Le\u00f3n, presidente de Datan\u00e1lisis; Josette Altmann, secretaria general de la Facultad Latinoamericana de Ciencias Sociales (FLACSO); Adriana Mej\u00eda Hern\u00e1ndez, directora ejecutiva del Instituto de Ciencia Pol\u00edtica Hern\u00e1n Echavarr\u00eda Ol\u00f3zaga, en Colombia; Jos\u00e9 Woldenberg, exconsejero presidente del Instituto Federal Electoral (IFE), en M\u00e9xico; Torquato Jardim, ministro de Justicia y Seguridad P\u00fablica de Brasil; Hugo Beteta, director de la Sede Subregional en M\u00e9xico de la Comisi\u00f3n Econ\u00f3mica para Am\u00e9rica Latina y el Caribe (CEPAL); Jos\u00e9 Manuel Salazar Xirinachs, director regional para Am\u00e9rica Latina y el Caribe de la Organizaci\u00f3n Internacional del Trabajo (OIT), de Per\u00fa. <\/p>\n<\/p>\n<p>El encuentro es organizado por Funglode desde 2009, con la participaci\u00f3n de  dignatarios, pol\u00edticos, periodistas y acad\u00e9micos, quienes analizan la actualidad y la prospectiva de Am\u00e9rica Latina. Esta cuarta edici\u00f3n actualizar\u00e1 las reflexiones sobre el estado de la regi\u00f3n en nuevas coyunturas geopol\u00edticas. (Funglode Digital y Social)<\/p>\n<\/p>\n<\/p>\n<\/p>\n<h6> 2018-01-12 18:24:28 <\/h6>\n<p><!--\n<link rel=\"stylesheet\" href=\"css\/bootstrap.min.css\">\n\n\n<ul class=\"pagination\">\n\t    \n\t\n\n<li >\n\t<a href='?page_no=6820'>Previous<\/a>\n\t<\/li>\n\n\n       \n    \n\n<li><a href='?page_no=1'>1<\/a><\/li>\n\n\n\n<li><a href='?page_no=2'>2<\/a><\/li>\n\n\n\n<li><a>...<\/a><\/li>\n\n\n\n<li><a href='?page_no=6819'>6819<\/a><\/li>\n\n\n\n<li><a href='?page_no=6820'>6820<\/a><\/li>\n\n\n\n<li class='active'><a>6821<\/a><\/li>\n\n\n\n<li><a href='?page_no=6822'>6822<\/a><\/li>\n\n\n\n<li><a href='?page_no=6823'>6823<\/a><\/li>\n\n\n\n<li><a>...<\/a><\/li>\n\n\n\n<li><a href='?page_no=36999'>36999<\/a><\/li>\n\n\n\n<li><a href='?page_no=37000'>37000<\/a><\/li>\n\n    \n\t\n\n<li >\n\t<a href='?page_no=6822'>Next<\/a>\n\t<\/li>\n\n\n    \n\n<li><a href='?page_no=37000'>Last &rsaquo;&rsaquo;<\/a><\/li>\n\n<\/ul>\n\n\n--><br \/>\n<\/body><\/p>\n","protected":false},"excerpt":{"rendered":"<p>En la foto el ex presidente Leonel Fern\u00e1ndez cuando habl\u00f3 el martes en la Conferencia sobre la situaci\u00f3n mundial 2018 en el Colegio Interamericano de Defensa, bajo el t\u00edtulo \u00abUn Mundo en Transici\u00f3n: Perspectiva Geopol\u00edtica en una \u00c9poca de Cambio\u00bb. En el encuentro, encabezado por el expresidente Leonel Fern\u00e1ndez, se analizar\u00e1 el estado de la [&hellip;]<\/p>\n","protected":false},"author":3,"featured_media":0,"comment_status":"open","ping_status":"open","sticky":false,"template":"","format":"standard","meta":{"footnotes":""},"categories":[22],"tags":[],"class_list":["post-171524","post","type-post","status-publish","format-standard","hentry","category-politica"],"_links":{"self":[{"href":"https:\/\/diariodominicano.com\/index.php?rest_route=\/wp\/v2\/posts\/171524","targetHints":{"allow":["GET"]}}],"collection":[{"href":"https:\/\/diariodominicano.com\/index.php?rest_route=\/wp\/v2\/posts"}],"about":[{"href":"https:\/\/diariodominicano.com\/index.php?rest_route=\/wp\/v2\/types\/post"}],"author":[{"embeddable":true,"href":"https:\/\/diariodominicano.com\/index.php?rest_route=\/wp\/v2\/users\/3"}],"replies":[{"embeddable":true,"href":"https:\/\/diariodominicano.com\/index.php?rest_route=%2Fwp%2Fv2%2Fcomments&post=171524"}],"version-history":[{"count":0,"href":"https:\/\/diariodominicano.com\/index.php?rest_route=\/wp\/v2\/posts\/171524\/revisions"}],"wp:attachment":[{"href":"https:\/\/diariodominicano.com\/index.php?rest_route=%2Fwp%2Fv2%2Fmedia&parent=171524"}],"wp:term":[{"taxonomy":"category","embeddable":true,"href":"https:\/\/diariodominicano.com\/index.php?rest_route=%2Fwp%2Fv2%2Fcategories&post=171524"},{"taxonomy":"post_tag","embeddable":true,"href":"https:\/\/diariodominicano.com\/index.php?rest_route=%2Fwp%2Fv2%2Ftags&post=171524"}],"curies":[{"name":"wp","href":"https:\/\/api.w.org\/{rel}","templated":true}]}}