{"id":171523,"date":"2018-01-12T20:45:43","date_gmt":"2018-01-12T20:45:43","guid":{"rendered":"http:\/\/diariodominicano.ddns.net\/?p=171523"},"modified":"2018-01-12T20:45:43","modified_gmt":"2018-01-12T20:45:43","slug":"maduro-espera-resultados-verificables-y-prontos-dialogo-entre-gobierno-y-oposicion","status":"publish","type":"post","link":"https:\/\/diariodominicano.com\/?p=171523","title":{"rendered":"Maduro espera \u00abresultados verificables y prontos\u00bb di\u00e1logo entre Gobierno y Oposici\u00f3n"},"content":{"rendered":"<p><body><\/p>\n<p><img decoding=\"async\" src=\"img3\/Maduro12-1-18.jpg\" \/>  <\/p>\n<p><span class=\"text1noticias\">     CARACAS, 12 ene (Xinhua) &#8212; El presidente de Venezuela, Nicolas Maduro, afirm\u00f3 este viernes esperar que las jornadas de di\u00e1logo que se est\u00e1n desarrollando en Santo Domingo, Rep\u00fablica Dominicana, entre su Gobierno y la Oposici\u00f3n del pa\u00eds, arroje resultados \u00abverificables y prontos\u00bb.<\/span><\/p>\n<p><span class=\"text1noticias\"> <\/span><\/p>\n<p><span class=\"text1noticias\">     El jefe de Estado inform\u00f3 que la delegaci\u00f3n de su gobierno, encabezada por el ministro de Comunicaci\u00f3n, Jorge Rodr\u00edguez, \u00abha puesto hoy sobre la mesa una propuesta avanzada, cre\u00edble\u00bb e insisti\u00f3 en su disposici\u00f3n a alcanzar soluciones pac\u00edficas a los conflictos de Venezuela.<\/span><\/p>\n<p><span class=\"text1noticias\"> <\/span><\/p>\n<p><span class=\"text1noticias\">     Sobre la Oposici\u00f3n manifest\u00f3 que \u00abestamos hablando con una Oposici\u00f3n que viene saliendo de la violencia\u00bb pero a\u00f1adi\u00f3 que, pese a las referidas acciones violentas \u00abtengo la obligaci\u00f3n de dialogar con esa Oposici\u00f3n (&#8230;) y traerla  al carril de la democracia, la paz y el respeto constitucional\u00bb.<\/span><\/p>\n<p><span class=\"text1noticias\"> <\/span><\/p>\n<p><span class=\"text1noticias\">     Maduro dijo adem\u00e1s que su obligaci\u00f3n de llevar a la Oposici\u00f3n venezolana \u00abal carril de la democracia\u00bb, la debe cumplir \u00abcomo sea, y si es a trav\u00e9s de la palabra, mejor, es el esfuerzo que estamos haciendo\u00bb, refiri\u00e9ndose a las jornadas de di\u00e1logo instaladas en Rep\u00fablica Dominicana.<\/span><\/p>\n<p><span class=\"text1noticias\"> <\/span><\/p>\n<p><span class=\"text1noticias\">     \u00abA m\u00ed se me acusa de ser un dictador, y de tanto repetirlo hay gente que lo cree, que soy una especie de &#8216;Stalin del Caribe&#8217; (&#8230;) imposible que yo sea un dictador \u00bfustedes saben por qu\u00e9? Porque nosotros venimos de los pueblos humildes, porque nosotros venimos de resistir\u00bb, a\u00f1adi\u00f3 el dignatario.<\/span><\/p>\n<p><span class=\"text1noticias\"> <\/span><\/p>\n<p><span class=\"text1noticias\">     Las jornadas de di\u00e1logo entre el gobierno y la Oposici\u00f3n de Venezuela se retomaron este jueves 11 en Santo Domingo, con conversaciones entre comisiones de trabajo, sin el acompa\u00f1amiento internacional; y este viernes se retomaron las conversaciones con el acompa\u00f1amiento internacional y todos los factores involucr<\/span>ados.<\/p>\n<h6> 2018-01-12 20:45:43 <\/h6>\n<p><!--\n<link rel=\"stylesheet\" href=\"css\/bootstrap.min.css\">\n\n\n<ul class=\"pagination\">\n\t    \n\t\n\n<li >\n\t<a href='?page_no=6819'>Previous<\/a>\n\t<\/li>\n\n\n       \n    \n\n<li><a href='?page_no=1'>1<\/a><\/li>\n\n\n\n<li><a href='?page_no=2'>2<\/a><\/li>\n\n\n\n<li><a>...<\/a><\/li>\n\n\n\n<li><a href='?page_no=6818'>6818<\/a><\/li>\n\n\n\n<li><a href='?page_no=6819'>6819<\/a><\/li>\n\n\n\n<li class='active'><a>6820<\/a><\/li>\n\n\n\n<li><a href='?page_no=6821'>6821<\/a><\/li>\n\n\n\n<li><a href='?page_no=6822'>6822<\/a><\/li>\n\n\n\n<li><a>...<\/a><\/li>\n\n\n\n<li><a href='?page_no=36999'>36999<\/a><\/li>\n\n\n\n<li><a href='?page_no=37000'>37000<\/a><\/li>\n\n    \n\t\n\n<li >\n\t<a href='?page_no=6821'>Next<\/a>\n\t<\/li>\n\n\n    \n\n<li><a href='?page_no=37000'>Last &rsaquo;&rsaquo;<\/a><\/li>\n\n<\/ul>\n\n\n--><br \/>\n<\/body><\/p>\n","protected":false},"excerpt":{"rendered":"<p>CARACAS, 12 ene (Xinhua) &#8212; El presidente de Venezuela, Nicolas Maduro, afirm\u00f3 este viernes esperar que las jornadas de di\u00e1logo que se est\u00e1n desarrollando en Santo Domingo, Rep\u00fablica Dominicana, entre su Gobierno y la Oposici\u00f3n del pa\u00eds, arroje resultados \u00abverificables y prontos\u00bb. El jefe de Estado inform\u00f3 que la delegaci\u00f3n de su gobierno, encabezada por [&hellip;]<\/p>\n","protected":false},"author":3,"featured_media":0,"comment_status":"open","ping_status":"open","sticky":false,"template":"","format":"standard","meta":{"footnotes":""},"categories":[22],"tags":[],"class_list":["post-171523","post","type-post","status-publish","format-standard","hentry","category-politica"],"_links":{"self":[{"href":"https:\/\/diariodominicano.com\/index.php?rest_route=\/wp\/v2\/posts\/171523","targetHints":{"allow":["GET"]}}],"collection":[{"href":"https:\/\/diariodominicano.com\/index.php?rest_route=\/wp\/v2\/posts"}],"about":[{"href":"https:\/\/diariodominicano.com\/index.php?rest_route=\/wp\/v2\/types\/post"}],"author":[{"embeddable":true,"href":"https:\/\/diariodominicano.com\/index.php?rest_route=\/wp\/v2\/users\/3"}],"replies":[{"embeddable":true,"href":"https:\/\/diariodominicano.com\/index.php?rest_route=%2Fwp%2Fv2%2Fcomments&post=171523"}],"version-history":[{"count":0,"href":"https:\/\/diariodominicano.com\/index.php?rest_route=\/wp\/v2\/posts\/171523\/revisions"}],"wp:attachment":[{"href":"https:\/\/diariodominicano.com\/index.php?rest_route=%2Fwp%2Fv2%2Fmedia&parent=171523"}],"wp:term":[{"taxonomy":"category","embeddable":true,"href":"https:\/\/diariodominicano.com\/index.php?rest_route=%2Fwp%2Fv2%2Fcategories&post=171523"},{"taxonomy":"post_tag","embeddable":true,"href":"https:\/\/diariodominicano.com\/index.php?rest_route=%2Fwp%2Fv2%2Ftags&post=171523"}],"curies":[{"name":"wp","href":"https:\/\/api.w.org\/{rel}","templated":true}]}}