{"id":171521,"date":"2018-01-12T21:58:10","date_gmt":"2018-01-12T21:58:10","guid":{"rendered":"http:\/\/diariodominicano.ddns.net\/?p=171521"},"modified":"2018-01-12T21:58:10","modified_gmt":"2018-01-12T21:58:10","slug":"analista-ve-incertidumbre-sobre-elecciones-presidenciales-en-venezuela","status":"publish","type":"post","link":"https:\/\/diariodominicano.com\/?p=171521","title":{"rendered":"Analista ve incertidumbre sobre elecciones presidenciales en Venezuela&#13;"},"content":{"rendered":"<p><body><\/p>\n<p><img decoding=\"async\" src=\"img3\/136889843_1515720436302_title0h.jpg\" \/>  <\/p>\n<\/p>\n<p><strong>   CARACAS, 12 ene (Xinhua) &#8211;<\/strong>&#8211; Venezuela se prepara para celebrar este a\u00f1o unos comicios presidenciales bajo circunstancias at\u00edpicas, debido a que se desarrollar\u00e1n en medio de una grave crisis pol\u00edtica, econ\u00f3mica y social que inici\u00f3 en 2014, afirm\u00f3 el analista Miguel Contreras.<\/p>\n<\/p>\n<p>   Con escasez de alimentos y medicinas, una alta inflaci\u00f3n de tres d\u00edgitos y una presi\u00f3n internacional caracterizada por sanciones jur\u00eddicas y econ\u00f3micas de Estados Unidos, el gobierno del presidente venezolano, Nicol\u00e1s Maduro, buscar\u00e1 relegitimarse en el poder por un nuevo per\u00edodo de seis a\u00f1os.<\/p>\n<\/p>\n<p>   Sin embargo, la oposici\u00f3n agrupada en la Mesa de la Unidad Democr\u00e1tica (MUD) buscar\u00e1 poner fin a una gesti\u00f3n izquierdista que inici\u00f3 con la llegada al poder del fallecido presidente Hugo Ch\u00e1vez en 1999.<\/p>\n<\/p>\n<p>   En entrevista con Xinhua, Contreras afirm\u00f3 que este proceso electoral se desarrollar\u00e1 en medio de una \u00abcrisis de las formas de representaci\u00f3n pol\u00edtica\u00bb, que se manifiesta \u00aben la desconfianza de los propios actores (pol\u00edticos) acerca de las instituciones\u00bb garantes de la competencia pol\u00edtica.<\/p>\n<\/p>\n<p>   \u00abLa crisis de la representaci\u00f3n es una crisis que tiene un doble sentido, es decir, es una crisis tanto a lo interno del gobierno como a lo interno de la oposici\u00f3n. Se expresa de esa forma\u00bb, sostuvo el profesor de la Escuela de Sociolog\u00eda del Departamento de Teor\u00eda Social. <\/p>\n<\/p>\n<p>   Sobre la fecha de las elecciones, a\u00fan no anunciada, el experto record\u00f3 que \u00absi fuera en t\u00e9rminos constitucionales, si estuvi\u00e9ramos hablando del vencimiento del per\u00edodo del presidente Nicol\u00e1s Maduro, estar\u00edamos hablando de (que se efectuar\u00edan en) diciembre de 2018\u00bb.<\/p>\n<\/p>\n<p>   El art\u00edculo 230 de la Constituci\u00f3n venezolana establece que \u00abel per\u00edodo presidencial es de seis a\u00f1os\u00bb, por lo cual se espera que los venezolanos sean convocados a votar a finales de este 2018.<\/p>\n<\/p>\n<p>   Sin embargo, el catedr\u00e1tico dijo que ello depende de las \u00abcondiciones pol\u00edticas en las cuales nos encontramos\u00bb.<\/p>\n<\/p>\n<p>   \u00abEl no tener fecha significa que cada actor (pol\u00edtico) est\u00e1 midiendo cu\u00e1l es el momento propicio para, de acuerdo a las condiciones que manejan, hacer la elecci\u00f3n\u00bb, consider\u00f3 Contreras.<\/p>\n<\/p>\n<p>   El analista afirm\u00f3 que estas elecciones est\u00e1n en un \u00abpunto completamente novedoso\u00bb tras considerar \u00ablas condiciones pol\u00edticas, sociales y econ\u00f3micas\u00bb que atraviesa la naci\u00f3n suramericana, pues sectores adversos pueden trabajar en campa\u00f1as de \u00abrechazo\u00bb.<\/p>\n<\/p>\n<p>   En este contexto, seg\u00fan el soci\u00f3logo, se \u00abpuede construir un candidato completamente distinto y favorecer a un candidato independientemente del signo ideol\u00f3gico y pol\u00edtico\u00bb que tenga.<\/p>\n<\/p>\n<p>   La situaci\u00f3n actual \u00abpodr\u00eda favorecer una candidatura que llamamos de &#8216;tercer excluido&#8217;, es decir, un candidato que todav\u00eda no tiene rostro, pero que podr\u00eda capitalizar y condensar el descontento social, pol\u00edtico y econ\u00f3mico del pa\u00eds\u00bb, sostuvo.<\/p>\n<\/p>\n<p>   \u00abYo creo que podr\u00eda salir ese tercer candidato. No dir\u00eda yo que est\u00e1 surgiendo porque tendr\u00eda que dar como el rostro de alguien, pero podr\u00eda decir que hay suficientes elementos emp\u00edricos para decir que el &#8216;tercer excluido&#8217; es la estrategia, es decir, que no es la oposici\u00f3n ni el gobierno\u00bb, subray\u00f3.<\/p>\n<\/p>\n<p>   Pero mientras que el analista observa con incertidumbre lo que ocurre en Venezuela, el gobierno y la oposici\u00f3n se re\u00fanen nuevamente este viernes en Rep\u00fablica Dominicana para lograr un \u00abacuerdo definitivo\u00bb que permita una soluci\u00f3n pol\u00edtica para este pa\u00eds. <\/p>\n<\/p>\n<p>   Durante su alocuci\u00f3n el pasado jueves, el presidente Maduro dijo que espera surjan consensos de \u00abgarant\u00edas plenas para la realizaci\u00f3n de elecciones presidenciales\u00bb correspondientes para este 2018.<\/p>\n<\/p>\n<p>   El gobierno pide el cese de las sanciones estadounidenses y la oposici\u00f3n exige la renovaci\u00f3n de las autoridades del Consejo Nacional Electoral (CNE) que acusan de favorecer a Maduro. Fin<\/p>\n<\/p>\n<h6> 2018-01-12 21:58:10 <\/h6>\n<p><!--\n<link rel=\"stylesheet\" href=\"css\/bootstrap.min.css\">\n\n\n<ul class=\"pagination\">\n\t    \n\t\n\n<li >\n\t<a href='?page_no=6818'>Previous<\/a>\n\t<\/li>\n\n\n       \n    \n\n<li><a href='?page_no=1'>1<\/a><\/li>\n\n\n\n<li><a href='?page_no=2'>2<\/a><\/li>\n\n\n\n<li><a>...<\/a><\/li>\n\n\n\n<li><a href='?page_no=6817'>6817<\/a><\/li>\n\n\n\n<li><a href='?page_no=6818'>6818<\/a><\/li>\n\n\n\n<li class='active'><a>6819<\/a><\/li>\n\n\n\n<li><a href='?page_no=6820'>6820<\/a><\/li>\n\n\n\n<li><a href='?page_no=6821'>6821<\/a><\/li>\n\n\n\n<li><a>...<\/a><\/li>\n\n\n\n<li><a href='?page_no=36999'>36999<\/a><\/li>\n\n\n\n<li><a href='?page_no=37000'>37000<\/a><\/li>\n\n    \n\t\n\n<li >\n\t<a href='?page_no=6820'>Next<\/a>\n\t<\/li>\n\n\n    \n\n<li><a href='?page_no=37000'>Last &rsaquo;&rsaquo;<\/a><\/li>\n\n<\/ul>\n\n\n--><br \/>\n<\/body><\/p>\n","protected":false},"excerpt":{"rendered":"<p>CARACAS, 12 ene (Xinhua) &#8211;&#8211; Venezuela se prepara para celebrar este a\u00f1o unos comicios presidenciales bajo circunstancias at\u00edpicas, debido a que se desarrollar\u00e1n en medio de una grave crisis pol\u00edtica, econ\u00f3mica y social que inici\u00f3 en 2014, afirm\u00f3 el analista Miguel Contreras. Con escasez de alimentos y medicinas, una alta inflaci\u00f3n de tres d\u00edgitos y [&hellip;]<\/p>\n","protected":false},"author":3,"featured_media":0,"comment_status":"open","ping_status":"open","sticky":false,"template":"","format":"standard","meta":{"footnotes":""},"categories":[22],"tags":[],"class_list":["post-171521","post","type-post","status-publish","format-standard","hentry","category-politica"],"_links":{"self":[{"href":"https:\/\/diariodominicano.com\/index.php?rest_route=\/wp\/v2\/posts\/171521","targetHints":{"allow":["GET"]}}],"collection":[{"href":"https:\/\/diariodominicano.com\/index.php?rest_route=\/wp\/v2\/posts"}],"about":[{"href":"https:\/\/diariodominicano.com\/index.php?rest_route=\/wp\/v2\/types\/post"}],"author":[{"embeddable":true,"href":"https:\/\/diariodominicano.com\/index.php?rest_route=\/wp\/v2\/users\/3"}],"replies":[{"embeddable":true,"href":"https:\/\/diariodominicano.com\/index.php?rest_route=%2Fwp%2Fv2%2Fcomments&post=171521"}],"version-history":[{"count":0,"href":"https:\/\/diariodominicano.com\/index.php?rest_route=\/wp\/v2\/posts\/171521\/revisions"}],"wp:attachment":[{"href":"https:\/\/diariodominicano.com\/index.php?rest_route=%2Fwp%2Fv2%2Fmedia&parent=171521"}],"wp:term":[{"taxonomy":"category","embeddable":true,"href":"https:\/\/diariodominicano.com\/index.php?rest_route=%2Fwp%2Fv2%2Fcategories&post=171521"},{"taxonomy":"post_tag","embeddable":true,"href":"https:\/\/diariodominicano.com\/index.php?rest_route=%2Fwp%2Fv2%2Ftags&post=171521"}],"curies":[{"name":"wp","href":"https:\/\/api.w.org\/{rel}","templated":true}]}}