{"id":171517,"date":"2018-01-13T23:36:17","date_gmt":"2018-01-13T23:36:17","guid":{"rendered":"http:\/\/diariodominicano.ddns.net\/?p=171517"},"modified":"2018-01-13T23:36:17","modified_gmt":"2018-01-13T23:36:17","slug":"muere-dirigente-de-alianza-pais-en-la-florida","status":"publish","type":"post","link":"https:\/\/diariodominicano.com\/?p=171517","title":{"rendered":"Muere  dirigente de Alianza Pa\u00eds en la Florida"},"content":{"rendered":"<p><body><\/p>\n<p><img decoding=\"async\" src=\"img3\/RAFAEL DELGADILLO, FOTO MEDIO    CUERPO.jpg\" \/>  <\/p>\n<p><strong>Por Freddy P. Galarza <\/strong><\/p>\n<p><strong>Miami, Florida.- <\/strong>El Partido Alianza Pa\u00eds inform\u00f3 de la muerte del destacado dirigente de la organizaci\u00f3n en la Florida Rafael Delgadillo.<\/p>\n<\/p>\n<p>Su deceso se produjo ayer, luego de haber sido reintegrado a un centro de salud de Kissimimee, Orlando, donde falleci\u00f3 despu\u00e9s de recibir dos paros cardiacos. <\/p>\n<\/p>\n<p>Expresa la organizaci\u00f3n pol\u00edtica que Delgadillo, era miembro fundador de esa entidad en el estado de Florida, militante de la Uni\u00f3n de estudiantes Revolucionarios UER, desde su tiempo de estudiante en la escuela de RD.<\/p>\n<\/p>\n<p>Expone que el dirigente aliancista form\u00f3 parte de la militancia pol\u00edtica de izquierda desde la L\u00ednea Roja del Movimiento Revolucionario 14 de Junio. Y a los inicios de los a\u00f1os 70, fue de su organizadores en la ciudad de Nueva York, ocupando la secretar\u00eda general y luego en el PTD.<\/p>\n<\/p>\n<p>\u00bb Rafael Delgadillo, desde esta ciudad particip\u00f3 en m\u00faltiples movimientos de solidaridad con el pueblo dominicano bajos dolorosos y teneblosos 12 a\u00f1os de gobiernos balagueristas y movimikento de solidaridad con otros pueblos\u00bb significa . <\/p>\n<\/p>\n<p>Fue un preclaro activista de la lucha de nuestra comunidad por sus derechos democr\u00e1ticos, econ\u00f3micos, pol\u00edticos y culturales, uIniciador del trabajo entre estudiantes dominicanos de colegios universitarios con alta concentraci\u00f3n de nuestros connacionales.?<\/p>\n<\/p>\n<p>Bajo su direcci\u00f3n, se\u00f1ala Alianza Pa\u00eds, estudiantes y activistas con v\u00ednculos pol\u00edticos con la L\u00ednea Roja fueron partes de quienes ocuparon el edificio 500 de Grand Concourse ha mediado de la d\u00e9cada de los 70?s, en demanda de la construcci\u00f3n de mas aulas para el Colegio Comunitario Eugenio Mar\u00eda de Hostos, en el Bronx.?<\/p>\n<\/p>\n<p>Delgadillo fue un revolucionario de toda su vida. Un hombre humilde y respetuoso, como se\u00f1al\u00f3 Guillermo Moreno, Presidente de Alpa\u00eds, \u00abha partido un hombre pleno de humanidad, solidario y afable\u00bb. ?<\/p>\n<\/p>\n<p>Un hombre noble, que deja un vac\u00edo con su partida que s\u00f3lo se llena con su ejemplo que nos lega como buen esposo de Olga \u00c1lvarez, como padre responsable de sus hijos Algesira, Rafael Enrique y Thania Delgadillo y como aliancista comprometido con el ideal de emancipaci\u00f3n del pueblo y todo el sentimiento de solidaridad que anida en nuestros corazones.<\/p>\n<\/p>\n<p>\u00bb Los aliancistas de RD y del exterior, expresamos de manera p\u00fablica todo el sentimiento de solidaridad que anida en nuestros corazones para con Olga \u00c1lvarez y sus tres amorosos hijos\u00bb.?<\/p>\n<\/p>\n<p>El velatorio de los restos de Delgadillo se efectuar\u00e1 el lunes 15 de enero, de 5 pm a 8 pm, en el Conrad Thompson Funeral Home, ubicado en el 511 W Emmett St, Kissimme, Florida 34741.?<\/p>\n<\/p>\n<p>freddy.galarza@yahoo.com<\/p>\n<\/p>\n<h6> 2018-01-13 23:36:17 <\/h6>\n<p><!--\n<link rel=\"stylesheet\" href=\"css\/bootstrap.min.css\">\n\n\n<ul class=\"pagination\">\n\t    \n\t\n\n<li >\n\t<a href='?page_no=6814'>Previous<\/a>\n\t<\/li>\n\n\n       \n    \n\n<li><a href='?page_no=1'>1<\/a><\/li>\n\n\n\n<li><a href='?page_no=2'>2<\/a><\/li>\n\n\n\n<li><a>...<\/a><\/li>\n\n\n\n<li><a href='?page_no=6813'>6813<\/a><\/li>\n\n\n\n<li><a href='?page_no=6814'>6814<\/a><\/li>\n\n\n\n<li class='active'><a>6815<\/a><\/li>\n\n\n\n<li><a href='?page_no=6816'>6816<\/a><\/li>\n\n\n\n<li><a href='?page_no=6817'>6817<\/a><\/li>\n\n\n\n<li><a>...<\/a><\/li>\n\n\n\n<li><a href='?page_no=36999'>36999<\/a><\/li>\n\n\n\n<li><a href='?page_no=37000'>37000<\/a><\/li>\n\n    \n\t\n\n<li >\n\t<a href='?page_no=6816'>Next<\/a>\n\t<\/li>\n\n\n    \n\n<li><a href='?page_no=37000'>Last &rsaquo;&rsaquo;<\/a><\/li>\n\n<\/ul>\n\n\n--><br \/>\n<\/body><\/p>\n","protected":false},"excerpt":{"rendered":"<p>Por Freddy P. Galarza Miami, Florida.- El Partido Alianza Pa\u00eds inform\u00f3 de la muerte del destacado dirigente de la organizaci\u00f3n en la Florida Rafael Delgadillo. Su deceso se produjo ayer, luego de haber sido reintegrado a un centro de salud de Kissimimee, Orlando, donde falleci\u00f3 despu\u00e9s de recibir dos paros cardiacos. Expresa la organizaci\u00f3n pol\u00edtica [&hellip;]<\/p>\n","protected":false},"author":3,"featured_media":0,"comment_status":"open","ping_status":"open","sticky":false,"template":"","format":"standard","meta":{"footnotes":""},"categories":[22],"tags":[],"class_list":["post-171517","post","type-post","status-publish","format-standard","hentry","category-politica"],"_links":{"self":[{"href":"https:\/\/diariodominicano.com\/index.php?rest_route=\/wp\/v2\/posts\/171517","targetHints":{"allow":["GET"]}}],"collection":[{"href":"https:\/\/diariodominicano.com\/index.php?rest_route=\/wp\/v2\/posts"}],"about":[{"href":"https:\/\/diariodominicano.com\/index.php?rest_route=\/wp\/v2\/types\/post"}],"author":[{"embeddable":true,"href":"https:\/\/diariodominicano.com\/index.php?rest_route=\/wp\/v2\/users\/3"}],"replies":[{"embeddable":true,"href":"https:\/\/diariodominicano.com\/index.php?rest_route=%2Fwp%2Fv2%2Fcomments&post=171517"}],"version-history":[{"count":0,"href":"https:\/\/diariodominicano.com\/index.php?rest_route=\/wp\/v2\/posts\/171517\/revisions"}],"wp:attachment":[{"href":"https:\/\/diariodominicano.com\/index.php?rest_route=%2Fwp%2Fv2%2Fmedia&parent=171517"}],"wp:term":[{"taxonomy":"category","embeddable":true,"href":"https:\/\/diariodominicano.com\/index.php?rest_route=%2Fwp%2Fv2%2Fcategories&post=171517"},{"taxonomy":"post_tag","embeddable":true,"href":"https:\/\/diariodominicano.com\/index.php?rest_route=%2Fwp%2Fv2%2Ftags&post=171517"}],"curies":[{"name":"wp","href":"https:\/\/api.w.org\/{rel}","templated":true}]}}