{"id":171515,"date":"2018-01-14T09:10:15","date_gmt":"2018-01-14T09:10:15","guid":{"rendered":"http:\/\/diariodominicano.ddns.net\/?p=171515"},"modified":"2018-01-14T09:10:15","modified_gmt":"2018-01-14T09:10:15","slug":"fiscales-del-prm-advierten-seran-drasticos-contra-militantes-que-violen-ordenamiento-penal","status":"publish","type":"post","link":"https:\/\/diariodominicano.com\/?p=171515","title":{"rendered":"Fiscales del PRM  advierten ser\u00e1n dr\u00e1sticos contra militantes que violen ordenamiento penal"},"content":{"rendered":"<p><body><\/p>\n<p><img decoding=\"async\" src=\"img3\/PRM000.jpg\" \/>  <\/p>\n<p><strong><span class=\"text1noticias\">SANTO DOMINGO, RD, 14 de enero de 2018.-<\/span><\/strong><span class=\"text1noticias\"> El Partido Revolucionario Moderno (PRM) advirti\u00f3 este domingo que mantiene su firme determinaci\u00f3n de lucha permanente contra la impunidad y requerir que toda persona que violente el ordenamiento penal sea traducida a la Justicia y debidamente sancionado, sin distingo de rango social, ideolog\u00eda, religi\u00f3n ni v\u00ednculos con el poder<\/span><\/p>\n<\/p>\n<p><span class=\"text1noticias\">En una declaraci\u00f3n de prensa los licenciados Efr\u00e9n Cuello y Luis Soto, fiscales nacionales de la colectividad pol\u00edtica, el PRM anunci\u00f3 que con relaci\u00f3n al caso espec\u00edfico del regidor del municipio de Jiman\u00ed, Pascual Aristy Novas y Novas, estar\u00e1n vigilantes para perseguir la aplicaci\u00f3n de las medidas disciplinarias correspondientes, en caso de que se comprobara judicialmente que los hechos que le imputan son ciertos.<\/span><\/p>\n<\/p>\n<p><span class=\"text1noticias\">Agregaron, no obstante, el rigor en guardar respeto por el principio constitucional de la presunci\u00f3n de inocencia, las sanciones a aplicar, si procedieran, se har\u00e1 siempre guardando respeto al debido proceso de ley.<\/span><\/p>\n<p><span class=\"text1noticias\">Advirtieron  que perseguir\u00edan la exclusi\u00f3n definitiva del partido del compa\u00f1ero Novas, s\u00ed como se ha dicho, \u00e9ste resultare comprometido en los hechos.<\/span><\/p>\n<\/p>\n<p><span class=\"text1noticias\">Sin embargo, Cuello y Soto recordaron que, previo a la expulsi\u00f3n definitiva en caso de tuviera lugar, la Direcci\u00f3n Ejecutiva podr\u00e1 disponer la suspensi\u00f3n del compa\u00f1ero Novas, s\u00ed resultara enviado a un juicio de fondo.<\/span><\/p>\n<\/p>\n<p><span class=\"text1noticias\"> Afirmaron  que ese criterio lo han seguido y lo seguir\u00e1n con relaci\u00f3n a cualquier militante o dirigente del Partido que resultare involucrado en una situaci\u00f3n de car\u00e1cter penal, sin importar la jerarqu\u00eda que en la estructura partidaria ocupe ese militante o dirigente.<\/span><\/p>\n<\/p>\n<\/p>\n<h6> 2018-01-14 09:10:15 <\/h6>\n<p><!--\n<link rel=\"stylesheet\" href=\"css\/bootstrap.min.css\">\n\n\n<ul class=\"pagination\">\n\t    \n\t\n\n<li >\n\t<a href='?page_no=6812'>Previous<\/a>\n\t<\/li>\n\n\n       \n    \n\n<li><a href='?page_no=1'>1<\/a><\/li>\n\n\n\n<li><a href='?page_no=2'>2<\/a><\/li>\n\n\n\n<li><a>...<\/a><\/li>\n\n\n\n<li><a href='?page_no=6811'>6811<\/a><\/li>\n\n\n\n<li><a href='?page_no=6812'>6812<\/a><\/li>\n\n\n\n<li class='active'><a>6813<\/a><\/li>\n\n\n\n<li><a href='?page_no=6814'>6814<\/a><\/li>\n\n\n\n<li><a href='?page_no=6815'>6815<\/a><\/li>\n\n\n\n<li><a>...<\/a><\/li>\n\n\n\n<li><a href='?page_no=36999'>36999<\/a><\/li>\n\n\n\n<li><a href='?page_no=37000'>37000<\/a><\/li>\n\n    \n\t\n\n<li >\n\t<a href='?page_no=6814'>Next<\/a>\n\t<\/li>\n\n\n    \n\n<li><a href='?page_no=37000'>Last &rsaquo;&rsaquo;<\/a><\/li>\n\n<\/ul>\n\n\n--><br \/>\n<\/body><\/p>\n","protected":false},"excerpt":{"rendered":"<p>SANTO DOMINGO, RD, 14 de enero de 2018.- El Partido Revolucionario Moderno (PRM) advirti\u00f3 este domingo que mantiene su firme determinaci\u00f3n de lucha permanente contra la impunidad y requerir que toda persona que violente el ordenamiento penal sea traducida a la Justicia y debidamente sancionado, sin distingo de rango social, ideolog\u00eda, religi\u00f3n ni v\u00ednculos con [&hellip;]<\/p>\n","protected":false},"author":3,"featured_media":0,"comment_status":"open","ping_status":"open","sticky":false,"template":"","format":"standard","meta":{"footnotes":""},"categories":[22],"tags":[],"class_list":["post-171515","post","type-post","status-publish","format-standard","hentry","category-politica"],"_links":{"self":[{"href":"https:\/\/diariodominicano.com\/index.php?rest_route=\/wp\/v2\/posts\/171515","targetHints":{"allow":["GET"]}}],"collection":[{"href":"https:\/\/diariodominicano.com\/index.php?rest_route=\/wp\/v2\/posts"}],"about":[{"href":"https:\/\/diariodominicano.com\/index.php?rest_route=\/wp\/v2\/types\/post"}],"author":[{"embeddable":true,"href":"https:\/\/diariodominicano.com\/index.php?rest_route=\/wp\/v2\/users\/3"}],"replies":[{"embeddable":true,"href":"https:\/\/diariodominicano.com\/index.php?rest_route=%2Fwp%2Fv2%2Fcomments&post=171515"}],"version-history":[{"count":0,"href":"https:\/\/diariodominicano.com\/index.php?rest_route=\/wp\/v2\/posts\/171515\/revisions"}],"wp:attachment":[{"href":"https:\/\/diariodominicano.com\/index.php?rest_route=%2Fwp%2Fv2%2Fmedia&parent=171515"}],"wp:term":[{"taxonomy":"category","embeddable":true,"href":"https:\/\/diariodominicano.com\/index.php?rest_route=%2Fwp%2Fv2%2Fcategories&post=171515"},{"taxonomy":"post_tag","embeddable":true,"href":"https:\/\/diariodominicano.com\/index.php?rest_route=%2Fwp%2Fv2%2Ftags&post=171515"}],"curies":[{"name":"wp","href":"https:\/\/api.w.org\/{rel}","templated":true}]}}