{"id":171512,"date":"2018-01-14T11:22:59","date_gmt":"2018-01-14T11:22:59","guid":{"rendered":"http:\/\/diariodominicano.ddns.net\/?p=171512"},"modified":"2018-01-14T11:22:59","modified_gmt":"2018-01-14T11:22:59","slug":"prsc-suscribira-pacto-electrico","status":"publish","type":"post","link":"https:\/\/diariodominicano.com\/?p=171512","title":{"rendered":"PRSC suscribir\u00e1 pacto el\u00e9ctrico"},"content":{"rendered":"<p><body><\/p>\n<p><img decoding=\"async\" src=\"img3\/partidoreformista.jpg\" \/>  <\/p>\n<p><span class=\"text1noticias\">Santo Domingo, R. D., 14 de enero, 2018.- El Partido Reformista Social Cristiano, PRSC, anunci\u00f3 hoy que suscribir\u00e1 el Pacto El\u00e9ctrico que discute el Gobierno con la oposici\u00f3n, los empresarios y la sociedad en el Consejo Econ\u00f3mico y Social, CES. <\/span><\/p>\n<p><span class=\"text1noticias\"> <\/span><\/p>\n<p><span class=\"text1noticias\">El Secretario General Reformista, Ing. Ram\u00f3n Rogelio Genao, inform\u00f3 que su organizaci\u00f3n tom\u00f3 la decisi\u00f3n porque el Pacto El\u00e9ctrico es parte de nuestra Estrategia Nacional de Desarrollo, END  y con la esperanza de que este acuerdo sirva de base a nuevos entendidos en los principales tema de la agenda pa\u00eds.<\/span><\/p>\n<p><span class=\"text1noticias\"> <\/span><\/p>\n<p><span class=\"text1noticias\">\u00abLa clase pol\u00edtica Dominicana necesita retomar el dialogo y  capacidad concertadora para volver a ser capaz de pactar los grandes temas de la agenda pa\u00eds.\u00bb <\/span><\/p>\n<p><span class=\"text1noticias\"> <\/span><\/p>\n<p><span class=\"text1noticias\">\u00abLos pol\u00edticos hemos olvidado  la necesidad de  ponerse de acuerdo,  independientemente de las mayor\u00edas en los temas de la agenda pa\u00eds, para garantizar la continuidad en las pol\u00edticas p\u00fablicas fundamentales del Estado, los \u00faltimos referentes son el Pacto por la Democracia y el Pacto por la Educaci\u00f3n ambos en el siglo pasado\u00bb. <\/span><\/p>\n<p><span class=\"text1noticias\"> <\/span><\/p>\n<p><span class=\"text1noticias\">Genao expres\u00f3,  que la principal motivaci\u00f3n del PRSC al firmar el Pacto El\u00e9ctrico,  es que este sirva de base para nuevos acuerdos para poder relanzar nuestra democracia y Estado.<\/span><\/p>\n<p><span class=\"text1noticias\"> <\/span><\/p>\n<p><span class=\"text1noticias\"> <\/span><\/p>\n<p><span class=\"text1noticias\">\u00abRespaldamos el Pacto El\u00e9ctrico,  pero de la misma manera debemos ser capaces de concertar la transformaci\u00f3n de nuestro colapsado r\u00e9gimen electoral y acordar el establecimiento de un verdadero r\u00e9gimen de consecuencias que evite la corrupci\u00f3n, la criminalidad, la violencia e impunidad\u00bb.<\/span><\/p>\n<p><span class=\"text1noticias\"> <\/span><\/p>\n<p><span class=\"text1noticias\"> <\/span><\/p>\n<p><span class=\"text1noticias\">\u00abOficialistas, opositores, empresarios y sociedad debemos poner el pa\u00eds primero,  por encima de nuestros intereses individuales y pactar las pol\u00edticas p\u00fablicas marcos,  que nos permitan planificar el mediano y largo plazo con naci\u00f3n\u00bb. Concluy\u00f3 Genao.<\/span><\/p>\n<p><span class=\"text1noticias\"> <\/span><\/p>\n<p><span class=\"text1noticias\"> <\/span><\/p>\n<p><span class=\"text1noticias\">Fuente: Willis Rafael Genao<\/span><\/p>\n<p><span class=\"text1noticias\"> <\/span><\/p>\n<p><span class=\"text1noticias\">Subsecretario d<\/span>e Comunicaciones PRSC<\/p>\n<h6> 2018-01-14 11:22:59 <\/h6>\n<p><!--\n<link rel=\"stylesheet\" href=\"css\/bootstrap.min.css\">\n\n\n<ul class=\"pagination\">\n\t    \n\t\n\n<li >\n\t<a href='?page_no=6809'>Previous<\/a>\n\t<\/li>\n\n\n       \n    \n\n<li><a href='?page_no=1'>1<\/a><\/li>\n\n\n\n<li><a href='?page_no=2'>2<\/a><\/li>\n\n\n\n<li><a>...<\/a><\/li>\n\n\n\n<li><a href='?page_no=6808'>6808<\/a><\/li>\n\n\n\n<li><a href='?page_no=6809'>6809<\/a><\/li>\n\n\n\n<li class='active'><a>6810<\/a><\/li>\n\n\n\n<li><a href='?page_no=6811'>6811<\/a><\/li>\n\n\n\n<li><a href='?page_no=6812'>6812<\/a><\/li>\n\n\n\n<li><a>...<\/a><\/li>\n\n\n\n<li><a href='?page_no=36999'>36999<\/a><\/li>\n\n\n\n<li><a href='?page_no=37000'>37000<\/a><\/li>\n\n    \n\t\n\n<li >\n\t<a href='?page_no=6811'>Next<\/a>\n\t<\/li>\n\n\n    \n\n<li><a href='?page_no=37000'>Last &rsaquo;&rsaquo;<\/a><\/li>\n\n<\/ul>\n\n\n--><br \/>\n<\/body><\/p>\n","protected":false},"excerpt":{"rendered":"<p>Santo Domingo, R. D., 14 de enero, 2018.- El Partido Reformista Social Cristiano, PRSC, anunci\u00f3 hoy que suscribir\u00e1 el Pacto El\u00e9ctrico que discute el Gobierno con la oposici\u00f3n, los empresarios y la sociedad en el Consejo Econ\u00f3mico y Social, CES. El Secretario General Reformista, Ing. Ram\u00f3n Rogelio Genao, inform\u00f3 que su organizaci\u00f3n tom\u00f3 la decisi\u00f3n [&hellip;]<\/p>\n","protected":false},"author":3,"featured_media":0,"comment_status":"open","ping_status":"open","sticky":false,"template":"","format":"standard","meta":{"footnotes":""},"categories":[22],"tags":[],"class_list":["post-171512","post","type-post","status-publish","format-standard","hentry","category-politica"],"_links":{"self":[{"href":"https:\/\/diariodominicano.com\/index.php?rest_route=\/wp\/v2\/posts\/171512","targetHints":{"allow":["GET"]}}],"collection":[{"href":"https:\/\/diariodominicano.com\/index.php?rest_route=\/wp\/v2\/posts"}],"about":[{"href":"https:\/\/diariodominicano.com\/index.php?rest_route=\/wp\/v2\/types\/post"}],"author":[{"embeddable":true,"href":"https:\/\/diariodominicano.com\/index.php?rest_route=\/wp\/v2\/users\/3"}],"replies":[{"embeddable":true,"href":"https:\/\/diariodominicano.com\/index.php?rest_route=%2Fwp%2Fv2%2Fcomments&post=171512"}],"version-history":[{"count":0,"href":"https:\/\/diariodominicano.com\/index.php?rest_route=\/wp\/v2\/posts\/171512\/revisions"}],"wp:attachment":[{"href":"https:\/\/diariodominicano.com\/index.php?rest_route=%2Fwp%2Fv2%2Fmedia&parent=171512"}],"wp:term":[{"taxonomy":"category","embeddable":true,"href":"https:\/\/diariodominicano.com\/index.php?rest_route=%2Fwp%2Fv2%2Fcategories&post=171512"},{"taxonomy":"post_tag","embeddable":true,"href":"https:\/\/diariodominicano.com\/index.php?rest_route=%2Fwp%2Fv2%2Ftags&post=171512"}],"curies":[{"name":"wp","href":"https:\/\/api.w.org\/{rel}","templated":true}]}}