{"id":171509,"date":"2018-01-14T21:43:34","date_gmt":"2018-01-14T21:43:34","guid":{"rendered":"http:\/\/diariodominicano.ddns.net\/?p=171509"},"modified":"2018-01-14T21:43:34","modified_gmt":"2018-01-14T21:43:34","slug":"jce-realiza-tercer-encuentro-juntas-electorales-region-sur","status":"publish","type":"post","link":"https:\/\/diariodominicano.com\/?p=171509","title":{"rendered":"JCE realiza tercer encuentro Juntas Electorales regi\u00f3n Sur"},"content":{"rendered":"<p><body><\/p>\n<p><img decoding=\"async\" src=\"img3\/Sur 4.jpg\" \/><br \/><img decoding=\"async\" src=\"img3\/Sur 2.jpg\" \/><br \/><img decoding=\"async\" src=\"img3\/Sur 6.jpg\" \/>  <\/p>\n<\/p>\n<p><strong><span class=\"text1noticias\">Las 22 Juntas Electorales que integraron el encuentro fueron San Juan de la Maguana, Las Matas de Farf\u00e1n, El Cercado, Vallejuelo, Bohech\u00edo, Juan de Herrera, Comendador, Pedro Santana, Hondo Valle, El Llano, B\u00e1nica, Juan Santiago, Azua, Padre Las Casas, Peralta, Las Yayas de Viajama, Esteban\u00eda, Las Charcas, Sabana Yegua, Pueblo Viejo, T\u00e1bara Arriba y Guayabal.  <\/span><\/strong><\/p>\n<\/p>\n<p><strong><span class=\"text1noticias\">SAN JUAN DE LA MAGUANA.-<\/span><\/strong><span class=\"text1noticias\"> La Junta Central Electoral inform\u00f3 el domingo que  realiz\u00f3 su tercer encuentro de Juntas Electorales de la regi\u00f3n sur del pa\u00eds en la ciudad de San Juan de la Maguana, con la participaci\u00f3n de 22 Juntas Electorales de la regi\u00f3n, a los fines de tratar sobre la situaci\u00f3n de dichas dependencias, as\u00ed como pasar an\u00e1lisis a las elecciones de mayo de 2016.<\/span><\/p>\n<\/p>\n<p><span class=\"text1noticias\">El encuentro fue dirigido por el Magistrado Julio C\u00e9sar Casta\u00f1os Guzm\u00e1n, Presidente de la instituci\u00f3n, y organizado por la Comisi\u00f3n de Partidos Pol\u00edticos y Juntas Electorales, que coordina la Magistrada Carmen Imbert Brugal, quienes adem\u00e1s estuvieron acompa\u00f1ados de los dem\u00e1s miembros titulares, Magistrados Roberto Salad\u00edn Selin, Rosario Graciano de los Santos y Henry Mej\u00eda Oviedo.    Es el tercer encuentro de este tipo que realiza la actual gesti\u00f3n de la JCE, luego de los realizados en La Romana y en Barahona en el segundo semestre de 2017.  <\/span><\/p>\n<\/p>\n<p><span class=\"text1noticias\">\u00abEste encuentro forma parte de una propuesta desde el inicio de este Pleno, para tener contacto permanente con ustedes. Ustedes que son los protagonistas y que adem\u00e1s son permanentes. Los Plenos pasan y se van, pero ustedes se quedan y son los responsables de garantizar la idoneidad y la credibilidad de cada uno de los procesos electorales del pa\u00eds\u00bb, puntualiz\u00f3 la Magistrada Imbert Brugal en sus palabras de bienvenida.  Reconoci\u00f3 igualmente el historial de cada uno de los miembros de las Juntas Electorales, quienes tienen largos a\u00f1os al servicio de la instituci\u00f3n, organizando cada proceso comicial y velando por la transparencia y diafanidad de los mismos en sus respectivos municipios.<\/span><\/p>\n<\/p>\n<p><span class=\"text1noticias\">De su lado, el Presidente de la Junta Central Electoral (JCE), magistrado Julio C\u00e9sar Casta\u00f1os Guzm\u00e1n, expres\u00f3 su complacencia y valor\u00f3 la presencia de los miembros de las citadas Juntas Municipales, a quienes instruy\u00f3 a cumplir con su deber patri\u00f3tico de realizar un trabajo di\u00e1fano y transparente en las venideras elecciones Presidenciales, Congresuales y Municipales del 2020.  El funcionario les record\u00f3 que el patricio, Francisco del Rosario S\u00e1nchez, trabaj\u00f3 en el Registro Civil dominicano, demostrando su amor y apego al servicio p\u00fablico por el bien toda la sociedad.<\/span><\/p>\n<\/p>\n<p><span class=\"text1noticias\">\u00abEsto es un asunto de entusiasmo y de compromiso con nuestro pa\u00eds. Yo siempre pienso, ahora que estamos aqu\u00ed en el Sur, que Francisco del Rosario S\u00e1nchez, trabaj\u00f3 en nuestro Registro Civil. S\u00e1nchez, adem\u00e1s de Oficial Civil, fue abogado de oficio, pero fue un hombre que manifest\u00f3 mucho amor por su pa\u00eds y \u00e9l entr\u00f3 desde la vecina naci\u00f3n, envuelto en la Bandera Nacional, para que nadie se confundiera, por el hecho de \u00e9l entrar por ese sitio y \u00e9l dijo que \u00e9l era la expresi\u00f3n de la dominicanidad\u00bb, exclam\u00f3 el magistrado Casta\u00f1os Guzm\u00e1n.<\/span><\/p>\n<\/p>\n<p><span class=\"text1noticias\">El Presidente de la JCE exhort\u00f3 a todos los miembros de las Juntas Municipales de Azua, El\u00edas Pi\u00f1a y San Juan, a imitar ese gran ejemplo de amor y servicio del patricio Francisco del Rosario S\u00e1nchez, por el bien toda la naci\u00f3n y a que trabajen sin descanso por el fortalecimiento institucional y por el \u00e9xito de las venideras elecciones del 2020 en todo el pa\u00eds.<\/span><\/p>\n<\/p>\n<p><span class=\"text1noticias\">Correspondi\u00f3 al Director Nacional de Elecciones de la JCE, licenciado Mario N\u00fa\u00f1ez, presentar a todos los Presidentes, Secretarios y Vocales de las citadas Juntas Electorales, quienes a su vez expusieron ante los magistrados del Pleno todas las situaciones que se presentaron durante la organizaci\u00f3n de las pasadas elecciones Presidenciales, Congresuales y Municipales del 2016.<\/span><\/p>\n<\/p>\n<p><span class=\"text1noticias\">Participaron igualmente en el evento Miguel \u00c1ngel Garc\u00eda, Director de Inform\u00e1tica de la JCE; Ruth Lizardo, Directora de Recursos Humanos;  y Ram\u00f3n Urb\u00e1ez, Coordinador de Juntas Electorales. (Direcci\u00f3n de Comunicaciones)<\/span><\/p>\n<\/p>\n<\/p>\n<h6> 2018-01-14 21:43:34 <\/h6>\n<p><!--\n<link rel=\"stylesheet\" href=\"css\/bootstrap.min.css\">\n\n\n<ul class=\"pagination\">\n\t    \n\t\n\n<li >\n\t<a href='?page_no=6807'>Previous<\/a>\n\t<\/li>\n\n\n       \n    \n\n<li><a href='?page_no=1'>1<\/a><\/li>\n\n\n\n<li><a href='?page_no=2'>2<\/a><\/li>\n\n\n\n<li><a>...<\/a><\/li>\n\n\n\n<li><a href='?page_no=6806'>6806<\/a><\/li>\n\n\n\n<li><a href='?page_no=6807'>6807<\/a><\/li>\n\n\n\n<li class='active'><a>6808<\/a><\/li>\n\n\n\n<li><a href='?page_no=6809'>6809<\/a><\/li>\n\n\n\n<li><a href='?page_no=6810'>6810<\/a><\/li>\n\n\n\n<li><a>...<\/a><\/li>\n\n\n\n<li><a href='?page_no=36999'>36999<\/a><\/li>\n\n\n\n<li><a href='?page_no=37000'>37000<\/a><\/li>\n\n    \n\t\n\n<li >\n\t<a href='?page_no=6809'>Next<\/a>\n\t<\/li>\n\n\n    \n\n<li><a href='?page_no=37000'>Last &rsaquo;&rsaquo;<\/a><\/li>\n\n<\/ul>\n\n\n--><br \/>\n<\/body><\/p>\n","protected":false},"excerpt":{"rendered":"<p>Las 22 Juntas Electorales que integraron el encuentro fueron San Juan de la Maguana, Las Matas de Farf\u00e1n, El Cercado, Vallejuelo, Bohech\u00edo, Juan de Herrera, Comendador, Pedro Santana, Hondo Valle, El Llano, B\u00e1nica, Juan Santiago, Azua, Padre Las Casas, Peralta, Las Yayas de Viajama, Esteban\u00eda, Las Charcas, Sabana Yegua, Pueblo Viejo, T\u00e1bara Arriba y Guayabal. [&hellip;]<\/p>\n","protected":false},"author":3,"featured_media":0,"comment_status":"open","ping_status":"open","sticky":false,"template":"","format":"standard","meta":{"footnotes":""},"categories":[22],"tags":[],"class_list":["post-171509","post","type-post","status-publish","format-standard","hentry","category-politica"],"_links":{"self":[{"href":"https:\/\/diariodominicano.com\/index.php?rest_route=\/wp\/v2\/posts\/171509","targetHints":{"allow":["GET"]}}],"collection":[{"href":"https:\/\/diariodominicano.com\/index.php?rest_route=\/wp\/v2\/posts"}],"about":[{"href":"https:\/\/diariodominicano.com\/index.php?rest_route=\/wp\/v2\/types\/post"}],"author":[{"embeddable":true,"href":"https:\/\/diariodominicano.com\/index.php?rest_route=\/wp\/v2\/users\/3"}],"replies":[{"embeddable":true,"href":"https:\/\/diariodominicano.com\/index.php?rest_route=%2Fwp%2Fv2%2Fcomments&post=171509"}],"version-history":[{"count":0,"href":"https:\/\/diariodominicano.com\/index.php?rest_route=\/wp\/v2\/posts\/171509\/revisions"}],"wp:attachment":[{"href":"https:\/\/diariodominicano.com\/index.php?rest_route=%2Fwp%2Fv2%2Fmedia&parent=171509"}],"wp:term":[{"taxonomy":"category","embeddable":true,"href":"https:\/\/diariodominicano.com\/index.php?rest_route=%2Fwp%2Fv2%2Fcategories&post=171509"},{"taxonomy":"post_tag","embeddable":true,"href":"https:\/\/diariodominicano.com\/index.php?rest_route=%2Fwp%2Fv2%2Ftags&post=171509"}],"curies":[{"name":"wp","href":"https:\/\/api.w.org\/{rel}","templated":true}]}}