{"id":171507,"date":"2018-01-15T10:01:15","date_gmt":"2018-01-15T10:01:15","guid":{"rendered":"http:\/\/diariodominicano.ddns.net\/?p=171507"},"modified":"2018-01-15T10:01:15","modified_gmt":"2018-01-15T10:01:15","slug":"leonel-fernandez-considera-libro-sobre-trump-y-su-gobierno-estremecen-la-casa-blanca","status":"publish","type":"post","link":"https:\/\/diariodominicano.com\/?p=171507","title":{"rendered":"Leonel Fern\u00e1ndez considera libro sobre Trump y su gobierno estremecen la Casa Blanca"},"content":{"rendered":"<p><body><\/p>\n<p><img decoding=\"async\" src=\"img3\/LFprensa.jpg\" \/>  <\/p>\n<p><span class=\"text1noticias\">Santo Domingo, R. D., 15 de enero, 2018.- Leonel Fern\u00e1ndez, Presidente del Partido de la Liberaci\u00f3n Dominicana (PLD),  juzga hoy de \u00abescalofriantes y comprometedoras\u00bb las declaraciones de Steve Bannon, ex  jefe de Estrategia y ex asesor del Presidente de los Estados Unidos, Donald Trump,  al periodista norteamericano Michael Wolff, publicada en su libro \u00abFuego y Furia en la Casa Blanca de Trump\u00bb (Traducido del idioma ingl\u00e9s) y afirma que \u00abhan estremecido a la Casa Blanca\u00bb. <\/span><\/p>\n<p><span class=\"text1noticias\"> <\/span><\/p>\n<p><span class=\"text1noticias\">El ex presidente dominicano aborda el tema este d\u00eda en su columna Observatorio Global que publica en los peri\u00f3dicos List\u00edn Diario y Vanguardia del Pueblo Digital bajo el t\u00edtulo \u00abEl Libro que estremeci\u00f3 a la Casa Blanca\u00bb.<\/span><\/p>\n<p><span class=\"text1noticias\"> <\/span><\/p>\n<p><span class=\"text1noticias\">Considera  la publicaci\u00f3n como un fen\u00f3meno editorial: \u00abS\u00f3lo bast\u00f3 que el pasado 3 de enero, la revista New York publicase un extracto del libro del reconocido periodista norteamericano Michael Wolff, Fire and Fury: Inside the Trump White House (Fuego y Furia en la Casa Blanca de Trump), para que inmediatamente las solicitudes de compra lo convirtiesen en el principal bestseller del momento\u00bb. <\/span><\/p>\n<p><span class=\"text1noticias\"> <\/span><\/p>\n<p><span class=\"text1noticias\">Leonel Fern\u00e1ndez explica que ha sido de tal magnitud el impacto del libro que  en menos de 48 horas ya hab\u00eda vendido un mill\u00f3n de ejemplares, quiz\u00e1s empujado por  la reacci\u00f3n de la Casa Blanca, cuya  vocera oficial, Sarah Huckabee Sanders, r\u00e1pidamente lo descalific\u00f3 como una \u00abbasura de ficci\u00f3n\u00bb; y que Charles Harder, abogado del presidente Donald Trump le enviase una carta al autor y a la casa editora, indic\u00e1ndoles que desistieran de su publicaci\u00f3n, bajo la amenaza de proceder con una demanda por difamaci\u00f3n e injuria. <\/span><\/p>\n<p><span class=\"text1noticias\"> <\/span><\/p>\n<p><span class=\"text1noticias\">\u00abLa reacci\u00f3n, sin embargo, fue contraria a la esperada. En lugar de acoger la petici\u00f3n de suspensi\u00f3n de la publicaci\u00f3n, la casa editora adelant\u00f3 la fecha de salida del libro\u00bb apunta Leonel Fern\u00e1ndez en su escrito en el que detalla aspectos fundamentales del libro. \u00abFuego y Furia en la Casa Blanca de Trump\u00bb.<\/span><\/p>\n<p><span class=\"text1noticias\"> <\/span><\/p>\n<p><span class=\"text1noticias\">Seg\u00fan Michael Wolff su objetivo al escribir el libro  era, en primer t\u00e9rmino, poner de relieve que \u00abcon la toma de posesi\u00f3n de Donald Trump el 20 de enero del 2017, los Estados Unidos entraron en el ojo de la m\u00e1s extraordinaria tormenta pol\u00edtica desde Watergate\u00bb; segundo, exponer acerca de los conflictos internos, o luchas de poder, suscitados entre altos funcionarios de la Casa Blanca; y tercero, referirse a las expresiones denigrantes realizadas por Steve Bannon, quien fuera jefe de estrategia del gobierno estadounidense, en relaci\u00f3n a los miembros de la familia presidencial. <\/span><\/p>\n<p><span class=\"text1noticias\"> <\/span><\/p>\n<p><span class=\"text1noticias\">Sobre este \u00faltimo, apunta Leonel Fern\u00e1ndez en su art\u00edculo, el autor del libro, recogiendo testimonios de cercanos, considera la designaci\u00f3n de  Steve Bannon en la Casa Blanca como la peor que pudo haber hecho Donald Trump. <\/span><\/p>\n<p><span class=\"text1noticias\"> <\/span><\/p>\n<p><span class=\"text1noticias\">\u00abBannon, para quienes le conoc\u00edan en sus m\u00faltiples facetas, si bien es un hombre culto e inteligente, resultaba, al mismo tiempo, dogm\u00e1tico, petulante y hasta antisocial\u00bb se lee en el art\u00edculo. <\/span><\/p>\n<p><span class=\"text1noticias\"> <\/span><\/p>\n<p><span class=\"text1noticias\">Estando en el gobierno Bannon entr\u00f3 en grandes contradicciones con otros funcionarios, traspasando  los l\u00edmites de la prudencia y de la lealtad, que finalmente motiv\u00f3 su separaci\u00f3n de las funciones que desempe\u00f1aba en agosto de 2017. <\/span><\/p>\n<p><span class=\"text1noticias\"> <\/span><\/p>\n<p><span class=\"text1noticias\">\u00abAhora, ya fuera de funciones, aparecen nuevas declaraciones suyas, recogidas en el libro de Michael Wolff. Esas declaraciones, ciertas o falsas, son tan escalofriantes y comprometedoras que han estremecido a la Casa Blanca\u00bb concluye Leonel Fern\u00e1ndez su escrito que el PLD, mediante la Secretar\u00eda de Comunicaciones rese\u00f1a<\/span> en un despacho period\u00edstico. <\/p>\n<h6> 2018-01-15 10:01:15 <\/h6>\n<p><!--\n<link rel=\"stylesheet\" href=\"css\/bootstrap.min.css\">\n\n\n<ul class=\"pagination\">\n\t    \n\t\n\n<li >\n\t<a href='?page_no=6805'>Previous<\/a>\n\t<\/li>\n\n\n       \n    \n\n<li><a href='?page_no=1'>1<\/a><\/li>\n\n\n\n<li><a href='?page_no=2'>2<\/a><\/li>\n\n\n\n<li><a>...<\/a><\/li>\n\n\n\n<li><a href='?page_no=6804'>6804<\/a><\/li>\n\n\n\n<li><a href='?page_no=6805'>6805<\/a><\/li>\n\n\n\n<li class='active'><a>6806<\/a><\/li>\n\n\n\n<li><a href='?page_no=6807'>6807<\/a><\/li>\n\n\n\n<li><a href='?page_no=6808'>6808<\/a><\/li>\n\n\n\n<li><a>...<\/a><\/li>\n\n\n\n<li><a href='?page_no=36999'>36999<\/a><\/li>\n\n\n\n<li><a href='?page_no=37000'>37000<\/a><\/li>\n\n    \n\t\n\n<li >\n\t<a href='?page_no=6807'>Next<\/a>\n\t<\/li>\n\n\n    \n\n<li><a href='?page_no=37000'>Last &rsaquo;&rsaquo;<\/a><\/li>\n\n<\/ul>\n\n\n--><br \/>\n<\/body><\/p>\n","protected":false},"excerpt":{"rendered":"<p>Santo Domingo, R. D., 15 de enero, 2018.- Leonel Fern\u00e1ndez, Presidente del Partido de la Liberaci\u00f3n Dominicana (PLD), juzga hoy de \u00abescalofriantes y comprometedoras\u00bb las declaraciones de Steve Bannon, ex jefe de Estrategia y ex asesor del Presidente de los Estados Unidos, Donald Trump, al periodista norteamericano Michael Wolff, publicada en su libro \u00abFuego y [&hellip;]<\/p>\n","protected":false},"author":3,"featured_media":0,"comment_status":"open","ping_status":"open","sticky":false,"template":"","format":"standard","meta":{"footnotes":""},"categories":[22],"tags":[],"class_list":["post-171507","post","type-post","status-publish","format-standard","hentry","category-politica"],"_links":{"self":[{"href":"https:\/\/diariodominicano.com\/index.php?rest_route=\/wp\/v2\/posts\/171507","targetHints":{"allow":["GET"]}}],"collection":[{"href":"https:\/\/diariodominicano.com\/index.php?rest_route=\/wp\/v2\/posts"}],"about":[{"href":"https:\/\/diariodominicano.com\/index.php?rest_route=\/wp\/v2\/types\/post"}],"author":[{"embeddable":true,"href":"https:\/\/diariodominicano.com\/index.php?rest_route=\/wp\/v2\/users\/3"}],"replies":[{"embeddable":true,"href":"https:\/\/diariodominicano.com\/index.php?rest_route=%2Fwp%2Fv2%2Fcomments&post=171507"}],"version-history":[{"count":0,"href":"https:\/\/diariodominicano.com\/index.php?rest_route=\/wp\/v2\/posts\/171507\/revisions"}],"wp:attachment":[{"href":"https:\/\/diariodominicano.com\/index.php?rest_route=%2Fwp%2Fv2%2Fmedia&parent=171507"}],"wp:term":[{"taxonomy":"category","embeddable":true,"href":"https:\/\/diariodominicano.com\/index.php?rest_route=%2Fwp%2Fv2%2Fcategories&post=171507"},{"taxonomy":"post_tag","embeddable":true,"href":"https:\/\/diariodominicano.com\/index.php?rest_route=%2Fwp%2Fv2%2Ftags&post=171507"}],"curies":[{"name":"wp","href":"https:\/\/api.w.org\/{rel}","templated":true}]}}