{"id":171506,"date":"2018-01-15T12:33:37","date_gmt":"2018-01-15T12:33:37","guid":{"rendered":"http:\/\/diariodominicano.ddns.net\/?p=171506"},"modified":"2018-01-15T12:33:37","modified_gmt":"2018-01-15T12:33:37","slug":"geanilda-vasquez-%c2%a8se-radicaliza-lucha-prm-advierte-base-no-acogera-linea%c2%a8","status":"publish","type":"post","link":"https:\/\/diariodominicano.com\/?p=171506","title":{"rendered":"Geanilda Vasquez: \u00a8Se radicaliza lucha PRM advierte base no acoger\u00e1 l\u00ednea\u00a8"},"content":{"rendered":"<p><body><\/p>\n<p><img decoding=\"async\" src=\"img3\/geani.jpg\" \/>  <\/p>\n<p>La candidata presidencial del PRM Geanilda V\u00e1squez advirti\u00f3 que a pesar de los supuestos acuerdos entre Luis Abinader e Hip\u00f3lito Mej\u00eda para repartir los cargos de la c\u00fapula de esa organizaci\u00f3n la base sigue dando se\u00f1ales de no acatarlo.<\/p>\n<\/p>\n<p>Dijo que lo m\u00e1s saludable para el proceso es que ambos l\u00edderes jueguen su papel de \u00e1rbitros para que la base decida, porque las imposiciones deben ser cosas del pasado.<\/p>\n<\/p>\n<p>\u00abLuis Abinader tiene derecho de apoyar a quien quiera, en este caso a Jos\u00e9 Ignacio Paliza, pero lo que no puede hacer es ahora no puede hacer es coartar a ning\u00fan dirigente a que lo apoye tambi\u00e9n\u00bb. Indic\u00f3 Geanilda Vasquez durante una entrevista realizada por Elvis Lima, en el programa Fuera de Record que se transmite en Teleradio Am\u00e9rica Canal 45.<\/p>\n<\/p>\n<p>Agreg\u00f3 que el PRM debe garantizar integridad y respetar el liderazgo de Luis Abinader e Hip\u00f3lito Mej\u00eda, adem\u00e1s de tener visi\u00f3n para no cometer los errores que en el pasado cometi\u00f3 el Partido Revolucionario Dominicano.<\/p>\n<\/p>\n<p>Con relaci\u00f3n a su candidatura a la Presidencia del partido, resalt\u00f3 que su aspiraci\u00f3n viene de una larga trayectoria de 20 a\u00f1os ocupando los distintos puestos en la carrera polic\u00eda. Explic\u00f3 que existen candidatos a la presidencia, como Jos\u00e9 Ignacio Paliza,  no conocen las necesidades de los comunitarios de un barrio.<\/p>\n<\/p>\n<p>Entiende que al partido le favorece un nuevo Presidente que conozca las necesidades y las carencias de la ciudadan\u00eda, as\u00ed como un partido que pueda hacerse fuerte.<\/p>\n<\/p>\n<p>Geanilda V\u00e1squez resalt\u00f3 que todos sus compa\u00f1eros son buenos y que  podr\u00e1n desempe\u00f1ar sus funciones al momento de ser elegidos por los militantes.<\/p>\n<h6> 2018-01-15 12:33:37 <\/h6>\n<p><!--\n<link rel=\"stylesheet\" href=\"css\/bootstrap.min.css\">\n\n\n<ul class=\"pagination\">\n\t    \n\t\n\n<li >\n\t<a href='?page_no=6804'>Previous<\/a>\n\t<\/li>\n\n\n       \n    \n\n<li><a href='?page_no=1'>1<\/a><\/li>\n\n\n\n<li><a href='?page_no=2'>2<\/a><\/li>\n\n\n\n<li><a>...<\/a><\/li>\n\n\n\n<li><a href='?page_no=6803'>6803<\/a><\/li>\n\n\n\n<li><a href='?page_no=6804'>6804<\/a><\/li>\n\n\n\n<li class='active'><a>6805<\/a><\/li>\n\n\n\n<li><a href='?page_no=6806'>6806<\/a><\/li>\n\n\n\n<li><a href='?page_no=6807'>6807<\/a><\/li>\n\n\n\n<li><a>...<\/a><\/li>\n\n\n\n<li><a href='?page_no=36999'>36999<\/a><\/li>\n\n\n\n<li><a href='?page_no=37000'>37000<\/a><\/li>\n\n    \n\t\n\n<li >\n\t<a href='?page_no=6806'>Next<\/a>\n\t<\/li>\n\n\n    \n\n<li><a href='?page_no=37000'>Last &rsaquo;&rsaquo;<\/a><\/li>\n\n<\/ul>\n\n\n--><br \/>\n<\/body><\/p>\n","protected":false},"excerpt":{"rendered":"<p>La candidata presidencial del PRM Geanilda V\u00e1squez advirti\u00f3 que a pesar de los supuestos acuerdos entre Luis Abinader e Hip\u00f3lito Mej\u00eda para repartir los cargos de la c\u00fapula de esa organizaci\u00f3n la base sigue dando se\u00f1ales de no acatarlo. Dijo que lo m\u00e1s saludable para el proceso es que ambos l\u00edderes jueguen su papel de [&hellip;]<\/p>\n","protected":false},"author":3,"featured_media":0,"comment_status":"open","ping_status":"open","sticky":false,"template":"","format":"standard","meta":{"footnotes":""},"categories":[22],"tags":[],"class_list":["post-171506","post","type-post","status-publish","format-standard","hentry","category-politica"],"_links":{"self":[{"href":"https:\/\/diariodominicano.com\/index.php?rest_route=\/wp\/v2\/posts\/171506","targetHints":{"allow":["GET"]}}],"collection":[{"href":"https:\/\/diariodominicano.com\/index.php?rest_route=\/wp\/v2\/posts"}],"about":[{"href":"https:\/\/diariodominicano.com\/index.php?rest_route=\/wp\/v2\/types\/post"}],"author":[{"embeddable":true,"href":"https:\/\/diariodominicano.com\/index.php?rest_route=\/wp\/v2\/users\/3"}],"replies":[{"embeddable":true,"href":"https:\/\/diariodominicano.com\/index.php?rest_route=%2Fwp%2Fv2%2Fcomments&post=171506"}],"version-history":[{"count":0,"href":"https:\/\/diariodominicano.com\/index.php?rest_route=\/wp\/v2\/posts\/171506\/revisions"}],"wp:attachment":[{"href":"https:\/\/diariodominicano.com\/index.php?rest_route=%2Fwp%2Fv2%2Fmedia&parent=171506"}],"wp:term":[{"taxonomy":"category","embeddable":true,"href":"https:\/\/diariodominicano.com\/index.php?rest_route=%2Fwp%2Fv2%2Fcategories&post=171506"},{"taxonomy":"post_tag","embeddable":true,"href":"https:\/\/diariodominicano.com\/index.php?rest_route=%2Fwp%2Fv2%2Ftags&post=171506"}],"curies":[{"name":"wp","href":"https:\/\/api.w.org\/{rel}","templated":true}]}}