{"id":171504,"date":"2018-01-15T13:24:42","date_gmt":"2018-01-15T13:24:42","guid":{"rendered":"http:\/\/diariodominicano.ddns.net\/?p=171504"},"modified":"2018-01-15T13:24:42","modified_gmt":"2018-01-15T13:24:42","slug":"senador-galan-inicia-evaluacion-hospitales-de-san-cristobal","status":"publish","type":"post","link":"https:\/\/diariodominicano.com\/?p=171504","title":{"rendered":"Senador Gal\u00e1n inicia evaluaci\u00f3n hospitales de San Crist\u00f3bal"},"content":{"rendered":"<p><body><\/p>\n<p><img decoding=\"async\" src=\"img3\/galan11.jpg\" \/>  <\/p>\n<p>SAN CRIST\u00d3BAL.- El senador Tommy Gal\u00e1n inici\u00f3 visitas puntuales a los hospitales de la provincia de San Crist\u00f3bal que son sometidos a reparaci\u00f3n en sus estructuras f\u00edsicas.<\/p>\n<\/p>\n<p>La inspecci\u00f3n comenz\u00f3 en el Hospital Regional Docente Juan Pablo Pina constru\u00eddo en el 1948.<\/p>\n<\/p>\n<p>\u00abCon esta visita a este centro de salud que es el Juan Pablo Pina, busco canalizar con los entes responsables, en este caso la Oficina de Ingenieros Supervisores de Obras del Estado (OISOE), la agilizaci\u00f3n de los trabajos\u00bb, dijo Gal\u00e1n.<\/p>\n<\/p>\n<p>Record\u00f3 que varios centros de salud de la provincia han sido intervenidos a los fines de mejorarles sus estructuras f\u00edsicas.<\/p>\n<\/p>\n<p>Participaron las directoras Regional de Salud, Mar\u00eda Elexia Bautista y del Hospital Pina, Vickiana Morillo.<\/p>\n<h6> 2018-01-15 13:24:42 <\/h6>\n<p><!--\n<link rel=\"stylesheet\" href=\"css\/bootstrap.min.css\">\n\n\n<ul class=\"pagination\">\n\t    \n\t\n\n<li >\n\t<a href='?page_no=6802'>Previous<\/a>\n\t<\/li>\n\n\n       \n    \n\n<li><a href='?page_no=1'>1<\/a><\/li>\n\n\n\n<li><a href='?page_no=2'>2<\/a><\/li>\n\n\n\n<li><a>...<\/a><\/li>\n\n\n\n<li><a href='?page_no=6801'>6801<\/a><\/li>\n\n\n\n<li><a href='?page_no=6802'>6802<\/a><\/li>\n\n\n\n<li class='active'><a>6803<\/a><\/li>\n\n\n\n<li><a href='?page_no=6804'>6804<\/a><\/li>\n\n\n\n<li><a href='?page_no=6805'>6805<\/a><\/li>\n\n\n\n<li><a>...<\/a><\/li>\n\n\n\n<li><a href='?page_no=36999'>36999<\/a><\/li>\n\n\n\n<li><a href='?page_no=37000'>37000<\/a><\/li>\n\n    \n\t\n\n<li >\n\t<a href='?page_no=6804'>Next<\/a>\n\t<\/li>\n\n\n    \n\n<li><a href='?page_no=37000'>Last &rsaquo;&rsaquo;<\/a><\/li>\n\n<\/ul>\n\n\n--><br \/>\n<\/body><\/p>\n","protected":false},"excerpt":{"rendered":"<p>SAN CRIST\u00d3BAL.- El senador Tommy Gal\u00e1n inici\u00f3 visitas puntuales a los hospitales de la provincia de San Crist\u00f3bal que son sometidos a reparaci\u00f3n en sus estructuras f\u00edsicas. La inspecci\u00f3n comenz\u00f3 en el Hospital Regional Docente Juan Pablo Pina constru\u00eddo en el 1948. \u00abCon esta visita a este centro de salud que es el Juan Pablo [&hellip;]<\/p>\n","protected":false},"author":3,"featured_media":0,"comment_status":"open","ping_status":"open","sticky":false,"template":"","format":"standard","meta":{"footnotes":""},"categories":[22],"tags":[],"class_list":["post-171504","post","type-post","status-publish","format-standard","hentry","category-politica"],"_links":{"self":[{"href":"https:\/\/diariodominicano.com\/index.php?rest_route=\/wp\/v2\/posts\/171504","targetHints":{"allow":["GET"]}}],"collection":[{"href":"https:\/\/diariodominicano.com\/index.php?rest_route=\/wp\/v2\/posts"}],"about":[{"href":"https:\/\/diariodominicano.com\/index.php?rest_route=\/wp\/v2\/types\/post"}],"author":[{"embeddable":true,"href":"https:\/\/diariodominicano.com\/index.php?rest_route=\/wp\/v2\/users\/3"}],"replies":[{"embeddable":true,"href":"https:\/\/diariodominicano.com\/index.php?rest_route=%2Fwp%2Fv2%2Fcomments&post=171504"}],"version-history":[{"count":0,"href":"https:\/\/diariodominicano.com\/index.php?rest_route=\/wp\/v2\/posts\/171504\/revisions"}],"wp:attachment":[{"href":"https:\/\/diariodominicano.com\/index.php?rest_route=%2Fwp%2Fv2%2Fmedia&parent=171504"}],"wp:term":[{"taxonomy":"category","embeddable":true,"href":"https:\/\/diariodominicano.com\/index.php?rest_route=%2Fwp%2Fv2%2Fcategories&post=171504"},{"taxonomy":"post_tag","embeddable":true,"href":"https:\/\/diariodominicano.com\/index.php?rest_route=%2Fwp%2Fv2%2Ftags&post=171504"}],"curies":[{"name":"wp","href":"https:\/\/api.w.org\/{rel}","templated":true}]}}