{"id":171503,"date":"2018-01-15T13:28:46","date_gmt":"2018-01-15T13:28:46","guid":{"rendered":"http:\/\/diariodominicano.ddns.net\/?p=171503"},"modified":"2018-01-15T13:28:46","modified_gmt":"2018-01-15T13:28:46","slug":"someten-candidatos-al-comite-internacional-del-prm","status":"publish","type":"post","link":"https:\/\/diariodominicano.com\/?p=171503","title":{"rendered":"Someten candidatos al Comit\u00e9 Internacional del PRM"},"content":{"rendered":"<p><body><\/p>\n<p><img decoding=\"async\" src=\"img3\/candi1.jpg\" \/>  <\/p>\n<p>NUEVA YORK.- El proyecto Luis Abinader Presidente 2020 someti\u00f3 los candidatos del Comit\u00e9 Internacional y las tres circunscripciones del Partido Revolucionario Moderno (PRM), encabezados por Margarito Carlos De Le\u00f3n para la Presidencia.<\/p>\n<\/p>\n<p>De Le\u00f3n, que ocupa actualmente la Secretar\u00eda General del Comit\u00e9 Internacional del PRM y es miembro de su Direcci\u00f3n Ejecutiva Nacional, ha encabezado todas las actividades institucionales que ese partido ha realizado a nivel internacional y estuvo al frente de la candidatura presidencial del Lic. Luis Abinader en las pasadas elecciones dominicanas.<\/p>\n<\/p>\n<p>\u00abEl PRM est\u00e1 compelido a elegir sus mejores cuadros para conducir y obtener la victoria en la pr\u00f3xima batalla electoral del 2020. Necesita dirigentes experimentados, firmes defensores y respetuosos de la institucionalidad como garantes de la integraci\u00f3n y unidad de todos los perreme\u00edstas, independientemente de que militen en un sector determinado a lo interno del partido\u00bb, manifest\u00f3 De Le\u00f3n.<\/p>\n<\/p>\n<p>Entre sus labores pol\u00edticas figuran que fue secretario general del municipio Santo Domingo Norte, miembro del Comit\u00e9 Ejecutivo Nacional del Partido Revolucionario Dominicano (PRD); sub-secretario electoral nacional y miembro de la Comisi\u00f3n Nacional Organizadora de la Convenci\u00f3n, en el 2011. Los candidatos son los siguientes:<\/p>\n<\/p>\n<p>Candidatos al Comit\u00e9 Internacional:<\/p>\n<\/p>\n<p>Presidente                          Margarito De Le\u00f3n (PA)<\/p>\n<\/p>\n<p>Secretario General          Alfredo Arias Collado (MA)<\/p>\n<\/p>\n<p>Vicepresidente                 Emigdio Moronta (NJ)<\/p>\n<\/p>\n<p>Vicepresidente                 Rene Mateo (NY)<\/p>\n<\/p>\n<p>Vicepresidente                 Antonio J\u00e1quez (NY)<\/p>\n<\/p>\n<p>Subsecretario                    Cintia De La Cruz (NJ)<\/p>\n<\/p>\n<p>Subsecretario                    Dr.  Juan Duran (Europa)<\/p>\n<\/p>\n<p>Subsecretario                    Francisco Roa (NY)<\/p>\n<\/p>\n<p>Candidatos por la Circunscripci\u00f3n #1:<\/p>\n<\/p>\n<\/p>\n<p>Presidente                          George Robles Rodr\u00edguez (NY)<\/p>\n<\/p>\n<p>Secretario General          Rosario del Carmen Mata (NY)<\/p>\n<\/p>\n<p>Vicepresidente                 Belkys Pe\u00f1a (RI)<\/p>\n<\/p>\n<p>Vicepresidente                 Ramon Ortiz Pierret (NY)<\/p>\n<\/p>\n<p>Vicepresidente                 Norberto Rodr\u00edguez (NJ)<\/p>\n<\/p>\n<p>Subsecretario                    Roberto Suarez (RI)<\/p>\n<\/p>\n<p>Subsecretario                    Ramon D. Valerio Diaz (NY)<\/p>\n<\/p>\n<p>Subsecretario                    Santiago Arroyo Perdomo (NJ)<\/p>\n<\/p>\n<p>Candidatos por la Circunscripci\u00f3n #2:<\/p>\n<\/p>\n<\/p>\n<p>Presidente                          Antonio Fern\u00e1ndez Mena (FL)<\/p>\n<\/p>\n<p>Secretario General          Melchor Matos Ledesma (PR)<\/p>\n<\/p>\n<p>Vicepresidente                 Juan Ricardo Montilla (FL)<\/p>\n<\/p>\n<p>Vicepresidente                 Rafael Le\u00f3nidas P\u00e9rez Fern\u00e1ndez<\/p>\n<\/p>\n<p>Vicepresidente                 Nicanor Honrado Jim\u00e9nez<\/p>\n<\/p>\n<p>Subsecretario                    Luis E. Reynoso<\/p>\n<\/p>\n<p>Subsecretario                    Antonio Veras<\/p>\n<\/p>\n<p>Subsecretario                    Edward E. Cruz<\/p>\n<\/p>\n<p>Candidatos por la Circunscripci\u00f3n #3:<\/p>\n<\/p>\n<\/p>\n<p>Presidente                          Delano Marte Ram\u00edrez<\/p>\n<\/p>\n<p>Secretario General          Rut Urb\u00e1ez<\/p>\n<\/p>\n<p>Vicepresidente                 Cesar Baltazar M\u00e9ndez P\u00e9rez<\/p>\n<\/p>\n<p>Vicepresidente                 Lourdes Margarita Franco Alba<\/p>\n<\/p>\n<p>Vicepresidente                 Mar\u00eda Peralta<\/p>\n<\/p>\n<p>Subsecretario                    Leonardo Marrero Ram\u00edrez<\/p>\n<\/p>\n<p>Subsecretario                    Julio Cesar Garden Regalado<\/p>\n<h6> 2018-01-15 13:28:46 <\/h6>\n<p><!--\n<link rel=\"stylesheet\" href=\"css\/bootstrap.min.css\">\n\n\n<ul class=\"pagination\">\n\t    \n\t\n\n<li >\n\t<a href='?page_no=6801'>Previous<\/a>\n\t<\/li>\n\n\n       \n    \n\n<li><a href='?page_no=1'>1<\/a><\/li>\n\n\n\n<li><a href='?page_no=2'>2<\/a><\/li>\n\n\n\n<li><a>...<\/a><\/li>\n\n\n\n<li><a href='?page_no=6800'>6800<\/a><\/li>\n\n\n\n<li><a href='?page_no=6801'>6801<\/a><\/li>\n\n\n\n<li class='active'><a>6802<\/a><\/li>\n\n\n\n<li><a href='?page_no=6803'>6803<\/a><\/li>\n\n\n\n<li><a href='?page_no=6804'>6804<\/a><\/li>\n\n\n\n<li><a>...<\/a><\/li>\n\n\n\n<li><a href='?page_no=36999'>36999<\/a><\/li>\n\n\n\n<li><a href='?page_no=37000'>37000<\/a><\/li>\n\n    \n\t\n\n<li >\n\t<a href='?page_no=6803'>Next<\/a>\n\t<\/li>\n\n\n    \n\n<li><a href='?page_no=37000'>Last &rsaquo;&rsaquo;<\/a><\/li>\n\n<\/ul>\n\n\n--><br \/>\n<\/body><\/p>\n","protected":false},"excerpt":{"rendered":"<p>NUEVA YORK.- El proyecto Luis Abinader Presidente 2020 someti\u00f3 los candidatos del Comit\u00e9 Internacional y las tres circunscripciones del Partido Revolucionario Moderno (PRM), encabezados por Margarito Carlos De Le\u00f3n para la Presidencia. De Le\u00f3n, que ocupa actualmente la Secretar\u00eda General del Comit\u00e9 Internacional del PRM y es miembro de su Direcci\u00f3n Ejecutiva Nacional, ha encabezado [&hellip;]<\/p>\n","protected":false},"author":3,"featured_media":0,"comment_status":"open","ping_status":"open","sticky":false,"template":"","format":"standard","meta":{"footnotes":""},"categories":[22],"tags":[],"class_list":["post-171503","post","type-post","status-publish","format-standard","hentry","category-politica"],"_links":{"self":[{"href":"https:\/\/diariodominicano.com\/index.php?rest_route=\/wp\/v2\/posts\/171503","targetHints":{"allow":["GET"]}}],"collection":[{"href":"https:\/\/diariodominicano.com\/index.php?rest_route=\/wp\/v2\/posts"}],"about":[{"href":"https:\/\/diariodominicano.com\/index.php?rest_route=\/wp\/v2\/types\/post"}],"author":[{"embeddable":true,"href":"https:\/\/diariodominicano.com\/index.php?rest_route=\/wp\/v2\/users\/3"}],"replies":[{"embeddable":true,"href":"https:\/\/diariodominicano.com\/index.php?rest_route=%2Fwp%2Fv2%2Fcomments&post=171503"}],"version-history":[{"count":0,"href":"https:\/\/diariodominicano.com\/index.php?rest_route=\/wp\/v2\/posts\/171503\/revisions"}],"wp:attachment":[{"href":"https:\/\/diariodominicano.com\/index.php?rest_route=%2Fwp%2Fv2%2Fmedia&parent=171503"}],"wp:term":[{"taxonomy":"category","embeddable":true,"href":"https:\/\/diariodominicano.com\/index.php?rest_route=%2Fwp%2Fv2%2Fcategories&post=171503"},{"taxonomy":"post_tag","embeddable":true,"href":"https:\/\/diariodominicano.com\/index.php?rest_route=%2Fwp%2Fv2%2Ftags&post=171503"}],"curies":[{"name":"wp","href":"https:\/\/api.w.org\/{rel}","templated":true}]}}