{"id":171501,"date":"2018-01-16T11:09:16","date_gmt":"2018-01-16T11:09:16","guid":{"rendered":"http:\/\/diariodominicano.ddns.net\/?p=171501"},"modified":"2018-01-16T11:09:16","modified_gmt":"2018-01-16T11:09:16","slug":"sin-transformacion-del-regimen-electoral-no-deberian-celebrarse-elecciones-2020","status":"publish","type":"post","link":"https:\/\/diariodominicano.com\/?p=171501","title":{"rendered":"Sin transformaci\u00f3n del R\u00e9gimen Electoral no deber\u00edan celebrarse elecciones 2020"},"content":{"rendered":"<p><body><\/p>\n<p><img decoding=\"async\" src=\"img3\/PRSC18.jpg\" \/>  <\/p>\n<p>Santo Domingo, R. D., 16 de enero, 2018.- <span class=\"text1noticias\">El Secretario General del Partido Reformista Social Cristiano, PRSC, Ing. Ram\u00f3n Rogelio Genao, inform\u00f3 que esa organizaci\u00f3n pol\u00edtica respalda los pronunciamientos de Daniel Zovatto, experto en pol\u00edtica y elecciones en Latinoam\u00e9rica. <\/span><\/p>\n<p><span class=\"text1noticias\"> <\/span><\/p>\n<p><span class=\"text1noticias\">\u00abEl PRSC respalda en todas sus partes los pronunciamientos de Daniel Zovatto en UNIBE, de que no deber\u00edan haber elecciones en el 2020&#8230;sin que previo se dote a nuestra democracia de un nuevo marco legislativo electoral,  que incluya una ley de partidos y agrupaciones pol\u00edticas\u00bb. <\/span><\/p>\n<p><span class=\"text1noticias\"> <\/span><\/p>\n<p><span class=\"text1noticias\">Genao, al ponderar las afirmaciones del director regional para Am\u00e9rica Latina y el Caribe de IDEA Internacional, Daniel Zovatto, expres\u00f3 lo siguiente: \u00abCiertamente no se le puede pedir a los \u00f3rganos electorales JCE y TSE que monten y arbitren eficientemente los procesos electorales mientras la clase pol\u00edtica dominicana seamos incapaces de transformar nuestro obsoleto sistema electoral\u00bb.<\/span><\/p>\n<p><span class=\"text1noticias\"> <\/span><\/p>\n<p><span class=\"text1noticias\">Y continu\u00f3 \u00abTenemos dos d\u00e9cadas de atraso, la \u00faltima reforma fue en 1997 y casi desde de ese momento han circulado sin \u00e9xito diversos proyectos en el Congreso Nacional sin que se logre el consenso para su aprobaci\u00f3n\u00bb. <\/span><\/p>\n<p><span class=\"text1noticias\"> <\/span><\/p>\n<p><span class=\"text1noticias\">El exlegislador plante\u00f3 en nota enviada a los medios, que sin un nuevo marco de regulaci\u00f3n para las pr\u00f3ximas elecciones que de por s\u00ed son extremadamente complejas, se repetir\u00e1n los mismos vicios y errores de los procesos anteriores. <\/span><\/p>\n<p><span class=\"text1noticias\"> <\/span><\/p>\n<p><span class=\"text1noticias\">\u00abSin un nuevo marco regulatorio se repetir\u00e1n los mismos vicios recogidos por los informes de observaci\u00f3n de procesos anteriores sin que la JCE pueda controlar nada: ni tiempos de campa\u00f1a, ni uso de recursos etc. Pero mucho menos el TSE podr\u00e1s establecer sanciones a los delitos electorales, simplemente por no estar facultada y no estar definidos ni establecidos en ninguna ley\u00bb. <\/span><\/p>\n<p><span class=\"text1noticias\"> <\/span><\/p>\n<p><span class=\"text1noticias\">El dirigente colorao, exhort\u00f3 a la clase pol\u00edtica a posponer aspiraciones personales y dedicar ese tiempo a concretar las reformas que necesita el sistema electoral. <\/span><\/p>\n<p><span class=\"text1noticias\"> <\/span><\/p>\n<p><span class=\"text1noticias\">\u00abLa verdad es que en materia electoral tenemos un gran desfase y mucho peor, un total vac\u00edo  legislativo, en muchas \u00e1reas por la incapacidad para pactar que hemos demostrado como clase pol\u00edtica y por no dedicar el tiempo suficiente a las reformas necesarias y estar en constantes aspiraciones personales\u00bb. Concluy\u00f3 Genao. <\/span><\/p>\n<p><span class=\"text1noticias\"> <\/span><\/p>\n<p><span class=\"text1noticias\">Fuente: Willis Rafael Genao <\/span><\/p>\n<p><span class=\"text1noticias\">Subsecretari<\/span>o de Comunicaciones PRSC<\/p>\n<h6> 2018-01-16 11:09:16 <\/h6>\n<p><!--\n<link rel=\"stylesheet\" href=\"css\/bootstrap.min.css\">\n\n\n<ul class=\"pagination\">\n\t    \n\t\n\n<li >\n\t<a href='?page_no=6799'>Previous<\/a>\n\t<\/li>\n\n\n       \n    \n\n<li><a href='?page_no=1'>1<\/a><\/li>\n\n\n\n<li><a href='?page_no=2'>2<\/a><\/li>\n\n\n\n<li><a>...<\/a><\/li>\n\n\n\n<li><a href='?page_no=6798'>6798<\/a><\/li>\n\n\n\n<li><a href='?page_no=6799'>6799<\/a><\/li>\n\n\n\n<li class='active'><a>6800<\/a><\/li>\n\n\n\n<li><a href='?page_no=6801'>6801<\/a><\/li>\n\n\n\n<li><a href='?page_no=6802'>6802<\/a><\/li>\n\n\n\n<li><a>...<\/a><\/li>\n\n\n\n<li><a href='?page_no=36999'>36999<\/a><\/li>\n\n\n\n<li><a href='?page_no=37000'>37000<\/a><\/li>\n\n    \n\t\n\n<li >\n\t<a href='?page_no=6801'>Next<\/a>\n\t<\/li>\n\n\n    \n\n<li><a href='?page_no=37000'>Last &rsaquo;&rsaquo;<\/a><\/li>\n\n<\/ul>\n\n\n--><br \/>\n<\/body><\/p>\n","protected":false},"excerpt":{"rendered":"<p>Santo Domingo, R. D., 16 de enero, 2018.- El Secretario General del Partido Reformista Social Cristiano, PRSC, Ing. Ram\u00f3n Rogelio Genao, inform\u00f3 que esa organizaci\u00f3n pol\u00edtica respalda los pronunciamientos de Daniel Zovatto, experto en pol\u00edtica y elecciones en Latinoam\u00e9rica. \u00abEl PRSC respalda en todas sus partes los pronunciamientos de Daniel Zovatto en UNIBE, de que [&hellip;]<\/p>\n","protected":false},"author":3,"featured_media":0,"comment_status":"open","ping_status":"open","sticky":false,"template":"","format":"standard","meta":{"footnotes":""},"categories":[22],"tags":[],"class_list":["post-171501","post","type-post","status-publish","format-standard","hentry","category-politica"],"_links":{"self":[{"href":"https:\/\/diariodominicano.com\/index.php?rest_route=\/wp\/v2\/posts\/171501","targetHints":{"allow":["GET"]}}],"collection":[{"href":"https:\/\/diariodominicano.com\/index.php?rest_route=\/wp\/v2\/posts"}],"about":[{"href":"https:\/\/diariodominicano.com\/index.php?rest_route=\/wp\/v2\/types\/post"}],"author":[{"embeddable":true,"href":"https:\/\/diariodominicano.com\/index.php?rest_route=\/wp\/v2\/users\/3"}],"replies":[{"embeddable":true,"href":"https:\/\/diariodominicano.com\/index.php?rest_route=%2Fwp%2Fv2%2Fcomments&post=171501"}],"version-history":[{"count":0,"href":"https:\/\/diariodominicano.com\/index.php?rest_route=\/wp\/v2\/posts\/171501\/revisions"}],"wp:attachment":[{"href":"https:\/\/diariodominicano.com\/index.php?rest_route=%2Fwp%2Fv2%2Fmedia&parent=171501"}],"wp:term":[{"taxonomy":"category","embeddable":true,"href":"https:\/\/diariodominicano.com\/index.php?rest_route=%2Fwp%2Fv2%2Fcategories&post=171501"},{"taxonomy":"post_tag","embeddable":true,"href":"https:\/\/diariodominicano.com\/index.php?rest_route=%2Fwp%2Fv2%2Ftags&post=171501"}],"curies":[{"name":"wp","href":"https:\/\/api.w.org\/{rel}","templated":true}]}}