{"id":171497,"date":"2018-01-16T13:18:05","date_gmt":"2018-01-16T13:18:05","guid":{"rendered":"http:\/\/diariodominicano.ddns.net\/?p=171497"},"modified":"2018-01-16T13:18:05","modified_gmt":"2018-01-16T13:18:05","slug":"jaime-david-aboga-por-retoma-de-los-encuentros-del-cp-los-primeros-lunes-del-mes","status":"publish","type":"post","link":"https:\/\/diariodominicano.com\/?p=171497","title":{"rendered":"Jaime David aboga por retoma de los encuentros del CP los primeros lunes del mes"},"content":{"rendered":"<p><body><\/p>\n<p><img decoding=\"async\" src=\"img3\/jaime.jpg\" \/>  <\/p>\n<\/p>\n<p><strong>SANTO DOMINGO, RD, 16 de enero de 2018.- <\/strong>Jaime David Fern\u00e1ndez Mirabal, miembro del Comit\u00e9 Pol\u00edtico del Partido de la Liberaci\u00f3n Dominicana (PLD),  considera necesario que ese organismo de direcci\u00f3n partidaria retome sus reuniones ordinarias para abordar los temas de su agenda y darle salida a puntos  pendientes como la posici\u00f3n de la organizaci\u00f3n en torno a los proyectos de Ley de Partidos y del R\u00e9gimen Electoral.<\/p>\n<\/p>\n<p>Considera de suma importancia para la vida org\u00e1nica del PLD  que el Comit\u00e9 Pol\u00edtico retome lo acordado de reunirse los primeros lunes de cada mes por lo que hacerlo el 5 de febrero pr\u00f3ximo (lunes), ser\u00eda una gran decisi\u00f3n: \u00abCreo que el lunes  primero de febrero deber\u00edamos reunirnos, luego de este per\u00edodo vacacional\u00bb expuso el ex vicepresidente de la Republica.<\/p>\n<\/p>\n<p>Dijo  que cuando el Comit\u00e9 Pol\u00edtico se re\u00fane siempre llega  conclusiones fruct\u00edferas  de los temas, por eso su deseo de que no se dilaten  m\u00e1s sus encuentros ordinarios y con esto definir el tema de la Ley de Partidos Pol\u00edticos,  que a su juicio  no debe seguir en el aire.<\/p>\n<\/p>\n<p>Jaime David Fern\u00e1ndez Mirabal refiri\u00f3 que no reunirse genera comentario de si se quiere dar larga a algo, y crea la condici\u00f3n de que los interesados hagan interpretaciones, adem\u00e1s de crear la incertidumbre de la duda de que va a pasar<\/p>\n<\/p>\n<p>\u00abEl punto de la Ley de Partidos no debe seguir en el aire, debemos tomar una decisi\u00f3n. De una reuni\u00f3n del organismo estoy seguro que saldr\u00e1n conclusiones importantes para el Partido y el pa\u00eds\u00bb dijo Fern\u00e1ndez Mirabal al programa Matinal 5.<\/p>\n<\/p>\n<p>Exhort\u00f3  a sus compa\u00f1eros de Partido a entender que en los actuales momentos los temas electorales, proselitismo y promociones internas de candidaturas, hacen mucho da\u00f1o a la organizaci\u00f3n.<\/p>\n<\/p>\n<p>\u00abEs el  gobierno del PLD que encabeza el compa\u00f1ero Danilo Medina que tenemos que defender y ayudar: debemos  concentrarnos  en gobernar. Tenemos que entender que estos momentos todos los temas electorales nos hacen da\u00f1o\u00bb apunt\u00f3 Fern\u00e1ndez Mirabal citado por la Secretar\u00eda de Comunicaciones del PLD, hoy.<\/p>\n<\/p>\n<p>El dirigente del PLD entiende que los temas de campa\u00f1as fuera de tiempo s\u00f3lo aleja de lo que debe ser la  tarea mayor  del PLD, como partido de gobierno que es gobernar: \u00abYa que el mejor candidato de un partido en el gobierno es justamente hacer un buen gobierno\u00bb.<\/p>\n<\/p>\n<p>En ese sentido, al referirse a proselitismo, Jaime David Fern\u00e1ndez Mirabal indic\u00f3 que \u00abEso debe venir en el 2019, pero ahora en el 2018 hay que consolidar la obra de gobierno del Partido de la Liberaci\u00f3n Dominicana porque no es un secreto que la estabilidad econ\u00f3mica que hemos tenido en el pa\u00eds es obra del Partido de la Liberaci\u00f3n Dominicana\u00bb, refiri\u00f3.<\/p>\n<\/p>\n<p>En  lo que tiene que ver con  supuesta lucha interna en el PLD, Fern\u00e1ndez Mirabal  dijo que siempre ha habido y hay  diferencias, algo natural por tratarse de la lucha pol\u00edtica y que adem\u00e1s se trata de \u00abuna fuerza activa din\u00e1mica\u00bb, sostuvo para a seguidas destacar la ventaja que ha sido para el PLD saber canalizar esas posiciones diversas y tener un concepto definido de la unidad partidaria.<\/p>\n<\/p>\n<p>Fern\u00e1ndez Mirabal apunt\u00f3  que es una gran responsabilidad del PLD aprobar la Ley de Partidos, y no olvidar que el poder es para transformar la sociedad y sus instituciones.<\/p>\n<\/p>\n<p>Adem\u00e1s, dijo que: debemos reconocer que la estabilidad que hemos logrado en la econom\u00eda, el crecimiento permanente, y el impulso a la educaci\u00f3n, turismo, infraestructura, y la agropecuaria son incuestionable, pero hoy las nuevas generaciones requieren nuevas propuestas y planteamientos desde nuestra clase pol\u00edtica.<\/p>\n<\/p>\n<p>Durante una comparecencia   el dirigente pelede\u00edsta  reafirm\u00f3 su confianza en el PLD, pero reiter\u00f3 que es necesario darle seguimiento a los que acordemos como organizaci\u00f3n, y sigamos firmes en la tarea de gobernar.<\/p>\n<h6> 2018-01-16 13:18:05 <\/h6>\n<p><!--\n<link rel=\"stylesheet\" href=\"css\/bootstrap.min.css\">\n\n\n<ul class=\"pagination\">\n\t    \n\t\n\n<li >\n\t<a href='?page_no=6797'>Previous<\/a>\n\t<\/li>\n\n\n       \n    \n\n<li><a href='?page_no=1'>1<\/a><\/li>\n\n\n\n<li><a href='?page_no=2'>2<\/a><\/li>\n\n\n\n<li><a>...<\/a><\/li>\n\n\n\n<li><a href='?page_no=6796'>6796<\/a><\/li>\n\n\n\n<li><a href='?page_no=6797'>6797<\/a><\/li>\n\n\n\n<li class='active'><a>6798<\/a><\/li>\n\n\n\n<li><a href='?page_no=6799'>6799<\/a><\/li>\n\n\n\n<li><a href='?page_no=6800'>6800<\/a><\/li>\n\n\n\n<li><a>...<\/a><\/li>\n\n\n\n<li><a href='?page_no=36999'>36999<\/a><\/li>\n\n\n\n<li><a href='?page_no=37000'>37000<\/a><\/li>\n\n    \n\t\n\n<li >\n\t<a href='?page_no=6799'>Next<\/a>\n\t<\/li>\n\n\n    \n\n<li><a href='?page_no=37000'>Last &rsaquo;&rsaquo;<\/a><\/li>\n\n<\/ul>\n\n\n--><br \/>\n<\/body><\/p>\n","protected":false},"excerpt":{"rendered":"<p>SANTO DOMINGO, RD, 16 de enero de 2018.- Jaime David Fern\u00e1ndez Mirabal, miembro del Comit\u00e9 Pol\u00edtico del Partido de la Liberaci\u00f3n Dominicana (PLD), considera necesario que ese organismo de direcci\u00f3n partidaria retome sus reuniones ordinarias para abordar los temas de su agenda y darle salida a puntos pendientes como la posici\u00f3n de la organizaci\u00f3n en [&hellip;]<\/p>\n","protected":false},"author":3,"featured_media":0,"comment_status":"open","ping_status":"open","sticky":false,"template":"","format":"standard","meta":{"footnotes":""},"categories":[22],"tags":[],"class_list":["post-171497","post","type-post","status-publish","format-standard","hentry","category-politica"],"_links":{"self":[{"href":"https:\/\/diariodominicano.com\/index.php?rest_route=\/wp\/v2\/posts\/171497","targetHints":{"allow":["GET"]}}],"collection":[{"href":"https:\/\/diariodominicano.com\/index.php?rest_route=\/wp\/v2\/posts"}],"about":[{"href":"https:\/\/diariodominicano.com\/index.php?rest_route=\/wp\/v2\/types\/post"}],"author":[{"embeddable":true,"href":"https:\/\/diariodominicano.com\/index.php?rest_route=\/wp\/v2\/users\/3"}],"replies":[{"embeddable":true,"href":"https:\/\/diariodominicano.com\/index.php?rest_route=%2Fwp%2Fv2%2Fcomments&post=171497"}],"version-history":[{"count":0,"href":"https:\/\/diariodominicano.com\/index.php?rest_route=\/wp\/v2\/posts\/171497\/revisions"}],"wp:attachment":[{"href":"https:\/\/diariodominicano.com\/index.php?rest_route=%2Fwp%2Fv2%2Fmedia&parent=171497"}],"wp:term":[{"taxonomy":"category","embeddable":true,"href":"https:\/\/diariodominicano.com\/index.php?rest_route=%2Fwp%2Fv2%2Fcategories&post=171497"},{"taxonomy":"post_tag","embeddable":true,"href":"https:\/\/diariodominicano.com\/index.php?rest_route=%2Fwp%2Fv2%2Ftags&post=171497"}],"curies":[{"name":"wp","href":"https:\/\/api.w.org\/{rel}","templated":true}]}}