{"id":171495,"date":"2018-01-16T20:00:16","date_gmt":"2018-01-16T20:00:16","guid":{"rendered":"http:\/\/diariodominicano.ddns.net\/?p=171495"},"modified":"2018-01-16T20:00:16","modified_gmt":"2018-01-16T20:00:16","slug":"correa-se-desafilia-de-movimiento-oficialista-alianza-pais-en-ecuador","status":"publish","type":"post","link":"https:\/\/diariodominicano.com\/?p=171495","title":{"rendered":"Correa se desafilia de movimiento oficialista Alianza PAIS en Ecuador"},"content":{"rendered":"<p><body><\/p>\n<p><img decoding=\"async\" src=\"img3\/rafael_correa.jpg_1718483347.jpg\" \/>  <\/p>\n<\/p>\n<\/p>\n<p><strong>   QUITO, 16 ene (Xinhua) &#8212;<\/strong> El ex presidente de Ecuador, Rafael Correa, se desafili\u00f3 hoy martes del movimiento Alianza PAIS, en el poder, con lo cual confirma su ruptura con el oficialismo por diferencias pol\u00edticas con su sucesor y ex aliado, Len\u00edn Moreno.<\/p>\n<\/p>\n<p>   Correa solicit\u00f3 su desafiliaci\u00f3n ante la Delegaci\u00f3n del Consejo Nacional Electoral en la provincia de Los R\u00edos (centro-oeste).<\/p>\n<\/p>\n<p>   \u00abNos han robado el movimiento (Alianza) PAIS, la gente con esto se puede dar cuenta de lo que estamos viviendo. Qui\u00e9n puede negar que somos nosotros los que creamos con mucho esfuerzo ese movimiento legendario\u00bb, declar\u00f3 Correa a periodistas.<\/p>\n<\/p>\n<p>   \u00abHoy por las trampas, por la falta de Estado de derecho, en una decisi\u00f3n monstruosa, el Tribunal Contencioso Electoral se lo regala a Len\u00edn Moreno, que siempre despreci\u00f3 al movimiento\u00bb, agreg\u00f3.  <\/p>\n<\/p>\n<p>   El ex mandatario estuvo acompa\u00f1ado en la diligencia por el ex canciller y ex dirigente de Alianza PAIS, Ricardo Pati\u00f1o, y por la ex ministra de la Secretar\u00eda Nacional de Gesti\u00f3n de la Pol\u00edtica, Paola Pab\u00f3n.<\/p>\n<\/p>\n<p>   Pati\u00f1o y Pab\u00f3n tambi\u00e9n formaron parte del gobierno de Moreno, pero pocos meses despu\u00e9s renunciaron por diferencias pol\u00edticas.<\/p>\n<\/p>\n<p>   La desafiliaci\u00f3n de Correa se produce un d\u00eda despu\u00e9s del que el Tribunal Contencioso Electoral (TCE) ratific\u00f3 que la direcci\u00f3n del movimiento le corresponde a Moreno, cuya administraci\u00f3n inici\u00f3 el pasado 24 de mayo.<\/p>\n<\/p>\n<p>   Tras la decisi\u00f3n de Correa, sus partidarios anunciaron una desafiliaci\u00f3n masiva de Alianza PAIS en las pr\u00f3ximas horas y reiteraron que trabajar\u00e1n para la creaci\u00f3n de otro movimiento, llamado \u00abRevoluci\u00f3n Ciudadana\u00bb.<\/p>\n<\/p>\n<p>   \u00abDijimos vamos a desafiliarnos, en el momento oportuno ser\u00e1 esa desafiliaci\u00f3n y nos desafiliaremos (&#8230;) est\u00e1n en esa conversaci\u00f3n dentro del bur\u00f3 (pol\u00edtico) y dentro de la direcci\u00f3n nacional que tenemos nosotros\u00bb, dijo por su parte a periodistas el asamble\u00edstas oficialista, Mauricio Proa\u00f1o. <\/p>\n<\/p>\n<p>   Desde la llegada al poder de Moreno, ex vicepresidente de Correa de 2007 a 2013, las diferencias entre ambos l\u00edderes precipitaron un distanciamiento, as\u00ed como la ruptura interna de Alianza PAIS.<\/p>\n<\/p>\n<p>   En Alianza PAIS, la principal fuerza pol\u00edtica del pa\u00eds, se crearon dos bandos: unos afines a Moreno llamados \u00abmorenistas\u00bb y otros leales a Correa denominados \u00abcorre\u00edstas\u00bb.<\/p>\n<\/p>\n<p>   Los corre\u00edstas cuestionaron ciertas decisiones de Moreno, como la de abrir un Di\u00e1logo Nacional que incluy\u00f3 a sectores de la oposici\u00f3n y la convocatoria a una consulta popular y referendo para, entre otras cosas, eliminar una enmienda constitucional que permite la reelecci\u00f3n indefinida.<\/p>\n<\/p>\n<p>   Esta enmienda, aprobada en 2015 por la Asamblea Nacional (Legislativo), fue propuesta por el ex presidente Correa.<\/p>\n<\/p>\n<p>   Los \u00abcorre\u00edstas\u00bb consideran la propuesta como una maniobra para inhabilitar a Correa como candidato en las elecciones presidenciales de 2021.<\/p>\n<\/p>\n<p>   El ex mandatario impuls\u00f3 en la \u00faltima d\u00e9cada su proyecto pol\u00edtico \u00abRevoluci\u00f3n Ciudadana\u00bb, enfocado a atender a los m\u00e1s pobres.<\/p>\n<\/p>\n<p>   Correa, quien tras dejar el poder se radic\u00f3 en B\u00e9lgica, se encuentra en Ecuador para impulsar el voto por el \u00abNo\u00bb en la consulta popular y el referendo que se realizar\u00e1n el 4 de febrero. Fin<\/p>\n<\/p>\n<h6> 2018-01-16 20:00:16 <\/h6>\n<p><!--\n<link rel=\"stylesheet\" href=\"css\/bootstrap.min.css\">\n\n\n<ul class=\"pagination\">\n\t    \n\t\n\n<li >\n\t<a href='?page_no=6795'>Previous<\/a>\n\t<\/li>\n\n\n       \n    \n\n<li><a href='?page_no=1'>1<\/a><\/li>\n\n\n\n<li><a href='?page_no=2'>2<\/a><\/li>\n\n\n\n<li><a>...<\/a><\/li>\n\n\n\n<li><a href='?page_no=6794'>6794<\/a><\/li>\n\n\n\n<li><a href='?page_no=6795'>6795<\/a><\/li>\n\n\n\n<li class='active'><a>6796<\/a><\/li>\n\n\n\n<li><a href='?page_no=6797'>6797<\/a><\/li>\n\n\n\n<li><a href='?page_no=6798'>6798<\/a><\/li>\n\n\n\n<li><a>...<\/a><\/li>\n\n\n\n<li><a href='?page_no=36999'>36999<\/a><\/li>\n\n\n\n<li><a href='?page_no=37000'>37000<\/a><\/li>\n\n    \n\t\n\n<li >\n\t<a href='?page_no=6797'>Next<\/a>\n\t<\/li>\n\n\n    \n\n<li><a href='?page_no=37000'>Last &rsaquo;&rsaquo;<\/a><\/li>\n\n<\/ul>\n\n\n--><br \/>\n<\/body><\/p>\n","protected":false},"excerpt":{"rendered":"<p>QUITO, 16 ene (Xinhua) &#8212; El ex presidente de Ecuador, Rafael Correa, se desafili\u00f3 hoy martes del movimiento Alianza PAIS, en el poder, con lo cual confirma su ruptura con el oficialismo por diferencias pol\u00edticas con su sucesor y ex aliado, Len\u00edn Moreno. Correa solicit\u00f3 su desafiliaci\u00f3n ante la Delegaci\u00f3n del Consejo Nacional Electoral en [&hellip;]<\/p>\n","protected":false},"author":3,"featured_media":0,"comment_status":"open","ping_status":"open","sticky":false,"template":"","format":"standard","meta":{"footnotes":""},"categories":[22],"tags":[],"class_list":["post-171495","post","type-post","status-publish","format-standard","hentry","category-politica"],"_links":{"self":[{"href":"https:\/\/diariodominicano.com\/index.php?rest_route=\/wp\/v2\/posts\/171495","targetHints":{"allow":["GET"]}}],"collection":[{"href":"https:\/\/diariodominicano.com\/index.php?rest_route=\/wp\/v2\/posts"}],"about":[{"href":"https:\/\/diariodominicano.com\/index.php?rest_route=\/wp\/v2\/types\/post"}],"author":[{"embeddable":true,"href":"https:\/\/diariodominicano.com\/index.php?rest_route=\/wp\/v2\/users\/3"}],"replies":[{"embeddable":true,"href":"https:\/\/diariodominicano.com\/index.php?rest_route=%2Fwp%2Fv2%2Fcomments&post=171495"}],"version-history":[{"count":0,"href":"https:\/\/diariodominicano.com\/index.php?rest_route=\/wp\/v2\/posts\/171495\/revisions"}],"wp:attachment":[{"href":"https:\/\/diariodominicano.com\/index.php?rest_route=%2Fwp%2Fv2%2Fmedia&parent=171495"}],"wp:term":[{"taxonomy":"category","embeddable":true,"href":"https:\/\/diariodominicano.com\/index.php?rest_route=%2Fwp%2Fv2%2Fcategories&post=171495"},{"taxonomy":"post_tag","embeddable":true,"href":"https:\/\/diariodominicano.com\/index.php?rest_route=%2Fwp%2Fv2%2Ftags&post=171495"}],"curies":[{"name":"wp","href":"https:\/\/api.w.org\/{rel}","templated":true}]}}