{"id":171494,"date":"2018-01-17T11:55:12","date_gmt":"2018-01-17T11:55:12","guid":{"rendered":"http:\/\/diariodominicano.ddns.net\/?p=171494"},"modified":"2018-01-17T11:55:12","modified_gmt":"2018-01-17T11:55:12","slug":"bloque-prsc-reintroduce-proyectos-ley-electoral-y-partidos-politicos","status":"publish","type":"post","link":"https:\/\/diariodominicano.com\/?p=171494","title":{"rendered":"Bloque PRSC reintroduce proyectos ley electoral y partidos pol\u00edticos"},"content":{"rendered":"<p><body><\/p>\n<p><img decoding=\"async\" src=\"img3\/gena01.jpg\" \/>  <\/p>\n<p>El Bloque del Partido Reformista Social Cristiano (PRSC) reintrodujo hoy al Congreso Nacional los proyectos de Ley Electoral  y de Partidos y Agrupaciones Pol\u00edticas, recientemente perimidos en las C\u00e1maras Legislativas.<\/p>\n<\/p>\n<p>En ruedas de prensa el vocero de los diputados reformistas M\u00e1ximo Castro Silverio, acompa\u00f1ado del Secretario General de la Organizaci\u00f3n, Rogelio Genao, anunci\u00f3 que ante la negativa de la Junta Central Electoral de reintroducirlo, el PRSC decidi\u00f3 hacer el redep\u00f3sito de las piezas legislativas en la C\u00e1mara de Diputados.<\/p>\n<\/p>\n<p>El Partido Reformista fue el pionero, el primer proponente en el 2002 de la Transformaci\u00f3n del r\u00e9gimen electoral y de una Ley de Partido&#8230; adem\u00e1s de los promotores m\u00e1s militantes en las comisiones del Congreso y en las mesas de dialogo que ha habido para consensuarlas.<\/p>\n<\/p>\n<p>Castro Silverio se\u00f1alo que su organizaci\u00f3n reitera el llamado a una gran cumbre del liderazgo pol\u00edtico, encabezada por el presidente Danilo Medina, para junto con la JCE, el TSE Y la Sociedad, establecer los acuerdos que permitan la aprobaci\u00f3n de ambas piezas, dentro de la Legislatura que inicia el pr\u00f3ximo 27 de Febrero.<\/p>\n<\/p>\n<p>De su lado el Secretario General Reformista Rogelio Genao expres\u00f3 \u00a8Sin un nuevo marco normativo y regulatorio en materia electoral, previo a las elecciones del 2020; no deber\u00eda haber elecciones como lo ha afirmado recientemente Daniel Zovatto, pues tendr\u00edamos lo mismos vicios de procesos anteriores y no podr\u00edamos pedirles a la JCE y al TSE un arbitraje eficiente de los comicios por la ausencia de normas y los desfases que existen en nuestra pobre Legislaci\u00f3n electoral actual.<\/p>\n<\/p>\n<p>\u00a8La clase pol\u00edtica debe desistir de proyectos presidenciales extempor\u00e1neos y precandidaturas anticipadas y concentrarse en pactar la transformaci\u00f3n de nuestro colapsado sistema electoral, por el bien la democracia\u00a8. Concluy\u00f3 Castro Silverio.<\/p>\n<h6> 2018-01-17 11:55:12 <\/h6>\n<p><!--\n<link rel=\"stylesheet\" href=\"css\/bootstrap.min.css\">\n\n\n<ul class=\"pagination\">\n\t    \n\t\n\n<li >\n\t<a href='?page_no=6794'>Previous<\/a>\n\t<\/li>\n\n\n       \n    \n\n<li><a href='?page_no=1'>1<\/a><\/li>\n\n\n\n<li><a href='?page_no=2'>2<\/a><\/li>\n\n\n\n<li><a>...<\/a><\/li>\n\n\n\n<li><a href='?page_no=6793'>6793<\/a><\/li>\n\n\n\n<li><a href='?page_no=6794'>6794<\/a><\/li>\n\n\n\n<li class='active'><a>6795<\/a><\/li>\n\n\n\n<li><a href='?page_no=6796'>6796<\/a><\/li>\n\n\n\n<li><a href='?page_no=6797'>6797<\/a><\/li>\n\n\n\n<li><a>...<\/a><\/li>\n\n\n\n<li><a href='?page_no=36999'>36999<\/a><\/li>\n\n\n\n<li><a href='?page_no=37000'>37000<\/a><\/li>\n\n    \n\t\n\n<li >\n\t<a href='?page_no=6796'>Next<\/a>\n\t<\/li>\n\n\n    \n\n<li><a href='?page_no=37000'>Last &rsaquo;&rsaquo;<\/a><\/li>\n\n<\/ul>\n\n\n--><br \/>\n<\/body><\/p>\n","protected":false},"excerpt":{"rendered":"<p>El Bloque del Partido Reformista Social Cristiano (PRSC) reintrodujo hoy al Congreso Nacional los proyectos de Ley Electoral y de Partidos y Agrupaciones Pol\u00edticas, recientemente perimidos en las C\u00e1maras Legislativas. En ruedas de prensa el vocero de los diputados reformistas M\u00e1ximo Castro Silverio, acompa\u00f1ado del Secretario General de la Organizaci\u00f3n, Rogelio Genao, anunci\u00f3 que ante [&hellip;]<\/p>\n","protected":false},"author":3,"featured_media":0,"comment_status":"open","ping_status":"open","sticky":false,"template":"","format":"standard","meta":{"footnotes":""},"categories":[22],"tags":[],"class_list":["post-171494","post","type-post","status-publish","format-standard","hentry","category-politica"],"_links":{"self":[{"href":"https:\/\/diariodominicano.com\/index.php?rest_route=\/wp\/v2\/posts\/171494","targetHints":{"allow":["GET"]}}],"collection":[{"href":"https:\/\/diariodominicano.com\/index.php?rest_route=\/wp\/v2\/posts"}],"about":[{"href":"https:\/\/diariodominicano.com\/index.php?rest_route=\/wp\/v2\/types\/post"}],"author":[{"embeddable":true,"href":"https:\/\/diariodominicano.com\/index.php?rest_route=\/wp\/v2\/users\/3"}],"replies":[{"embeddable":true,"href":"https:\/\/diariodominicano.com\/index.php?rest_route=%2Fwp%2Fv2%2Fcomments&post=171494"}],"version-history":[{"count":0,"href":"https:\/\/diariodominicano.com\/index.php?rest_route=\/wp\/v2\/posts\/171494\/revisions"}],"wp:attachment":[{"href":"https:\/\/diariodominicano.com\/index.php?rest_route=%2Fwp%2Fv2%2Fmedia&parent=171494"}],"wp:term":[{"taxonomy":"category","embeddable":true,"href":"https:\/\/diariodominicano.com\/index.php?rest_route=%2Fwp%2Fv2%2Fcategories&post=171494"},{"taxonomy":"post_tag","embeddable":true,"href":"https:\/\/diariodominicano.com\/index.php?rest_route=%2Fwp%2Fv2%2Ftags&post=171494"}],"curies":[{"name":"wp","href":"https:\/\/api.w.org\/{rel}","templated":true}]}}